{"id":10286,"date":"2021-03-02T14:00:00","date_gmt":"2021-03-02T13:00:00","guid":{"rendered":"https:\/\/www.vispronet.de\/blog\/?p=10286"},"modified":"2025-02-28T10:57:19","modified_gmt":"2025-02-28T09:57:19","slug":"industriekaufmann-ausbildung","status":"publish","type":"post","link":"https:\/\/www.vispronet.de\/blog\/industriekaufmann-ausbildung\/","title":{"rendered":"Industriekaufmann (m\/w\/d) &#8211; Ausbildung vorgestellt"},"content":{"rendered":"\n<p>Dich interessieren betriebswirtschaftliche Prozesse? Aber ein Studium kommt erstmal nicht in Frage f\u00fcr dich? Dann ist sicher die Ausbildung zum <strong>Industriekaufmann (m\/w\/d)<\/strong> eine interessante Alternative. In unserem Blog-Beitrag erf\u00e4hrst du alle wichtigen Fakten zu dieser Lehrausbildung.<\/p>\n\n\n\n<div class=\"wp-block-columns are-vertically-aligned-center has-vispronet-blue-background-color has-background is-layout-flex wp-container-core-columns-is-layout-9d6595d7 wp-block-columns-is-layout-flex\">\n<div class=\"wp-block-column is-vertically-aligned-center is-layout-flow wp-block-column-is-layout-flow\"><style>.wp-block-kadence-icon.kt-svg-icons10286_cd51b1-4b{justify-content:center;}<\/style>\n<div class=\"wp-block-kadence-icon kt-svg-icons kt-svg-icons10286_cd51b1-4b alignnone\"><style>.kt-svg-item-10286_298704-3b .kb-svg-icon-wrap, .kt-svg-style-stacked.kt-svg-item-10286_298704-3b .kb-svg-icon-wrap{color:rgb(255, 255, 255);font-size:55px;}<\/style>\n<div class=\"wp-block-kadence-single-icon kt-svg-style-default kt-svg-icon-wrap kt-svg-item-10286_298704-3b\"><span class=\"kb-svg-icon-wrap kb-svg-icon-fas_road\"><svg viewBox=\"0 0 576 512\"  fill=\"currentColor\" xmlns=\"http:\/\/www.w3.org\/2000\/svg\"  aria-hidden=\"true\"><path d=\"M573.19 402.67l-139.79-320C428.43 71.29 417.6 64 405.68 64h-97.59l2.45 23.16c.5 4.72-3.21 8.84-7.96 8.84h-29.16c-4.75 0-8.46-4.12-7.96-8.84L267.91 64h-97.59c-11.93 0-22.76 7.29-27.73 18.67L2.8 402.67C-6.45 423.86 8.31 448 30.54 448h196.84l10.31-97.68c.86-8.14 7.72-14.32 15.91-14.32h68.8c8.19 0 15.05 6.18 15.91 14.32L348.62 448h196.84c22.23 0 36.99-24.14 27.73-45.33zM260.4 135.16a8 8 0 0 1 7.96-7.16h39.29c4.09 0 7.53 3.09 7.96 7.16l4.6 43.58c.75 7.09-4.81 13.26-11.93 13.26h-40.54c-7.13 0-12.68-6.17-11.93-13.26l4.59-43.58zM315.64 304h-55.29c-9.5 0-16.91-8.23-15.91-17.68l5.07-48c.86-8.14 7.72-14.32 15.91-14.32h45.15c8.19 0 15.05 6.18 15.91 14.32l5.07 48c1 9.45-6.41 17.68-15.91 17.68z\"\/><\/svg><\/span><\/div>\n<\/div>\n\n\n\n<p class=\"has-text-align-center has-white-color has-text-color has-medium-font-size\"><strong>Bildungsweg<\/strong><br><span class=\"has-inline-color has-vispronet-blue-color\">_<\/span><\/p>\n\n\n\n<p class=\"has-text-align-center has-white-color has-text-color has-medium-font-size\">Duale Ausbildung<\/p>\n<\/div>\n\n\n\n<div class=\"wp-block-column is-vertically-aligned-center is-layout-flow wp-block-column-is-layout-flow\"><style>.wp-block-kadence-icon.kt-svg-icons10286_6977fa-e0{justify-content:center;}<\/style>\n<div class=\"wp-block-kadence-icon kt-svg-icons kt-svg-icons10286_6977fa-e0 alignnone\"><style>.kt-svg-item-10286_2d465c-5b .kb-svg-icon-wrap, .kt-svg-style-stacked.kt-svg-item-10286_2d465c-5b .kb-svg-icon-wrap{color:rgb(255, 255, 255);font-size:50px;}<\/style>\n<div class=\"wp-block-kadence-single-icon kt-svg-style-default kt-svg-icon-wrap kt-svg-item-10286_2d465c-5b\"><span class=\"kb-svg-icon-wrap kb-svg-icon-fas_briefcase\"><svg viewBox=\"0 0 512 512\"  fill=\"currentColor\" xmlns=\"http:\/\/www.w3.org\/2000\/svg\"  aria-hidden=\"true\"><path d=\"M320 288h192v144c0 26.51-21.49 48-48 48H48c-26.51 0-48-21.49-48-48V288h192v20c0 6.627 5.373 12 12 12h104c6.627 0 12-5.373 12-12v-20zm192-112v80H0v-80c0-26.51 21.49-48 48-48h80V80c0-26.51 21.49-48 48-48h160c26.51 0 48 21.49 48 48v48h80c26.51 0 48 21.49 48 48zM320 96H192v32h128V96z\"\/><\/svg><\/span><\/div>\n<\/div>\n\n\n\n<p class=\"has-text-align-center has-white-color has-text-color has-medium-font-size\"><strong>Empfohlener<\/strong><br><strong>Bildungsabschluss<\/strong><\/p>\n\n\n\n<p class=\"has-text-align-center has-white-color has-text-color has-medium-font-size\">Abitur \/ Realschule<\/p>\n<\/div>\n\n\n\n<div class=\"wp-block-column is-vertically-aligned-center is-layout-flow wp-block-column-is-layout-flow\"><style>.wp-block-kadence-icon.kt-svg-icons10286_5bc772-15{justify-content:center;}<\/style>\n<div class=\"wp-block-kadence-icon kt-svg-icons kt-svg-icons10286_5bc772-15 alignnone\"><style>.kt-svg-item-10286_54a580-5c .kb-svg-icon-wrap, .kt-svg-style-stacked.kt-svg-item-10286_54a580-5c .kb-svg-icon-wrap{color:rgb(255, 255, 255);font-size:50px;}<\/style>\n<div class=\"wp-block-kadence-single-icon kt-svg-style-default kt-svg-icon-wrap kt-svg-item-10286_54a580-5c\"><span class=\"kb-svg-icon-wrap kb-svg-icon-fas_stopwatch\"><svg viewBox=\"0 0 448 512\"  fill=\"currentColor\" xmlns=\"http:\/\/www.w3.org\/2000\/svg\"  aria-hidden=\"true\"><path d=\"M432 304c0 114.9-93.1 208-208 208S16 418.9 16 304c0-104 76.3-190.2 176-205.5V64h-28c-6.6 0-12-5.4-12-12V12c0-6.6 5.4-12 12-12h120c6.6 0 12 5.4 12 12v40c0 6.6-5.4 12-12 12h-28v34.5c37.5 5.8 71.7 21.6 99.7 44.6l27.5-27.5c4.7-4.7 12.3-4.7 17 0l28.3 28.3c4.7 4.7 4.7 12.3 0 17l-29.4 29.4-.6.6C419.7 223.3 432 262.2 432 304zm-176 36V188.5c0-6.6-5.4-12-12-12h-40c-6.6 0-12 5.4-12 12V340c0 6.6 5.4 12 12 12h40c6.6 0 12-5.4 12-12z\"\/><\/svg><\/span><\/div>\n<\/div>\n\n\n\n<p class=\"has-text-align-center has-white-color has-text-color has-medium-font-size\"><strong>Ausbildungsdauer<\/strong><br><span class=\"has-inline-color has-vispronet-blue-color\">_<\/span><\/p>\n\n\n\n<p class=\"has-text-align-center has-white-color has-text-color has-medium-font-size\">3 Jahre<\/p>\n<\/div>\n<\/div>\n\n\n\n<ul class=\"wp-block-list index\">\n<li>Was sind deine Aufgaben als Industriekaufmann (m\/w\/d)?<\/li>\n\n\n\n<li>Wie sieht dein Arbeitsbereich aus?<\/li>\n\n\n\n<li>Wie ist die Ausbildung zum Industriekaufmann (m\/w\/d) gestaltet?<\/li>\n\n\n\n<li>Welche Voraussetzungen bringst du mit?<\/li>\n\n\n\n<li>Interview &#8211; Erfahrungsbericht zur Ausbildung &#8211; wir fragen Azubis<\/li>\n\n\n\n<li>Der Beruf Industriekaufmann (m\/w\/d) ist etwas f\u00fcr dich, wenn&#8230;<\/li>\n<\/ul>\n\n\n\n<h2 class=\"wp-block-heading\">Was sind deine Aufgaben als Industrie<em>&shy;<\/em>kaufmann (m\/w\/d)?<\/h2>\n\n\n\n<ul class=\"wp-block-list\">\n<li>Als Industriekaufmann (m\/w\/d) befasst du dich mit allen kaufm\u00e4nnischen und betriebswirtschaftlichen Abl\u00e4ufen in der Firma.<\/li>\n\n\n\n<li>Dabei bekommst du Einblicke in alle Prozesse vom Wareneingang, \u00fcber Marketing-Kampagnen bis zur Buchhaltung.<\/li>\n\n\n\n<li>Der Schwerpunkt deiner Ausbildung liegt aber im Bereich Vertrieb. Auf diesem Weg lernst du alles zu den Themen Akquirierung, Beratung und Betreuung von Kunden &#8211; ein wirklich umfangreiches Arbeitsfeld.<\/li>\n\n\n\n<li>Wenn du deine Einarbeitung abgeschlossen hast, betreust du selbstst\u00e4ndig eigene Projekte.<\/li>\n\n\n\n<li>Dabei z\u00e4hlen Auftragsbearbeitung, Abwicklung und \u00dcberwachung zu Deinen Aufgaben.<\/li>\n<\/ul>\n\n\n\n<h2 class=\"wp-block-heading has-text-align-left\">Wie sieht dein Arbeitsbereich aus?<\/h2>\n\n\n\n<div class=\"wp-block-columns is-layout-flex wp-container-core-columns-is-layout-9d6595d7 wp-block-columns-is-layout-flex\">\n<div class=\"wp-block-column is-layout-flow wp-block-column-is-layout-flow\"><\/div>\n\n\n\n<div class=\"wp-block-column is-vertically-aligned-center is-layout-flow wp-block-column-is-layout-flow\" style=\"flex-basis:55%\">\n<ul id=\"block-d05f549c-f1be-4194-bec6-fd80335e8a46\" class=\"wp-block-list\">\n<li>Du arbeitest im B\u00fcro. Computer und Telefon sind dabei deine wichtigsten Arbeitsmittel.<\/li>\n\n\n\n<li>Au\u00dferdem nutzt du die betriebliche Software zur Eingabe, \u00dcberwachung und Steuerung deiner Arbeit.<\/li>\n<\/ul>\n<\/div>\n\n\n\n<div class=\"wp-block-column is-vertically-aligned-center is-layout-flow wp-block-column-is-layout-flow\" style=\"flex-basis:45%\"><div class=\"wp-block-image\">\n<figure class=\"aligncenter size-large\"><img loading=\"lazy\" decoding=\"async\" width=\"800\" height=\"600\" src=\"https:\/\/www.vispronet.de\/blog\/wp-content\/uploads\/industriekauffrau-kundenberatung.jpg\" alt=\"Industriekauffrau Kundenberatung\" class=\"wp-image-11041\" srcset=\"https:\/\/www.vispronet.de\/blog\/wp-content\/uploads\/industriekauffrau-kundenberatung.jpg 800w, https:\/\/www.vispronet.de\/blog\/wp-content\/uploads\/industriekauffrau-kundenberatung-768x576.jpg 768w, https:\/\/www.vispronet.de\/blog\/wp-content\/uploads\/industriekauffrau-kundenberatung-300x225.jpg 300w, https:\/\/www.vispronet.de\/blog\/wp-content\/uploads\/industriekauffrau-kundenberatung-440x330.jpg 440w\" sizes=\"auto, (max-width: 800px) 100vw, 800px\" \/><\/figure>\n<\/div><\/div>\n<\/div>\n\n\n\n<div class=\"wp-block-columns has-infobox-bg-background-color has-background is-layout-flex wp-container-core-columns-is-layout-9d6595d7 wp-block-columns-is-layout-flex\">\n<div class=\"wp-block-column is-vertically-aligned-center is-layout-flow wp-block-column-is-layout-flow\" style=\"flex-basis:10%\"><style>.wp-block-kadence-icon.kt-svg-icons10286_8f79ac-50{justify-content:center;}<\/style>\n<div class=\"wp-block-kadence-icon kt-svg-icons kt-svg-icons10286_8f79ac-50 alignnone\"><style>.kt-svg-item-10286_2c3bc0-ab .kb-svg-icon-wrap, .kt-svg-style-stacked.kt-svg-item-10286_2c3bc0-ab .kb-svg-icon-wrap{color:rgb(0, 98, 161);font-size:50px;}<\/style>\n<div class=\"wp-block-kadence-single-icon kt-svg-style-default kt-svg-icon-wrap kt-svg-item-10286_2c3bc0-ab\"><span class=\"kb-svg-icon-wrap kb-svg-icon-ic_circleRight\"><svg viewBox=\"0 0 8 8\"  fill=\"currentColor\" xmlns=\"http:\/\/www.w3.org\/2000\/svg\"  aria-hidden=\"true\"><path d=\"M4 0c-2.21 0-4 1.79-4 4s1.79 4 4 4 4-1.79 4-4-1.79-4-4-4zm0 1l3 3-3 3v-2h-3v-2h3v-2z\"\/><\/svg><\/span><\/div>\n<\/div>\n<\/div>\n\n\n\n<div class=\"wp-block-column is-vertically-aligned-center is-layout-flow wp-block-column-is-layout-flow\" style=\"flex-basis:90%\">\n<p>Doch lieber was Handwerkliches lernen? Wie w\u00e4re es mit der <a href=\"\/blog\/technischer-konfektionaer-ausbildung\/\" target=\"_blank\" rel=\"noreferrer noopener\">Ausbildung zum Technischen Konfektion\u00e4r<\/a> (m\/w\/d)? Viele kreative und spannende Inhalte bietet der Beruf <a href=\"\/blog\/mediengestalter-digital-print-ausbildung\/\">Mediengestalter f\u00fcr Digital und Print <\/a>(m\/w\/d).<\/p>\n<\/div>\n<\/div>\n\n\n\n<h2 class=\"wp-block-heading has-text-align-left\">Wie ist die Ausbildung zum Industrie<em>&shy;<\/em>kaufmann (m\/w\/d) gestaltet?<\/h2>\n\n\n\n<div class=\"wp-block-columns is-layout-flex wp-container-core-columns-is-layout-9d6595d7 wp-block-columns-is-layout-flex\">\n<div class=\"wp-block-column is-vertically-aligned-center is-layout-flow wp-block-column-is-layout-flow\" style=\"flex-basis:45%\"><div class=\"wp-block-image\">\n<figure class=\"aligncenter size-large\"><img loading=\"lazy\" decoding=\"async\" width=\"800\" height=\"600\" src=\"https:\/\/www.vispronet.de\/blog\/wp-content\/uploads\/industriekauffrau-marketing.jpg\" alt=\"Industriekauffrau Marketing\" class=\"wp-image-11043\" srcset=\"https:\/\/www.vispronet.de\/blog\/wp-content\/uploads\/industriekauffrau-marketing.jpg 800w, https:\/\/www.vispronet.de\/blog\/wp-content\/uploads\/industriekauffrau-marketing-768x576.jpg 768w, https:\/\/www.vispronet.de\/blog\/wp-content\/uploads\/industriekauffrau-marketing-300x225.jpg 300w, https:\/\/www.vispronet.de\/blog\/wp-content\/uploads\/industriekauffrau-marketing-440x330.jpg 440w\" sizes=\"auto, (max-width: 800px) 100vw, 800px\" \/><\/figure>\n<\/div><\/div>\n\n\n\n<div class=\"wp-block-column is-vertically-aligned-center is-layout-flow wp-block-column-is-layout-flow\" style=\"flex-basis:55%\">\n<ul class=\"wp-block-list\">\n<li>Die duale Ausbildung zum Industriekaufmann (m\/w\/d) dauert 3 Jahre.<\/li>\n\n\n\n<li>W\u00f6chentlich besuchst du zwei Tage die Berufsschule. Dar\u00fcber hinaus findet an den restlichen Tagen die praktische Ausbildung in Kamenz statt.<\/li>\n\n\n\n<li>Au\u00dferdem durchl\u00e4ufst du w\u00e4hrend deiner Zeit im Betrieb verschiedene Abteilungen. Damit erarbeitest du dir ein gro\u00dfes Wissensspektrum.<\/li>\n\n\n\n<li>Deine Berufsschule ist das BSZ Konrad Zuse in Hoyerswerda.<\/li>\n<\/ul>\n\n\n\n<p><\/p>\n<\/div>\n<\/div>\n\n\n\n<div class=\"wp-block-columns are-vertically-aligned-center has-infobox-bg-background-color has-background is-layout-flex wp-container-core-columns-is-layout-9d6595d7 wp-block-columns-is-layout-flex\">\n<div class=\"wp-block-column is-vertically-aligned-center is-layout-flow wp-block-column-is-layout-flow\" style=\"flex-basis:10%\"><style>.wp-block-kadence-icon.kt-svg-icons10286_40ba68-38{justify-content:center;}<\/style>\n<div class=\"wp-block-kadence-icon kt-svg-icons kt-svg-icons10286_40ba68-38 alignnone\"><style>.kt-svg-item-10286_755847-c7 .kb-svg-icon-wrap, .kt-svg-style-stacked.kt-svg-item-10286_755847-c7 .kb-svg-icon-wrap{color:rgb(0, 98, 161);font-size:50px;}<\/style>\n<div class=\"wp-block-kadence-single-icon kt-svg-style-default kt-svg-icon-wrap kt-svg-item-10286_755847-c7\"><span class=\"kb-svg-icon-wrap kb-svg-icon-fas_info-circle\"><svg viewBox=\"0 0 512 512\"  fill=\"currentColor\" xmlns=\"http:\/\/www.w3.org\/2000\/svg\"  aria-hidden=\"true\"><path d=\"M256 8C119.043 8 8 119.083 8 256c0 136.997 111.043 248 248 248s248-111.003 248-248C504 119.083 392.957 8 256 8zm0 110c23.196 0 42 18.804 42 42s-18.804 42-42 42-42-18.804-42-42 18.804-42 42-42zm56 254c0 6.627-5.373 12-12 12h-88c-6.627 0-12-5.373-12-12v-24c0-6.627 5.373-12 12-12h12v-64h-12c-6.627 0-12-5.373-12-12v-24c0-6.627 5.373-12 12-12h64c6.627 0 12 5.373 12 12v100h12c6.627 0 12 5.373 12 12v24z\"\/><\/svg><\/span><\/div>\n<\/div>\n<\/div>\n\n\n\n<div class=\"wp-block-column is-vertically-aligned-center is-layout-flow wp-block-column-is-layout-flow\" style=\"flex-basis:90%\">\n<p>Hier geht&#8217;s zur <a href=\"https:\/\/www.gesetze-im-internet.de\/indkflausbv\/\" target=\"_blank\" rel=\"noreferrer noopener\">Ver<em>&shy;<\/em>ordnung \u00fcber die Berufs<em>&shy;<\/em>aus<em>&shy;<\/em>bildung zum Industrie<em>&shy;<\/em>kauf<em>&shy;<\/em>mann\/zur Industrie<em>&shy;<\/em>kauf<em>&shy;<\/em>frau<\/a>.<\/p>\n<\/div>\n<\/div>\n\n\n\n<h2 class=\"wp-block-heading\">Welche Voraussetzungen bringst du mit?<\/h2>\n\n\n\n<ul class=\"wp-block-list\">\n<li>Du kannst Abitur oder einen guten Realschulabschluss vorweisen.<\/li>\n\n\n\n<li>Besonders leicht fallen dir dabei Mathematik, Deutsch und Fremdsprachen. <\/li>\n\n\n\n<li>Au\u00dferdem interessieren Dich kaufm\u00e4nnische Abl\u00e4ufe und das aktuelle Wirtschaftsgeschehen.<\/li>\n\n\n\n<li>Nat\u00fcrlich arbeitest Du gern am Computer und bringst dabei im besten Fall schon einige Erfahrungen mit Word und Excel mit.<\/li>\n\n\n\n<li>Weiterhin geh\u00f6ren schnelle Auffassungsgabe und nat\u00fcrlich Zuverl\u00e4ssigkeit zu deinen St\u00e4rken.<\/li>\n\n\n\n<li>Du bist kommunikativ und arbeitest gern mit Menschen.<\/li>\n<\/ul>\n\n\n\n<div style=\"height:20px\" aria-hidden=\"true\" class=\"wp-block-spacer\"><\/div>\n\n\n\n<div class=\"wp-block-columns has-background is-layout-flex wp-container-core-columns-is-layout-9d6595d7 wp-block-columns-is-layout-flex\" id=\"admi05\" style=\"background:linear-gradient(135deg,rgb(146,209,248) 0%,rgb(221,242,255) 40%)\">\n<div class=\"wp-block-column is-vertically-aligned-center is-layout-flow wp-block-column-is-layout-flow\" style=\"flex-basis:20%\"><style>.kt-svg-icons_b12ce3-16 .kt-svg-item-0 .kb-svg-icon-wrap{color:rgb(0, 98, 161);font-size:80px;}.wp-block-kadence-icon.kt-svg-icons_b12ce3-16{justify-content:center;}<\/style>\n<div class=\"wp-block-kadence-icon kt-svg-icons kt-svg-icons_b12ce3-16 aligncenter\" style=\"text-align:center\"><div class=\"kt-svg-style-default kt-svg-icon-wrap kt-svg-item-0\"><div style=\"display:inline-flex;justify-content:center;align-items:center;color:rgb(0, 98, 161)\" class=\"kt-svg-icon kt-svg-icon-ic_microphone\"><svg style=\"display:inline-block;vertical-align:middle\" viewbox=\"0 0 8 8\" height=\"80\" width=\"80\" fill=\"currentColor\" xmlns=\"http:\/\/www.w3.org\/2000\/svg\" aria-hidden=\"true\"><path d=\"M2.91-.03a1 1 0 0 0-.13.03 1 1 0 0 0-.78 1v2a1 1 0 1 0 2 0v-2a1 1 0 0 0-1.09-1.03zm-2.56 2.03a.5.5 0 0 0-.34.5v.5c0 1.48 1.09 2.69 2.5 2.94v1.06h-.5c-.55 0-1 .45-1 1h4.01c0-.55-.45-1-1-1h-.5v-1.06c1.41-.24 2.5-1.46 2.5-2.94v-.5a.5.5 0 1 0-1 0v.5c0 1.11-.89 2-2 2-1.11 0-2-.89-2-2v-.5a.5.5 0 0 0-.59-.5.5.5 0 0 0-.06 0z\" transform=\"translate(1)\"><\/path><\/svg><\/div><\/div><\/div>\n<\/div>\n\n\n\n<div class=\"wp-block-column is-vertically-aligned-top is-layout-flow wp-block-column-is-layout-flow\" style=\"flex-basis:80%\">\n<h3 class=\"has-text-align-center wp-block-heading\"><strong>Interview<\/strong><\/h3>\n\n\n\n<p class=\"has-text-align-center has-sehr-dunkles-grau-color has-text-color\"><mark style=\"background-color:rgba(0, 0, 0, 0)\" class=\"has-inline-color has-vispronet-blue-color\">Erfahrungsbericht zur Ausbildung &#8211; wir fragen Azubis<\/mark><\/p>\n<\/div>\n<\/div>\n\n\n\n<p>Wir fragen <strong>Julia<em> <\/em><\/strong>und <strong>Jessica<\/strong> dazu. Beide sind im zweiten Ausbildungsjahr zur Industriekauffrau.<\/p>\n\n\n<style>.wp-block-kadence-iconlist.kt-svg-icon-list-items10286_fe65df-a9:not(.this-stops-third-party-issues){margin-top:0px;margin-bottom:0px;}.wp-block-kadence-iconlist.kt-svg-icon-list-items10286_fe65df-a9 ul.kt-svg-icon-list:not(.this-prevents-issues):not(.this-stops-third-party-issues):not(.tijsloc){margin-top:0px;margin-right:0px;margin-bottom:10px;margin-left:0px;}.wp-block-kadence-iconlist.kt-svg-icon-list-items10286_fe65df-a9 ul.kt-svg-icon-list{grid-row-gap:5px;}.wp-block-kadence-iconlist.kt-svg-icon-list-items10286_fe65df-a9 ul.kt-svg-icon-list .kt-svg-icon-list-item-wrap .kt-svg-icon-list-single{margin-right:10px;}<\/style>\n<div class=\"wp-block-kadence-iconlist kt-svg-icon-list-items kt-svg-icon-list-items10286_fe65df-a9 kt-svg-icon-list-columns-1 alignnone kt-list-icon-aligntop\"><ul class=\"kt-svg-icon-list\"><style>.kt-svg-icon-list-item-10286_39dc4a-05 .kt-svg-icon-list-single{font-size:20px !important;color:rgb(0, 98, 161) !important;}.kt-svg-icon-list-item-10286_39dc4a-05 .kt-svg-icon-list-text mark.kt-highlight{background-color:unset;font-style:normal;color:#f76a0c;-webkit-box-decoration-break:clone;box-decoration-break:clone;padding-top:0px;padding-right:0px;padding-bottom:0px;padding-left:0px;}<\/style>\n<li class=\"wp-block-kadence-listitem kt-svg-icon-list-item-wrap kt-svg-icon-list-item-10286_39dc4a-05 kt-svg-icon-list-style-default\"><span class=\"kb-svg-icon-wrap kb-svg-icon-ic_microphone kt-svg-icon-list-single\"><svg viewBox=\"0 0 8 8\"  fill=\"currentColor\" xmlns=\"http:\/\/www.w3.org\/2000\/svg\"  aria-hidden=\"true\"><path d=\"M2.91-.03a1 1 0 0 0-.13.03 1 1 0 0 0-.78 1v2a1 1 0 1 0 2 0v-2a1 1 0 0 0-1.09-1.03zm-2.56 2.03a.5.5 0 0 0-.34.5v.5c0 1.48 1.09 2.69 2.5 2.94v1.06h-.5c-.55 0-1 .45-1 1h4.01c0-.55-.45-1-1-1h-.5v-1.06c1.41-.24 2.5-1.46 2.5-2.94v-.5a.5.5 0 1 0-1 0v.5c0 1.11-.89 2-2 2-1.11 0-2-.89-2-2v-.5a.5.5 0 0 0-.59-.5.5.5 0 0 0-.06 0z\" transform=\"translate(1)\"\/><\/svg><\/span><span class=\"kt-svg-icon-list-text\"><span style=\"background-color:rgba(0, 0, 0, 0)\" class=\"has-inline-color has-vispronet-blue-color\">Wie seid Ihr auf den Beruf Industriekauffrau gekommen?<\/span><br>&#8211;<br><em><strong>Jessica:<\/strong> Mir wurden bei schulischen Veranstaltungen und vom Praxisberater kaufm\u00e4nnische Berufe n\u00e4her gebracht. In welcher Richtung meine Ausbildung sp\u00e4ter gehen soll, war mir schon sehr fr\u00fch klar. Das hat sich auch wenig ge\u00e4ndert. Verschiedene Praktika und die Fachoberschule in der Richtung Wirtschaft\/Verwaltung, einschlie\u00dflich Praktikum, konnten meine Vorstellungen verst\u00e4rken.<\/em><br>&#8211;<br><em><strong>Julia: <\/strong>Ich habe mir so ungef\u00e4hr ein Jahr vor Ausbildungsbeginn Gedanken \u00fcber meine berufliche Zukunft gemacht. Schlie\u00dflich war mir klar, dass meine Interessen im Berufsfeld &#8222;Industriekauffrau&#8220; liegen. Durch Recherchen im Internet bin ich dann auf die Firma \u201eSachsen Fahnen\u201c aufmerksam geworden.<\/em><br>&#8211;<\/span><\/li>\n\n\n<style>.kt-svg-icon-list-item-10286_f9c3b8-7b .kt-svg-icon-list-single{font-size:20px !important;color:rgb(0, 98, 161) !important;}.kt-svg-icon-list-item-10286_f9c3b8-7b .kt-svg-icon-list-text mark.kt-highlight{background-color:unset;font-style:normal;color:#f76a0c;-webkit-box-decoration-break:clone;box-decoration-break:clone;padding-top:0px;padding-right:0px;padding-bottom:0px;padding-left:0px;}<\/style>\n<li class=\"wp-block-kadence-listitem kt-svg-icon-list-item-wrap kt-svg-icon-list-item-10286_f9c3b8-7b kt-svg-icon-list-style-default\"><span class=\"kb-svg-icon-wrap kb-svg-icon-ic_microphone kt-svg-icon-list-single\"><svg viewBox=\"0 0 8 8\"  fill=\"currentColor\" xmlns=\"http:\/\/www.w3.org\/2000\/svg\"  aria-hidden=\"true\"><path d=\"M2.91-.03a1 1 0 0 0-.13.03 1 1 0 0 0-.78 1v2a1 1 0 1 0 2 0v-2a1 1 0 0 0-1.09-1.03zm-2.56 2.03a.5.5 0 0 0-.34.5v.5c0 1.48 1.09 2.69 2.5 2.94v1.06h-.5c-.55 0-1 .45-1 1h4.01c0-.55-.45-1-1-1h-.5v-1.06c1.41-.24 2.5-1.46 2.5-2.94v-.5a.5.5 0 1 0-1 0v.5c0 1.11-.89 2-2 2-1.11 0-2-.89-2-2v-.5a.5.5 0 0 0-.59-.5.5.5 0 0 0-.06 0z\" transform=\"translate(1)\"\/><\/svg><\/span><span class=\"kt-svg-icon-list-text\"><span style=\"background-color:rgba(0, 0, 0, 0)\" class=\"has-inline-color has-vispronet-blue-color\">Welche Erwartungen und Vorstellungen hattet Ihr im Vorfeld an Eure Ausbildung?<\/span><br>&#8211;<br><em><strong>Jessica:<\/strong> Ich wollte eine Ausbildung, die mir langfristig etwas bringt, abwechslungsreich ist und verantwortungsvolle Aufgaben beinhaltet. Dabei wollte ich die t\u00e4glichen Aufgaben der Mitarbeiter kennenlernen, um auch in diese eigenen Einblick zu bekommen.<br>&#8211;<br><strong>Julia: <\/strong>Bei der Ausbildung waren gutes Betriebsklima und Arbeitsatmosph\u00e4re ein ma\u00dfgebender Punkt. &nbsp;Die Firma sollte mich bei Aufstiegsm\u00f6glichkeiten und Weiterbildung unterst\u00fctzen. Besonders wichtig war mir aber, dass uns anspruchsvolle Aufgaben gestellt werden.<\/em><br>&#8211;<\/span><\/li>\n<\/ul><\/div>\n\n\n\n<div class=\"wp-block-columns are-vertically-aligned-center is-layout-flex wp-container-core-columns-is-layout-9d6595d7 wp-block-columns-is-layout-flex\">\n<div class=\"wp-block-column is-vertically-aligned-center is-layout-flow wp-block-column-is-layout-flow\">\n<blockquote class=\"wp-block-quote has-text-align-left is-style-large is-layout-flow wp-block-quote-is-layout-flow\">\n<p><span style=\"background-color:rgba(0, 0, 0, 0)\" class=\"has-inline-color has-vispronet-blue-color\">Einen anderen Beruf kann ich mir nicht vorstellen.<\/span><\/p>\n<cite>Jessica, 2. Ausbildungsjahr,<br>Industriekauffrau<\/cite><\/blockquote>\n<\/div>\n\n\n\n<div class=\"wp-block-column is-vertically-aligned-center is-layout-flow wp-block-column-is-layout-flow\"><div class=\"wp-block-image\">\n<figure class=\"aligncenter size-large\"><a href=\"https:\/\/www.vispronet.de\/blog\/wp-content\/uploads\/industriekauffrau-jessica.jpg\" data-rel=\"lightbox-image-0\" data-magnific_type=\"image\" data-rl_title=\"\" data-rl_caption=\"\" title=\"\"><img loading=\"lazy\" decoding=\"async\" width=\"800\" height=\"600\" src=\"https:\/\/www.vispronet.de\/blog\/wp-content\/uploads\/industriekauffrau-jessica.jpg\" alt=\"Industriekauffrau Buchhaltung\" class=\"wp-image-11037\" srcset=\"https:\/\/www.vispronet.de\/blog\/wp-content\/uploads\/industriekauffrau-jessica.jpg 800w, https:\/\/www.vispronet.de\/blog\/wp-content\/uploads\/industriekauffrau-jessica-768x576.jpg 768w, https:\/\/www.vispronet.de\/blog\/wp-content\/uploads\/industriekauffrau-jessica-300x225.jpg 300w, https:\/\/www.vispronet.de\/blog\/wp-content\/uploads\/industriekauffrau-jessica-440x330.jpg 440w\" sizes=\"auto, (max-width: 800px) 100vw, 800px\" \/><\/a><\/figure>\n<\/div>\n\n\n<p><\/p>\n<\/div>\n<\/div>\n\n\n<style>.wp-block-kadence-iconlist.kt-svg-icon-list-items10286_29abca-46:not(.this-stops-third-party-issues){margin-top:0px;margin-bottom:0px;}.wp-block-kadence-iconlist.kt-svg-icon-list-items10286_29abca-46 ul.kt-svg-icon-list:not(.this-prevents-issues):not(.this-stops-third-party-issues):not(.tijsloc){margin-top:0px;margin-right:0px;margin-bottom:10px;margin-left:0px;}.wp-block-kadence-iconlist.kt-svg-icon-list-items10286_29abca-46 ul.kt-svg-icon-list{grid-row-gap:5px;}.wp-block-kadence-iconlist.kt-svg-icon-list-items10286_29abca-46 ul.kt-svg-icon-list .kt-svg-icon-list-item-wrap .kt-svg-icon-list-single{margin-right:10px;}<\/style>\n<div class=\"wp-block-kadence-iconlist kt-svg-icon-list-items kt-svg-icon-list-items10286_29abca-46 kt-svg-icon-list-columns-1 alignnone kt-list-icon-aligntop\"><ul class=\"kt-svg-icon-list\"><style>.kt-svg-icon-list-item-10286_46c17c-c3 .kt-svg-icon-list-single{font-size:20px !important;color:rgb(0, 98, 161) !important;}.kt-svg-icon-list-item-10286_46c17c-c3 .kt-svg-icon-list-text mark.kt-highlight{background-color:unset;font-style:normal;color:#f76a0c;-webkit-box-decoration-break:clone;box-decoration-break:clone;padding-top:0px;padding-right:0px;padding-bottom:0px;padding-left:0px;}<\/style>\n<li class=\"wp-block-kadence-listitem kt-svg-icon-list-item-wrap kt-svg-icon-list-item-10286_46c17c-c3 kt-svg-icon-list-style-default\"><span class=\"kb-svg-icon-wrap kb-svg-icon-ic_microphone kt-svg-icon-list-single\"><svg viewBox=\"0 0 8 8\"  fill=\"currentColor\" xmlns=\"http:\/\/www.w3.org\/2000\/svg\"  aria-hidden=\"true\"><path d=\"M2.91-.03a1 1 0 0 0-.13.03 1 1 0 0 0-.78 1v2a1 1 0 1 0 2 0v-2a1 1 0 0 0-1.09-1.03zm-2.56 2.03a.5.5 0 0 0-.34.5v.5c0 1.48 1.09 2.69 2.5 2.94v1.06h-.5c-.55 0-1 .45-1 1h4.01c0-.55-.45-1-1-1h-.5v-1.06c1.41-.24 2.5-1.46 2.5-2.94v-.5a.5.5 0 1 0-1 0v.5c0 1.11-.89 2-2 2-1.11 0-2-.89-2-2v-.5a.5.5 0 0 0-.59-.5.5.5 0 0 0-.06 0z\" transform=\"translate(1)\"\/><\/svg><\/span><span class=\"kt-svg-icon-list-text\"><span style=\"background-color:rgba(0, 0, 0, 0)\" class=\"has-inline-color has-vispronet-blue-color\">Welche Aufgaben bekommt Ihr als Azubi bei Sachsen Fahnen?<\/span><br>&#8211;<br><em><strong><span style=\"background-color:rgba(0, 0, 0, 0)\" class=\"has-inline-color has-vispronet-blue-color\">Jessica: <\/span><\/strong> Im Einkauf lege ich Produktionsauftr\u00e4ge an, vervollst\u00e4ndige Bestellungen und buche den Produktzugang. Au\u00dferdem werden t\u00e4glich Umlagerungen angelegt und Einkaufspreise verhandelt.<br>Im Verkauf schreibe ich Angebote f\u00fcr Kunden und lege Auftr\u00e4ge an. Dabei beantworte ich Kunden-Fragen zu Angeboten, Auftr\u00e4gen und Lieferungen.<br>Seit kurzem bin ich in der Buchhaltung t\u00e4tig. Hier stelle ich Rechnungen aus und befasse mich mit den Zahlungen der Kunden.<br>&#8211;<br><strong><span style=\"background-color:rgba(0, 0, 0, 0)\" class=\"has-inline-color has-vispronet-blue-color\">Julia: <\/span><\/strong>Im 1. Lehrjahr wurde ich im Vertrieb eingesetzt. Ich durfte Angebote eingegeben, Auftr\u00e4ge angelegen und Kunden beraten. Im 2. Lehrjahr sind wir Auszubildenden im Durchlauf. Das bedeutet, wir bekommen Einblicke in andere Abteilungen. Dabei war meine erste Station das Marketing. Dort versuchte ich mich beispielsweise im Schreiben von Werbetexten. Au\u00dferdem durfte ich im Reputationsmanagement mitarbeiten und Aktionen im Direkt-Marketing vorbereiten.<\/em><br>&#8211;<br><\/span><\/li>\n\n\n<style>.kt-svg-icon-list-item-10286_0454b2-e5 .kt-svg-icon-list-single{font-size:20px !important;color:rgb(0, 98, 161) !important;}.kt-svg-icon-list-item-10286_0454b2-e5 .kt-svg-icon-list-text mark.kt-highlight{background-color:unset;font-style:normal;color:#f76a0c;-webkit-box-decoration-break:clone;box-decoration-break:clone;padding-top:0px;padding-right:0px;padding-bottom:0px;padding-left:0px;}<\/style>\n<li class=\"wp-block-kadence-listitem kt-svg-icon-list-item-wrap kt-svg-icon-list-item-10286_0454b2-e5 kt-svg-icon-list-style-default\"><span class=\"kb-svg-icon-wrap kb-svg-icon-ic_microphone kt-svg-icon-list-single\"><svg viewBox=\"0 0 8 8\"  fill=\"currentColor\" xmlns=\"http:\/\/www.w3.org\/2000\/svg\"  aria-hidden=\"true\"><path d=\"M2.91-.03a1 1 0 0 0-.13.03 1 1 0 0 0-.78 1v2a1 1 0 1 0 2 0v-2a1 1 0 0 0-1.09-1.03zm-2.56 2.03a.5.5 0 0 0-.34.5v.5c0 1.48 1.09 2.69 2.5 2.94v1.06h-.5c-.55 0-1 .45-1 1h4.01c0-.55-.45-1-1-1h-.5v-1.06c1.41-.24 2.5-1.46 2.5-2.94v-.5a.5.5 0 1 0-1 0v.5c0 1.11-.89 2-2 2-1.11 0-2-.89-2-2v-.5a.5.5 0 0 0-.59-.5.5.5 0 0 0-.06 0z\" transform=\"translate(1)\"\/><\/svg><\/span><span class=\"kt-svg-icon-list-text\"><span style=\"background-color:rgba(0, 0, 0, 0)\" class=\"has-inline-color has-vispronet-blue-color\">K\u00f6nnt Ihr Euch mit eigenen Ideen und Vorstellungen einbringen?<\/span><br>&#8211;<br><em><strong><span style=\"background-color:rgba(0, 0, 0, 0)\" class=\"has-inline-color has-vispronet-blue-color\">Jessica:<\/span> <\/strong>Ich habe schon kleine Einblicke in die Entstehung neuer Produkte bekommen. Wenn neue Lieferanten gesucht werden, ist die Recherche ein Teil meiner Aufgabe. Au\u00dferdem konnte ich im Verkauf Kunden Vorschl\u00e4ge zu Produkten und m\u00f6glichen Ausf\u00fchrungen unterbreiten.<\/em><br>&#8211;<br><strong><em><span style=\"background-color:rgba(0, 0, 0, 0)\" class=\"has-inline-color has-vispronet-blue-color\">Julia:<\/span><\/em><\/strong> <em>Im Verkauf war dies leider nicht m\u00f6glich. Aber im Marketing konnte ich viele Ideen mit einbringen, die auch teilweise umgesetzt wurden.<\/em><br>&#8211;<br><\/span><\/li>\n\n\n<style>.kt-svg-icon-list-item-10286_f98803-ff .kt-svg-icon-list-single{font-size:20px !important;color:rgb(0, 98, 161) !important;}.kt-svg-icon-list-item-10286_f98803-ff .kt-svg-icon-list-text mark.kt-highlight{background-color:unset;font-style:normal;color:#f76a0c;-webkit-box-decoration-break:clone;box-decoration-break:clone;padding-top:0px;padding-right:0px;padding-bottom:0px;padding-left:0px;}<\/style>\n<li class=\"wp-block-kadence-listitem kt-svg-icon-list-item-wrap kt-svg-icon-list-item-10286_f98803-ff kt-svg-icon-list-style-default\"><span class=\"kb-svg-icon-wrap kb-svg-icon-ic_microphone kt-svg-icon-list-single\"><svg viewBox=\"0 0 8 8\"  fill=\"currentColor\" xmlns=\"http:\/\/www.w3.org\/2000\/svg\"  aria-hidden=\"true\"><path d=\"M2.91-.03a1 1 0 0 0-.13.03 1 1 0 0 0-.78 1v2a1 1 0 1 0 2 0v-2a1 1 0 0 0-1.09-1.03zm-2.56 2.03a.5.5 0 0 0-.34.5v.5c0 1.48 1.09 2.69 2.5 2.94v1.06h-.5c-.55 0-1 .45-1 1h4.01c0-.55-.45-1-1-1h-.5v-1.06c1.41-.24 2.5-1.46 2.5-2.94v-.5a.5.5 0 1 0-1 0v.5c0 1.11-.89 2-2 2-1.11 0-2-.89-2-2v-.5a.5.5 0 0 0-.59-.5.5.5 0 0 0-.06 0z\" transform=\"translate(1)\"\/><\/svg><\/span><span class=\"kt-svg-icon-list-text\"><span style=\"background-color:rgba(0, 0, 0, 0)\" class=\"has-inline-color has-vispronet-blue-color\">Bekommt Ihr Hilfe von Euren Ausbildern?<\/span><br>&#8211;<br><em><strong><span style=\"background-color:rgba(0, 0, 0, 0)\" class=\"has-inline-color has-vispronet-blue-color\">Jessica: <\/span><\/strong>Wenn ich Fragen bei meinen Schulaufgaben habe, kann ich jederzeit um Hilfe fragen. Nat\u00fcrlich auch wenn es um die Arbeit geht. Es treten t\u00e4glich auch mal Fragen auf, zu denen bekomme &nbsp;ich dann auch sofort Hilfe oder eine Antwort.<br>&#8211;<br><strong><span style=\"background-color:rgba(0, 0, 0, 0)\" class=\"has-inline-color has-vispronet-blue-color\">Julia: <\/span><\/strong>Im praktischen, als auch im theoretischen Bereich wird man von allen Seiten unterst\u00fctzt. Bei Unklarheiten bekomme ich sofort eine aufschlussreiche Antwort.<\/em><br>&#8211;<br><\/span><\/li>\n\n\n<style>.kt-svg-icon-list-item-10286_dc1a37-0b .kt-svg-icon-list-single{font-size:20px !important;color:rgb(0, 98, 161) !important;}.kt-svg-icon-list-item-10286_dc1a37-0b .kt-svg-icon-list-text mark.kt-highlight{background-color:unset;font-style:normal;color:#f76a0c;-webkit-box-decoration-break:clone;box-decoration-break:clone;padding-top:0px;padding-right:0px;padding-bottom:0px;padding-left:0px;}<\/style>\n<li class=\"wp-block-kadence-listitem kt-svg-icon-list-item-wrap kt-svg-icon-list-item-10286_dc1a37-0b kt-svg-icon-list-style-default\"><span class=\"kb-svg-icon-wrap kb-svg-icon-ic_microphone kt-svg-icon-list-single\"><svg viewBox=\"0 0 8 8\"  fill=\"currentColor\" xmlns=\"http:\/\/www.w3.org\/2000\/svg\"  aria-hidden=\"true\"><path d=\"M2.91-.03a1 1 0 0 0-.13.03 1 1 0 0 0-.78 1v2a1 1 0 1 0 2 0v-2a1 1 0 0 0-1.09-1.03zm-2.56 2.03a.5.5 0 0 0-.34.5v.5c0 1.48 1.09 2.69 2.5 2.94v1.06h-.5c-.55 0-1 .45-1 1h4.01c0-.55-.45-1-1-1h-.5v-1.06c1.41-.24 2.5-1.46 2.5-2.94v-.5a.5.5 0 1 0-1 0v.5c0 1.11-.89 2-2 2-1.11 0-2-.89-2-2v-.5a.5.5 0 0 0-.59-.5.5.5 0 0 0-.06 0z\" transform=\"translate(1)\"\/><\/svg><\/span><span class=\"kt-svg-icon-list-text\"><span style=\"background-color:rgba(0, 0, 0, 0)\" class=\"has-inline-color has-vispronet-blue-color\">Seid Ihr zufrieden mit Eurer Berufswahl?<\/span><br>&#8211;<br><em><strong><span style=\"background-color:rgba(0, 0, 0, 0)\" class=\"has-inline-color has-vispronet-blue-color\">Jessica: <\/span><\/strong>Ich bin sehr zufrieden und einen anderen Beruf kann ich mir immer noch nicht vorstellen. <br>&#8211;<br><strong><span style=\"background-color:rgba(0, 0, 0, 0)\" class=\"has-inline-color has-vispronet-blue-color\">Julia: <\/span><\/strong>Positiv ist mir aufgefallen, dass meine Arbeit, nicht nur mit einem Feedback bewertet, sondern von vielen Kollegen mit einem Lob Wertgesch\u00e4tzt wird. Ich konnte mich auch mit vielen Ideen einbringen. Das ist mir sehr wichtig in meinem Beruf.<\/em><br>&#8211;<br><\/span><\/li>\n\n\n<style>.kt-svg-icon-list-item-10286_d0e185-d6 .kt-svg-icon-list-single{font-size:20px !important;color:rgb(0, 98, 161) !important;}.kt-svg-icon-list-item-10286_d0e185-d6 .kt-svg-icon-list-text mark.kt-highlight{background-color:unset;font-style:normal;color:#f76a0c;-webkit-box-decoration-break:clone;box-decoration-break:clone;padding-top:0px;padding-right:0px;padding-bottom:0px;padding-left:0px;}<\/style>\n<li class=\"wp-block-kadence-listitem kt-svg-icon-list-item-wrap kt-svg-icon-list-item-10286_d0e185-d6 kt-svg-icon-list-style-default\"><span class=\"kb-svg-icon-wrap kb-svg-icon-ic_microphone kt-svg-icon-list-single\"><svg viewBox=\"0 0 8 8\"  fill=\"currentColor\" xmlns=\"http:\/\/www.w3.org\/2000\/svg\"  aria-hidden=\"true\"><path d=\"M2.91-.03a1 1 0 0 0-.13.03 1 1 0 0 0-.78 1v2a1 1 0 1 0 2 0v-2a1 1 0 0 0-1.09-1.03zm-2.56 2.03a.5.5 0 0 0-.34.5v.5c0 1.48 1.09 2.69 2.5 2.94v1.06h-.5c-.55 0-1 .45-1 1h4.01c0-.55-.45-1-1-1h-.5v-1.06c1.41-.24 2.5-1.46 2.5-2.94v-.5a.5.5 0 1 0-1 0v.5c0 1.11-.89 2-2 2-1.11 0-2-.89-2-2v-.5a.5.5 0 0 0-.59-.5.5.5 0 0 0-.06 0z\" transform=\"translate(1)\"\/><\/svg><\/span><span class=\"kt-svg-icon-list-text\"><span style=\"background-color:rgba(0, 0, 0, 0)\" class=\"has-inline-color has-vispronet-blue-color\">Was w\u00fcnscht Ihr Euch f\u00fcr Eure Ausbildung noch? Habt Ihr Verbesserungsvorschl\u00e4ge?<br>&#8211;<\/span><br><em><strong><span style=\"background-color:rgba(0, 0, 0, 0)\" class=\"has-inline-color has-vispronet-blue-color\">Jessica: <\/span><\/strong>Im Allgemeinen bin ich sehr zufrieden. Viele Kollegen nehmen dich selbstverst\u00e4ndlich auch als Azubi als vollwertigen Mitarbeiter wahr, was hilft und auch motiviert. Ich w\u00fcrde mir w\u00fcnschen, dass diese Einstellung \u00fcberall herrscht.<\/em><br>&#8211;<br><em><strong><span style=\"background-color:rgba(0, 0, 0, 0)\" class=\"has-inline-color has-vispronet-blue-color\">Julia: <\/span><\/strong> Nat\u00fcrlich sind wir als Azubis noch in der Lernphase. Darum machen wir ja eine Ausbildung. Das vergessen die Leute mitunter. Aber es gibt auch viele Kollegen, die uns bei jeder Gelegenheit unterst\u00fctzen.<\/em><br>&#8211;<br><\/span><\/li>\n\n\n<style>.kt-svg-icon-list-item-10286_096e26-e8 .kt-svg-icon-list-single{font-size:20px !important;color:rgb(0, 98, 161) !important;}.kt-svg-icon-list-item-10286_096e26-e8 .kt-svg-icon-list-text mark.kt-highlight{background-color:unset;font-style:normal;color:#f76a0c;-webkit-box-decoration-break:clone;box-decoration-break:clone;padding-top:0px;padding-right:0px;padding-bottom:0px;padding-left:0px;}<\/style>\n<li class=\"wp-block-kadence-listitem kt-svg-icon-list-item-wrap kt-svg-icon-list-item-10286_096e26-e8 kt-svg-icon-list-style-default\"><span class=\"kb-svg-icon-wrap kb-svg-icon-ic_microphone kt-svg-icon-list-single\"><svg viewBox=\"0 0 8 8\"  fill=\"currentColor\" xmlns=\"http:\/\/www.w3.org\/2000\/svg\"  aria-hidden=\"true\"><path d=\"M2.91-.03a1 1 0 0 0-.13.03 1 1 0 0 0-.78 1v2a1 1 0 1 0 2 0v-2a1 1 0 0 0-1.09-1.03zm-2.56 2.03a.5.5 0 0 0-.34.5v.5c0 1.48 1.09 2.69 2.5 2.94v1.06h-.5c-.55 0-1 .45-1 1h4.01c0-.55-.45-1-1-1h-.5v-1.06c1.41-.24 2.5-1.46 2.5-2.94v-.5a.5.5 0 1 0-1 0v.5c0 1.11-.89 2-2 2-1.11 0-2-.89-2-2v-.5a.5.5 0 0 0-.59-.5.5.5 0 0 0-.06 0z\" transform=\"translate(1)\"\/><\/svg><\/span><span class=\"kt-svg-icon-list-text\"><span style=\"background-color:rgba(0, 0, 0, 0)\" class=\"has-inline-color has-vispronet-blue-color\">Welchen Tipp gebt Ihr anderen Jugendlichen bei der Berufswahl mit?<\/span><br>&#8211;<br><em><strong><span style=\"background-color:rgba(0, 0, 0, 0)\" class=\"has-inline-color has-vispronet-blue-color\">Jessica: <\/span><\/strong><\/em> <em>Du solltest dich ausreichend und rechtzeitig informieren. Lass dir Tipps aus der Familie oder von Freunden geben, die ihre Ausbildung schon erfolgreich gefunden haben.<br>Nutze viele M\u00f6glichkeiten. Such dir auch mal in den Ferien einen Praktikumsplatz. So kannst du viel mehr Berufe erkunden, als es dir die Schule erm\u00f6glicht. Nutze diese Chance. Der Beruf sollte dir schlie\u00dflich sp\u00e4ter immer noch gefallen.<\/em><br>&#8211;<br><em><strong><span style=\"background-color:rgba(0, 0, 0, 0)\" class=\"has-inline-color has-vispronet-blue-color\">Julia: <\/span><\/strong>Lass dich nie entmutigen! Lehrjahre sind keine Herrenjahre. Aber es gibt in dieser Zeit auch sehr sch\u00f6ne Momente! \ud83d\ude09<\/em><br>&#8211;<br><\/span><\/li>\n<\/ul><\/div>\n\n\n\n<div class=\"wp-block-columns are-vertically-aligned-center is-layout-flex wp-container-core-columns-is-layout-9d6595d7 wp-block-columns-is-layout-flex\">\n<div class=\"wp-block-column is-vertically-aligned-center is-layout-flow wp-block-column-is-layout-flow\"><div class=\"wp-block-image\">\n<figure class=\"aligncenter size-large\"><a href=\"https:\/\/www.vispronet.de\/blog\/wp-content\/uploads\/industriekauffrau-julia.jpg\" data-rel=\"lightbox-image-1\" data-magnific_type=\"image\" data-rl_title=\"\" data-rl_caption=\"\" title=\"\"><img loading=\"lazy\" decoding=\"async\" width=\"800\" height=\"600\" src=\"https:\/\/www.vispronet.de\/blog\/wp-content\/uploads\/industriekauffrau-julia.jpg\" alt=\"Industriekaufmann\" class=\"wp-image-11039\" srcset=\"https:\/\/www.vispronet.de\/blog\/wp-content\/uploads\/industriekauffrau-julia.jpg 800w, https:\/\/www.vispronet.de\/blog\/wp-content\/uploads\/industriekauffrau-julia-768x576.jpg 768w, https:\/\/www.vispronet.de\/blog\/wp-content\/uploads\/industriekauffrau-julia-300x225.jpg 300w, https:\/\/www.vispronet.de\/blog\/wp-content\/uploads\/industriekauffrau-julia-440x330.jpg 440w\" sizes=\"auto, (max-width: 800px) 100vw, 800px\" \/><\/a><\/figure>\n<\/div><\/div>\n\n\n\n<div class=\"wp-block-column is-vertically-aligned-center is-layout-flow wp-block-column-is-layout-flow\">\n<p><\/p>\n\n\n\n<blockquote class=\"wp-block-quote has-text-align-left is-style-large is-layout-flow wp-block-quote-is-layout-flow\">\n<p><span style=\"background-color:rgba(0, 0, 0, 0)\" class=\"has-inline-color has-vispronet-blue-color\">Im Mar&shy;ke&shy;ting konn<em>&shy;<\/em>te ich viele Ideen einbringen.<\/span><\/p>\n<cite>Julia, 2. Ausbildungsjahr,<br>Industriekauffrau<\/cite><\/blockquote>\n<\/div>\n<\/div>\n\n\n\n<div class=\"wp-block-columns is-layout-flex wp-container-core-columns-is-layout-9d6595d7 wp-block-columns-is-layout-flex\">\n<div class=\"wp-block-column is-layout-flow wp-block-column-is-layout-flow\" style=\"flex-basis:100%\"><\/div>\n<\/div>\n\n\n\n<h2 class=\"wp-block-heading\">Der Beruf Industriekaufmann (m\/w\/d) ist etwas f\u00fcr Dich, wenn&#8230;<\/h2>\n\n\n\n<p class=\"has-text-align-center\">\u2026Du gern mit Zahlen, Tabellen und Preisen arbeitest.<br>\u2026Du gern am Computer und Telefon sitzt.<br>\u2026Du Dich gut ausdr\u00fccken kannst.<br>\u2026Du ein Organisationstalent bist und konzentriert und sorgf\u00e4ltig arbeitest.<\/p>\n\n\n\n<hr class=\"wp-block-separator has-css-opacity\"\/>\n\n\n\n<h3 class=\"wp-block-heading\">M\u00f6chtest du als Organisationstalent bei Sachsen Fahnen arbeiten?<\/h3>\n\n\n\n<p>Dann bewirb Dich f\u00fcr eine Ausbildung als <strong><a href=\"https:\/\/www.sachsenfahnen.de\/karriere\/a-industriekaufmann\/\" target=\"_blank\" rel=\"noreferrer noopener\">Industrie<em>&shy;<\/em>kaufmann (m\/w\/d)<\/a><\/strong>. Wir sind gespannt, Dich kennen zu lernen.<\/p>\n\n\n\n<p>Doch noch nicht die richtigen Aufgaben? Sachsen Fahnen und <a href=\"https:\/\/www.vispronet.de\/\" target=\"_blank\" rel=\"noreferrer noopener\">Vispronet<sup>\u00ae<\/sup><\/a> bietet noch viele weitere interessante <a href=\"https:\/\/www.vispronet.de\/blog\/ausbildung-bei-sachsen-fahnen-vispronet\/\" target=\"_blank\" rel=\"noreferrer noopener\">Ausbildungsberufe<\/a> an.<\/p>\n","protected":false},"excerpt":{"rendered":"<p>Wir stellen Dir die Ausbildung zum Industriekaufmann (m\/w\/d) vor. Erfahre alle wichtigen Details.<\/p>\n","protected":false},"author":25,"featured_media":11045,"comment_status":"open","ping_status":"open","sticky":false,"template":"","format":"standard","meta":{"footnotes":""},"categories":[63],"tags":[441,653,617,645,643,641,639,615],"class_list":["post-10286","post","type-post","status-publish","format-standard","has-post-thumbnail","hentry","category-insight","tag-ausbildung","tag-beruf","tag-berufsausbildung","tag-industrie-kauffrau","tag-industrie-kaufmann","tag-industriekauffrau","tag-industriekaufmann","tag-karriere"],"_links":{"self":[{"href":"https:\/\/www.vispronet.de\/blog\/wp-json\/wp\/v2\/posts\/10286","targetHints":{"allow":["GET"]}}],"collection":[{"href":"https:\/\/www.vispronet.de\/blog\/wp-json\/wp\/v2\/posts"}],"about":[{"href":"https:\/\/www.vispronet.de\/blog\/wp-json\/wp\/v2\/types\/post"}],"author":[{"embeddable":true,"href":"https:\/\/www.vispronet.de\/blog\/wp-json\/wp\/v2\/users\/25"}],"replies":[{"embeddable":true,"href":"https:\/\/www.vispronet.de\/blog\/wp-json\/wp\/v2\/comments?post=10286"}],"version-history":[{"count":53,"href":"https:\/\/www.vispronet.de\/blog\/wp-json\/wp\/v2\/posts\/10286\/revisions"}],"predecessor-version":[{"id":27022,"href":"https:\/\/www.vispronet.de\/blog\/wp-json\/wp\/v2\/posts\/10286\/revisions\/27022"}],"wp:featuredmedia":[{"embeddable":true,"href":"https:\/\/www.vispronet.de\/blog\/wp-json\/wp\/v2\/media\/11045"}],"wp:attachment":[{"href":"https:\/\/www.vispronet.de\/blog\/wp-json\/wp\/v2\/media?parent=10286"}],"wp:term":[{"taxonomy":"category","embeddable":true,"href":"https:\/\/www.vispronet.de\/blog\/wp-json\/wp\/v2\/categories?post=10286"},{"taxonomy":"post_tag","embeddable":true,"href":"https:\/\/www.vispronet.de\/blog\/wp-json\/wp\/v2\/tags?post=10286"}],"curies":[{"name":"wp","href":"https:\/\/api.w.org\/{rel}","templated":true}]}}