{"id":10453,"date":"2021-04-15T14:00:00","date_gmt":"2021-04-15T12:00:00","guid":{"rendered":"https:\/\/www.vispronet.de\/blog\/?p=10453"},"modified":"2023-08-16T14:11:02","modified_gmt":"2023-08-16T12:11:02","slug":"fachlagerist-ausbildung","status":"publish","type":"post","link":"https:\/\/www.vispronet.de\/blog\/fachlagerist-ausbildung\/","title":{"rendered":"Fachlagerist (m\/w\/d) &#8211; Ausbildung vorgestellt"},"content":{"rendered":"\n<p>Die richtige Ausbildung zu finden, ist keine leichte Aufgabe f\u00fcr einen jungen Erwachsenen. Wir stellen Dir heute die Ausbildung zum <strong>Fachlagerist (m\/w\/d)<\/strong> vor. Au\u00dferdem steht Dir nach dem erfolgreichen Abschluss der Weg zur Weiterbildung als <strong>Fachkraft f\u00fcr Lagerlogistik (m\/w\/d)<\/strong> offen. Erfahre mehr \u00fcber diesen Berufsweg.<\/p>\n\n\n\n<div class=\"wp-block-columns are-vertically-aligned-center has-vispronet-blue-background-color has-background is-layout-flex wp-container-core-columns-is-layout-9d6595d7 wp-block-columns-is-layout-flex\">\n<div class=\"wp-block-column is-vertically-aligned-center is-layout-flow wp-block-column-is-layout-flow\"><style>.wp-block-kadence-icon.kt-svg-icons10453_6c2bec-ef{justify-content:center;}<\/style>\n<div class=\"wp-block-kadence-icon kt-svg-icons kt-svg-icons10453_6c2bec-ef alignnone\"><style>.kt-svg-item-10453_cc93c2-2e .kb-svg-icon-wrap, .kt-svg-style-stacked.kt-svg-item-10453_cc93c2-2e .kb-svg-icon-wrap{color:rgb(255, 255, 255);font-size:55px;}<\/style>\n<div class=\"wp-block-kadence-single-icon kt-svg-style-default kt-svg-icon-wrap kt-svg-item-10453_cc93c2-2e\"><span class=\"kb-svg-icon-wrap kb-svg-icon-fas_road\"><svg viewBox=\"0 0 576 512\"  fill=\"currentColor\" xmlns=\"http:\/\/www.w3.org\/2000\/svg\"  aria-hidden=\"true\"><path d=\"M573.19 402.67l-139.79-320C428.43 71.29 417.6 64 405.68 64h-97.59l2.45 23.16c.5 4.72-3.21 8.84-7.96 8.84h-29.16c-4.75 0-8.46-4.12-7.96-8.84L267.91 64h-97.59c-11.93 0-22.76 7.29-27.73 18.67L2.8 402.67C-6.45 423.86 8.31 448 30.54 448h196.84l10.31-97.68c.86-8.14 7.72-14.32 15.91-14.32h68.8c8.19 0 15.05 6.18 15.91 14.32L348.62 448h196.84c22.23 0 36.99-24.14 27.73-45.33zM260.4 135.16a8 8 0 0 1 7.96-7.16h39.29c4.09 0 7.53 3.09 7.96 7.16l4.6 43.58c.75 7.09-4.81 13.26-11.93 13.26h-40.54c-7.13 0-12.68-6.17-11.93-13.26l4.59-43.58zM315.64 304h-55.29c-9.5 0-16.91-8.23-15.91-17.68l5.07-48c.86-8.14 7.72-14.32 15.91-14.32h45.15c8.19 0 15.05 6.18 15.91 14.32l5.07 48c1 9.45-6.41 17.68-15.91 17.68z\"\/><\/svg><\/span><\/div>\n<\/div>\n\n\n\n<p class=\"has-text-align-center has-white-color has-text-color has-medium-font-size\"><strong>Bildungsweg<\/strong><br><span class=\"has-inline-color has-vispronet-blue-color\">_<\/span><\/p>\n\n\n\n<p class=\"has-text-align-center has-white-color has-text-color has-medium-font-size\">Duale Ausbildung<\/p>\n<\/div>\n\n\n\n<div class=\"wp-block-column is-vertically-aligned-center is-layout-flow wp-block-column-is-layout-flow\"><style>.wp-block-kadence-icon.kt-svg-icons10453_5af12c-1c{justify-content:center;}<\/style>\n<div class=\"wp-block-kadence-icon kt-svg-icons kt-svg-icons10453_5af12c-1c alignnone\"><style>.kt-svg-item-10453_502fdf-29 .kb-svg-icon-wrap, .kt-svg-style-stacked.kt-svg-item-10453_502fdf-29 .kb-svg-icon-wrap{color:rgb(255, 255, 255);font-size:50px;}<\/style>\n<div class=\"wp-block-kadence-single-icon kt-svg-style-default kt-svg-icon-wrap kt-svg-item-10453_502fdf-29\"><span class=\"kb-svg-icon-wrap kb-svg-icon-fas_briefcase\"><svg viewBox=\"0 0 512 512\"  fill=\"currentColor\" xmlns=\"http:\/\/www.w3.org\/2000\/svg\"  aria-hidden=\"true\"><path d=\"M320 288h192v144c0 26.51-21.49 48-48 48H48c-26.51 0-48-21.49-48-48V288h192v20c0 6.627 5.373 12 12 12h104c6.627 0 12-5.373 12-12v-20zm192-112v80H0v-80c0-26.51 21.49-48 48-48h80V80c0-26.51 21.49-48 48-48h160c26.51 0 48 21.49 48 48v48h80c26.51 0 48 21.49 48 48zM320 96H192v32h128V96z\"\/><\/svg><\/span><\/div>\n<\/div>\n\n\n\n<p class=\"has-text-align-center has-white-color has-text-color has-medium-font-size\"><strong>Empfohlener<\/strong><br><strong>Bildungsabschluss<\/strong><\/p>\n\n\n\n<p class=\"has-text-align-center has-white-color has-text-color has-medium-font-size\">Hauptschule \/ Realschule<\/p>\n<\/div>\n\n\n\n<div class=\"wp-block-column is-vertically-aligned-center is-layout-flow wp-block-column-is-layout-flow\"><style>.wp-block-kadence-icon.kt-svg-icons10453_f1268c-8d{justify-content:center;}<\/style>\n<div class=\"wp-block-kadence-icon kt-svg-icons kt-svg-icons10453_f1268c-8d alignnone\"><style>.kt-svg-item-10453_d387bc-fc .kb-svg-icon-wrap, .kt-svg-style-stacked.kt-svg-item-10453_d387bc-fc .kb-svg-icon-wrap{color:rgb(255, 255, 255);font-size:50px;}<\/style>\n<div class=\"wp-block-kadence-single-icon kt-svg-style-default kt-svg-icon-wrap kt-svg-item-10453_d387bc-fc\"><span class=\"kb-svg-icon-wrap kb-svg-icon-fas_stopwatch\"><svg viewBox=\"0 0 448 512\"  fill=\"currentColor\" xmlns=\"http:\/\/www.w3.org\/2000\/svg\"  aria-hidden=\"true\"><path d=\"M432 304c0 114.9-93.1 208-208 208S16 418.9 16 304c0-104 76.3-190.2 176-205.5V64h-28c-6.6 0-12-5.4-12-12V12c0-6.6 5.4-12 12-12h120c6.6 0 12 5.4 12 12v40c0 6.6-5.4 12-12 12h-28v34.5c37.5 5.8 71.7 21.6 99.7 44.6l27.5-27.5c4.7-4.7 12.3-4.7 17 0l28.3 28.3c4.7 4.7 4.7 12.3 0 17l-29.4 29.4-.6.6C419.7 223.3 432 262.2 432 304zm-176 36V188.5c0-6.6-5.4-12-12-12h-40c-6.6 0-12 5.4-12 12V340c0 6.6 5.4 12 12 12h40c6.6 0 12-5.4 12-12z\"\/><\/svg><\/span><\/div>\n<\/div>\n\n\n\n<p class=\"has-text-align-center has-white-color has-text-color has-medium-font-size\"><strong>Ausbildungsdauer<\/strong><br><span class=\"has-inline-color has-vispronet-blue-color\">_<\/span><\/p>\n\n\n\n<p class=\"has-text-align-center has-white-color has-text-color has-medium-font-size\">2 Jahre<\/p>\n<\/div>\n<\/div>\n\n\n\n<ul class=\"index wp-block-list\">\n<li><a href=\"#aufgaben-logistik\">Was sind Deine Aufgaben als Fachlagerist (m\/w\/d)?<\/a><\/li>\n\n\n\n<li><a href=\"#arbeitsbereich-logistik\">Wie sieht Dein Arbeitsbereich aus?<\/a><\/li>\n\n\n\n<li><a href=\"#verlauf-logistik\">Wie ist Deine Ausbildung gestaltet?<\/a><\/li>\n\n\n\n<li><a href=\"#voraussetzung-logistik\">Welche Voraussetzungen bringst Du mit?<\/a><\/li>\n\n\n\n<li><a href=\"#interview-logistik\">Interview &#8211; Erfahrungsbericht zur Ausbildung &#8211; wir fragen Azubis<\/a><\/li>\n\n\n\n<li><a href=\"#gruende-logistik\">Der Beruf Fachlagerist (m\/w\/d) ist etwas f\u00fcr Dich, wenn&#8230;<\/a><\/li>\n<\/ul>\n\n\n\n<h2 class=\"wp-block-heading\" id=\"aufgaben-logistik\">Was sind Deine Aufgaben als Fachlagerist (m\/w\/d)?<\/h2>\n\n\n\n<div class=\"wp-block-media-text alignwide has-media-on-the-right is-stacked-on-mobile is-vertically-aligned-top\" style=\"grid-template-columns:auto 49%\"><div class=\"wp-block-media-text__content\">\n<ul class=\"wp-block-list\" id=\"block-165bb3bc-a683-4c98-ab74-49b753c5b440\">\n<li>Als Organisationstalent k\u00fcmmerst Du Dich um die Kontrolle und Koordinierung von Wareneingang und -ausgang.<\/li>\n\n\n\n<li>Dabei pr\u00fcfst Du anhand von Begleitpapieren die Menge, Art und Qualit\u00e4t der angelieferten Ware. Weiterhin kennzeichnest Du diese und lagerst sie fachgerecht ein.<\/li>\n\n\n\n<li>Au\u00dferdem geh\u00f6ren <strong>Bestands- und Lagerkontrolle<\/strong>, <strong>Inventuren<\/strong> und die <strong>digitale Datenerfassung<\/strong> zu Deinem Arbeitsfeld.<\/li>\n\n\n\n<li>Damit auch immer alles korrekt l\u00e4uft, pr\u00fcfst Du die Bestellvorg\u00e4nge (<strong>Kommissionierung<\/strong>), die <strong>Verpackung<\/strong> und den <strong>Versand<\/strong> von Waren.<\/li>\n\n\n\n<li>Weiterhin planst Du Touren und optimierst logistische Prozesse.<\/li>\n<\/ul>\n\n\n\n<p><\/p>\n<\/div><figure class=\"wp-block-media-text__media\"><a href=\"https:\/\/www.vispronet.de\/blog\/wp-content\/uploads\/fachlagerist-ausbildung-gabelstapler.jpg\" data-rel=\"lightbox-image-0\" data-magnific_type=\"image\" data-rl_title=\"\" data-rl_caption=\"\" title=\"\"><img loading=\"lazy\" decoding=\"async\" width=\"800\" height=\"600\" src=\"https:\/\/www.vispronet.de\/blog\/wp-content\/uploads\/fachlagerist-ausbildung-gabelstapler.jpg\" alt=\"Fachkraft f\u00fcr Lagerlogistik beim Gabelstapler fahren\" class=\"wp-image-11725 size-full\" srcset=\"https:\/\/www.vispronet.de\/blog\/wp-content\/uploads\/fachlagerist-ausbildung-gabelstapler.jpg 800w, https:\/\/www.vispronet.de\/blog\/wp-content\/uploads\/fachlagerist-ausbildung-gabelstapler-768x576.jpg 768w, https:\/\/www.vispronet.de\/blog\/wp-content\/uploads\/fachlagerist-ausbildung-gabelstapler-300x225.jpg 300w, https:\/\/www.vispronet.de\/blog\/wp-content\/uploads\/fachlagerist-ausbildung-gabelstapler-440x330.jpg 440w\" sizes=\"auto, (max-width: 800px) 100vw, 800px\" \/><\/a><\/figure><\/div>\n\n\n\n<h2 class=\"wp-block-heading\" id=\"arbeitsbereich-logistik\">Wie sieht Dein Arbeitsbereich aus?<\/h2>\n\n\n\n<div class=\"wp-block-media-text alignwide is-stacked-on-mobile is-vertically-aligned-top\"><figure class=\"wp-block-media-text__media\"><a href=\"https:\/\/www.vispronet.de\/blog\/wp-content\/uploads\/fachlagerist-ausbildung-verpacken.jpg\" data-rel=\"lightbox-image-1\" data-magnific_type=\"image\" data-rl_title=\"\" data-rl_caption=\"\" title=\"\"><img loading=\"lazy\" decoding=\"async\" width=\"800\" height=\"600\" src=\"https:\/\/www.vispronet.de\/blog\/wp-content\/uploads\/fachlagerist-ausbildung-verpacken.jpg\" alt=\"Auszubildender - Fachlagerist beim Verpacken\" class=\"wp-image-11727 size-full\" srcset=\"https:\/\/www.vispronet.de\/blog\/wp-content\/uploads\/fachlagerist-ausbildung-verpacken.jpg 800w, https:\/\/www.vispronet.de\/blog\/wp-content\/uploads\/fachlagerist-ausbildung-verpacken-768x576.jpg 768w, https:\/\/www.vispronet.de\/blog\/wp-content\/uploads\/fachlagerist-ausbildung-verpacken-300x225.jpg 300w, https:\/\/www.vispronet.de\/blog\/wp-content\/uploads\/fachlagerist-ausbildung-verpacken-440x330.jpg 440w\" sizes=\"auto, (max-width: 800px) 100vw, 800px\" \/><\/a><\/figure><div class=\"wp-block-media-text__content\">\n<ul class=\"wp-block-list\" id=\"block-e0c0f64b-ab43-4fcc-a8ef-68ba2ef04cd9\">\n<li>Dein Reich sind vor allem Laderampe und Lager, aber auch der Versandbereich.<\/li>\n\n\n\n<li>Dabei tr\u00e4gst Du praktische Arbeitskleidung und packst mit deinen H\u00e4nden an.<\/li>\n\n\n\n<li>F\u00fcr Deine Arbeit nutzt Du Transportger\u00e4te und F\u00f6rdermittel, wie zum Beispiel Gabelstapler.<\/li>\n\n\n\n<li>Schlie\u00dflich erfasst und pr\u00fcfst Du alle Daten am PC in digitaler Form.<\/li>\n<\/ul>\n<\/div><\/div>\n\n\n\n<div style=\"height:30px\" aria-hidden=\"true\" class=\"wp-block-spacer\"><\/div>\n\n\n\n<div class=\"wp-block-columns has-infobox-bg-background-color has-background is-layout-flex wp-container-core-columns-is-layout-9d6595d7 wp-block-columns-is-layout-flex\">\n<div class=\"wp-block-column is-vertically-aligned-center is-layout-flow wp-block-column-is-layout-flow\" style=\"flex-basis:10%\"><style>.wp-block-kadence-icon.kt-svg-icons10453_29fc08-32{justify-content:center;}<\/style>\n<div class=\"wp-block-kadence-icon kt-svg-icons kt-svg-icons10453_29fc08-32 alignnone\"><style>.kt-svg-item-10453_85ad11-56 .kb-svg-icon-wrap, .kt-svg-style-stacked.kt-svg-item-10453_85ad11-56 .kb-svg-icon-wrap{color:rgb(0, 98, 161);font-size:50px;}<\/style>\n<div class=\"wp-block-kadence-single-icon kt-svg-style-default kt-svg-icon-wrap kt-svg-item-10453_85ad11-56\"><span class=\"kb-svg-icon-wrap kb-svg-icon-ic_circleRight\"><svg viewBox=\"0 0 8 8\"  fill=\"currentColor\" xmlns=\"http:\/\/www.w3.org\/2000\/svg\"  aria-hidden=\"true\"><path d=\"M4 0c-2.21 0-4 1.79-4 4s1.79 4 4 4 4-1.79 4-4-1.79-4-4-4zm0 1l3 3-3 3v-2h-3v-2h3v-2z\"\/><\/svg><\/span><\/div>\n<\/div>\n<\/div>\n\n\n\n<div class=\"wp-block-column is-vertically-aligned-center is-layout-flow wp-block-column-is-layout-flow\" style=\"flex-basis:90%\">\n<p>Du stehst doch mehr auf Farben? Dann ist vielleicht die<a href=\"\/blog\/medientechnologe-digitaldruck-ausbildung\/\"> <\/a><a href=\"\/blog\/medientechnologe-digitaldruck-ausbildung\/\" target=\"_blank\" rel=\"noreferrer noopener\">Ausbildung zum Medientechnologen Digitaldruck (m\/w\/d)<\/a> die bessere Wahl f\u00fcr Dich.<\/p>\n<\/div>\n<\/div>\n\n\n\n<div style=\"height:25px\" aria-hidden=\"true\" class=\"wp-block-spacer\"><\/div>\n\n\n\n<h2 class=\"wp-block-heading\" id=\"verlauf-logistik\">Wie verl\u00e4uft deine Ausbildung zum Fachlagerist (m\/w\/d)?<\/h2>\n\n\n\n<ul class=\"wp-block-list\">\n<li>Die regul\u00e4re Ausbildung zum Fachlagerist (m\/w\/d) dauert 2 Jahre.<\/li>\n\n\n\n<li>Die Lehrausbildung erfolgt dual als Blockunterricht. Dabei wechseln sich der Unterricht in der Berufsschule und die betriebliche Praxis in Kamenz ab.<\/li>\n\n\n\n<li>Deine Berufsschule ist das BSZ Konrad Zuse in Hoyerswerda.<\/li>\n\n\n\n<li>Wenn Du Deine Abschlusspr\u00fcfung erfolgreich bestanden hast, steht Dir der Weg f\u00fcr eine Fortbildung offen. Dann legst Du nach einem weiteren Jahr die Pr\u00fcfung zur Fachkraft f\u00fcr Lagerlogistik ab.<\/li>\n<\/ul>\n\n\n\n<h2 class=\"wp-block-heading\" id=\"voraussetzung-logistik\">Welche Voraussetzungen bringst Du mit?<\/h2>\n\n\n\n<ul class=\"wp-block-list\">\n<li>Du verf\u00fcgst \u00fcber einen <strong>guten Hauptschul- oder Realschulabschluss<\/strong><\/li>\n\n\n\n<li>Vor allem <strong>Mathematik<\/strong> und <strong>Englisch<\/strong> geh\u00f6ren dabei zu Deinen St\u00e4rken<\/li>\n\n\n\n<li>Wenn Du bereits Grundkenntnisse in MS-Office besitzt, erleichtert Dir das den Berufseinstieg.<\/li>\n\n\n\n<li>Au\u00dferdem m\u00f6chtest Du nicht nur am Schreibtisch sitzen und bist k\u00f6rperlich fit und belastbar.<\/li>\n\n\n\n<li><strong>Organisationstalent<\/strong>, <strong>Planungsgeschick<\/strong>, <strong>Konzentrationsf\u00e4higkeit<\/strong> und <strong>Ordnungsliebe<\/strong> zeichnen Dich aus.<\/li>\n\n\n\n<li>Schlie\u00dflich arbeitest Du gern im Team und bist kontaktfreudig und dienstleistungsorientiert.<\/li>\n<\/ul>\n\n\n\n<h4 class=\"wp-block-heading\">Was w\u00fcnscht sich ein Ausbilder von seinem zuk\u00fcnftigen Azubi?<\/h4>\n\n\n\n<p>Christian betreut die Auszubildenden im Bereich Versand und Lager. Er w\u00fcnscht sich vor allem diese Eigenschaften: Zuverl\u00e4ssigkeit und hohes Verantwortungsbewusstsein. Schlie\u00dflich ist es wichtig, dass alle Lagerbest\u00e4nde richtig verbucht sind. Au\u00dferdem darf man keine H\u00f6henangst haben, denn unsere Produkte sind in einem modernen Hochregallager sortiert. Da geht es mit dem Stapler schon ab und an hoch hinaus. Und schlie\u00dflich braucht es ein hohes Ma\u00df an Selbstst\u00e4ndigkeit f\u00fcr diesen Job. Er nennt das scherzhaft das &#8222;Sich-K\u00fcmmern-Gen&#8220;.<\/p>\n\n\n\n<p>Wissensdurst ben\u00f6tigt jeder Auszubildende, denn es gibt viel zu lernen: die Lager- und Bestandsf\u00fchrung, die Verwaltung der Artikelbest\u00e4nde im EDV-System, das Stapler fahren oder die Durchf\u00fchrung einer Inventur. Und das ist noch lange nicht alles&#8230;<\/p>\n\n\n\n<p>Und welchen Rat gibt Dir Christian f\u00fcr Deine Berufswahl mit? <em><span class=\"has-inline-color has-vispronet-blue-color\"><strong>&#8222;Schau nicht nur auf&#8217;s Geld! Der Beruf muss zu Dir passen &#8211; der ber\u00fchmte Spa\u00dffaktor!&#8220;<\/strong><\/span><\/em><\/p>\n\n\n\n<div style=\"height:10px\" aria-hidden=\"true\" class=\"wp-block-spacer\"><\/div>\n\n\n\n<div class=\"wp-block-columns has-background is-layout-flex wp-container-core-columns-is-layout-9d6595d7 wp-block-columns-is-layout-flex\" id=\"interview-logistik\" style=\"background:linear-gradient(135deg,rgb(146,209,248) 0%,rgb(221,242,255) 40%)\">\n<div class=\"wp-block-column is-vertically-aligned-center is-layout-flow wp-block-column-is-layout-flow\" style=\"flex-basis:20%\"><style>.wp-block-kadence-icon.kt-svg-icons10453_45da92-07{justify-content:center;}<\/style>\n<div class=\"wp-block-kadence-icon kt-svg-icons kt-svg-icons10453_45da92-07 alignnone\"><style>.kt-svg-item-10453_b45dff-d4 .kb-svg-icon-wrap, .kt-svg-style-stacked.kt-svg-item-10453_b45dff-d4 .kb-svg-icon-wrap{color:rgb(0, 98, 161);font-size:80px;}<\/style>\n<div class=\"wp-block-kadence-single-icon kt-svg-style-default kt-svg-icon-wrap kt-svg-item-10453_b45dff-d4\"><span class=\"kb-svg-icon-wrap kb-svg-icon-ic_microphone\"><svg viewBox=\"0 0 8 8\"  fill=\"currentColor\" xmlns=\"http:\/\/www.w3.org\/2000\/svg\"  aria-hidden=\"true\"><path d=\"M2.91-.03a1 1 0 0 0-.13.03 1 1 0 0 0-.78 1v2a1 1 0 1 0 2 0v-2a1 1 0 0 0-1.09-1.03zm-2.56 2.03a.5.5 0 0 0-.34.5v.5c0 1.48 1.09 2.69 2.5 2.94v1.06h-.5c-.55 0-1 .45-1 1h4.01c0-.55-.45-1-1-1h-.5v-1.06c1.41-.24 2.5-1.46 2.5-2.94v-.5a.5.5 0 1 0-1 0v.5c0 1.11-.89 2-2 2-1.11 0-2-.89-2-2v-.5a.5.5 0 0 0-.59-.5.5.5 0 0 0-.06 0z\" transform=\"translate(1)\"\/><\/svg><\/span><\/div>\n<\/div>\n<\/div>\n\n\n\n<div class=\"wp-block-column is-vertically-aligned-top is-layout-flow wp-block-column-is-layout-flow\" style=\"flex-basis:80%\">\n<h3 class=\"wp-block-heading has-text-align-center\"><strong>Interview<\/strong><\/h3>\n\n\n\n<p class=\"has-text-align-center has-sehr-dunkles-grau-color has-text-color\"><span style=\"background-color:rgba(0, 0, 0, 0)\" class=\"has-inline-color has-vispronet-blue-color\">Erfahrungsbericht zur Ausbildung &#8211; wir fragen Azubis<\/span><\/p>\n<\/div>\n<\/div>\n\n\n\n<div class=\"wp-block-media-text alignwide is-stacked-on-mobile is-vertically-aligned-top\" style=\"grid-template-columns:33% auto\"><figure class=\"wp-block-media-text__media\"><a href=\"https:\/\/www.vispronet.de\/blog\/wp-content\/uploads\/fachkraft-lagerlogistik.jpg\" data-rel=\"lightbox-image-2\" data-magnific_type=\"image\" data-rl_title=\"\" data-rl_caption=\"\" title=\"\"><img loading=\"lazy\" decoding=\"async\" width=\"1000\" height=\"750\" src=\"https:\/\/www.vispronet.de\/blog\/wp-content\/uploads\/fachkraft-lagerlogistik.jpg\" alt=\"Auszubildener - Fachlagerist beim Buchen von Vorg\u00e4ngen am PC\" class=\"wp-image-11721 size-full\" srcset=\"https:\/\/www.vispronet.de\/blog\/wp-content\/uploads\/fachkraft-lagerlogistik.jpg 1000w, https:\/\/www.vispronet.de\/blog\/wp-content\/uploads\/fachkraft-lagerlogistik-768x576.jpg 768w, https:\/\/www.vispronet.de\/blog\/wp-content\/uploads\/fachkraft-lagerlogistik-300x225.jpg 300w, https:\/\/www.vispronet.de\/blog\/wp-content\/uploads\/fachkraft-lagerlogistik-440x330.jpg 440w\" sizes=\"auto, (max-width: 1000px) 100vw, 1000px\" \/><\/a><\/figure><div class=\"wp-block-media-text__content\">\n<p class=\"has-normal-font-size\">Heute fragen wir <strong>Willi<\/strong> zu seiner Berufswahl aus. Er hat sich f\u00fcr die Ausbildung Fachkraft f\u00fcr Lagerlogistik entschieden. <\/p>\n\n\n\n<p>Kurz vor den Abschlusspr\u00fcfungen schaut er nochmal auf die vergangenen drei Jahre zur\u00fcck.<\/p>\n<\/div><\/div>\n\n\n<style>.wp-block-kadence-iconlist.kt-svg-icon-list-items10453_584e80-35:not(.this-stops-third-party-issues){margin-top:0px;margin-bottom:0px;}.wp-block-kadence-iconlist.kt-svg-icon-list-items10453_584e80-35 ul.kt-svg-icon-list:not(.this-prevents-issues):not(.this-stops-third-party-issues):not(.tijsloc){margin-top:0px;margin-right:0px;margin-bottom:10px;margin-left:0px;}.wp-block-kadence-iconlist.kt-svg-icon-list-items10453_584e80-35 ul.kt-svg-icon-list{grid-row-gap:5px;}.wp-block-kadence-iconlist.kt-svg-icon-list-items10453_584e80-35 ul.kt-svg-icon-list .kt-svg-icon-list-item-wrap .kt-svg-icon-list-single{margin-right:10px;}<\/style>\n<div class=\"wp-block-kadence-iconlist kt-svg-icon-list-items kt-svg-icon-list-items10453_584e80-35 kt-svg-icon-list-columns-1 alignnone kt-list-icon-aligntop\"><ul class=\"kt-svg-icon-list\"><style>.kt-svg-icon-list-item-10453_36dc73-1c .kt-svg-icon-list-single{font-size:20px !important;color:rgb(0, 98, 161) !important;}.kt-svg-icon-list-item-10453_36dc73-1c .kt-svg-icon-list-text mark.kt-highlight{background-color:unset;font-style:normal;color:#f76a0c;-webkit-box-decoration-break:clone;box-decoration-break:clone;padding-top:0px;padding-right:0px;padding-bottom:0px;padding-left:0px;}<\/style>\n<li class=\"wp-block-kadence-listitem kt-svg-icon-list-item-wrap kt-svg-icon-list-item-10453_36dc73-1c kt-svg-icon-list-style-default\"><span class=\"kb-svg-icon-wrap kb-svg-icon-ic_microphone kt-svg-icon-list-single\"><svg viewBox=\"0 0 8 8\"  fill=\"currentColor\" xmlns=\"http:\/\/www.w3.org\/2000\/svg\"  aria-hidden=\"true\"><path d=\"M2.91-.03a1 1 0 0 0-.13.03 1 1 0 0 0-.78 1v2a1 1 0 1 0 2 0v-2a1 1 0 0 0-1.09-1.03zm-2.56 2.03a.5.5 0 0 0-.34.5v.5c0 1.48 1.09 2.69 2.5 2.94v1.06h-.5c-.55 0-1 .45-1 1h4.01c0-.55-.45-1-1-1h-.5v-1.06c1.41-.24 2.5-1.46 2.5-2.94v-.5a.5.5 0 1 0-1 0v.5c0 1.11-.89 2-2 2-1.11 0-2-.89-2-2v-.5a.5.5 0 0 0-.59-.5.5.5 0 0 0-.06 0z\" transform=\"translate(1)\"\/><\/svg><\/span><span class=\"kt-svg-icon-list-text\"><span style=\"background-color:rgba(0, 0, 0, 0)\" class=\"has-inline-color has-vispronet-blue-color\">Willi, wie bist Du auf den Beruf Fachkraft f\u00fcr Lagerlogistik gekommen?<\/span><br><em>Durch meinen Bruder der ebenfalls Fachkraft f\u00fcr Lagerlogistik oder einfach kurz Logistiker gelernt hat. Ich absolvierte ein Praktikum, das best\u00e4tigte meinem Berufswunsch.<\/em><\/span><\/li>\n\n\n<style>.kt-svg-icon-list-item-10453_eef80a-3f .kt-svg-icon-list-single{font-size:20px !important;color:rgb(0, 98, 161) !important;}.kt-svg-icon-list-item-10453_eef80a-3f .kt-svg-icon-list-text mark.kt-highlight{background-color:unset;font-style:normal;color:#f76a0c;-webkit-box-decoration-break:clone;box-decoration-break:clone;padding-top:0px;padding-right:0px;padding-bottom:0px;padding-left:0px;}<\/style>\n<li class=\"wp-block-kadence-listitem kt-svg-icon-list-item-wrap kt-svg-icon-list-item-10453_eef80a-3f kt-svg-icon-list-style-default\"><span class=\"kb-svg-icon-wrap kb-svg-icon-ic_microphone kt-svg-icon-list-single\"><svg viewBox=\"0 0 8 8\"  fill=\"currentColor\" xmlns=\"http:\/\/www.w3.org\/2000\/svg\"  aria-hidden=\"true\"><path d=\"M2.91-.03a1 1 0 0 0-.13.03 1 1 0 0 0-.78 1v2a1 1 0 1 0 2 0v-2a1 1 0 0 0-1.09-1.03zm-2.56 2.03a.5.5 0 0 0-.34.5v.5c0 1.48 1.09 2.69 2.5 2.94v1.06h-.5c-.55 0-1 .45-1 1h4.01c0-.55-.45-1-1-1h-.5v-1.06c1.41-.24 2.5-1.46 2.5-2.94v-.5a.5.5 0 1 0-1 0v.5c0 1.11-.89 2-2 2-1.11 0-2-.89-2-2v-.5a.5.5 0 0 0-.59-.5.5.5 0 0 0-.06 0z\" transform=\"translate(1)\"\/><\/svg><\/span><span class=\"kt-svg-icon-list-text\"><span style=\"background-color:rgba(0, 0, 0, 0)\" class=\"has-inline-color has-vispronet-blue-color\">Welche Erwartungen und Vorstellungen hattest Du im Vorfeld an Deine Ausbildung?<\/span><br><em>Etwas Neues zu lernen, Verantwortung zu \u00fcbernehmen und mit seinen Kollegen eine Einheit zu bilden.<\/em><\/span><\/li>\n\n\n<style>.kt-svg-icon-list-item-10453_ebb9f7-a7 .kt-svg-icon-list-single{font-size:20px !important;color:rgb(0, 98, 161) !important;}.kt-svg-icon-list-item-10453_ebb9f7-a7 .kt-svg-icon-list-text mark.kt-highlight{background-color:unset;font-style:normal;color:#f76a0c;-webkit-box-decoration-break:clone;box-decoration-break:clone;padding-top:0px;padding-right:0px;padding-bottom:0px;padding-left:0px;}<\/style>\n<li class=\"wp-block-kadence-listitem kt-svg-icon-list-item-wrap kt-svg-icon-list-item-10453_ebb9f7-a7 kt-svg-icon-list-style-default\"><span class=\"kb-svg-icon-wrap kb-svg-icon-ic_microphone kt-svg-icon-list-single\"><svg viewBox=\"0 0 8 8\"  fill=\"currentColor\" xmlns=\"http:\/\/www.w3.org\/2000\/svg\"  aria-hidden=\"true\"><path d=\"M2.91-.03a1 1 0 0 0-.13.03 1 1 0 0 0-.78 1v2a1 1 0 1 0 2 0v-2a1 1 0 0 0-1.09-1.03zm-2.56 2.03a.5.5 0 0 0-.34.5v.5c0 1.48 1.09 2.69 2.5 2.94v1.06h-.5c-.55 0-1 .45-1 1h4.01c0-.55-.45-1-1-1h-.5v-1.06c1.41-.24 2.5-1.46 2.5-2.94v-.5a.5.5 0 1 0-1 0v.5c0 1.11-.89 2-2 2-1.11 0-2-.89-2-2v-.5a.5.5 0 0 0-.59-.5.5.5 0 0 0-.06 0z\" transform=\"translate(1)\"\/><\/svg><\/span><span class=\"kt-svg-icon-list-text\"><span style=\"background-color:rgba(0, 0, 0, 0)\" class=\"has-inline-color has-vispronet-blue-color\">Welche Aufgaben bekommst Du als Azubi bei Sachsen Fahnen?<\/span><br><em>Ich bin in der Versandabteilung t\u00e4tig und hin und wieder im Lager. Der Hauptteil meiner Arbeit als Logistiker im Bereich Versand beruht darauf, die Ware zu kommissionieren, die Auftr\u00e4ge zusammenzustellen und die Ware richtig und sicher zu verpacken.<\/em><\/span><\/li>\n\n\n<style>.kt-svg-icon-list-item-10453_e2ec49-12 .kt-svg-icon-list-single{font-size:20px !important;color:rgb(0, 98, 161) !important;}.kt-svg-icon-list-item-10453_e2ec49-12 .kt-svg-icon-list-text mark.kt-highlight{background-color:unset;font-style:normal;color:#f76a0c;-webkit-box-decoration-break:clone;box-decoration-break:clone;padding-top:0px;padding-right:0px;padding-bottom:0px;padding-left:0px;}<\/style>\n<li class=\"wp-block-kadence-listitem kt-svg-icon-list-item-wrap kt-svg-icon-list-item-10453_e2ec49-12 kt-svg-icon-list-style-default\"><span class=\"kb-svg-icon-wrap kb-svg-icon-ic_microphone kt-svg-icon-list-single\"><svg viewBox=\"0 0 8 8\"  fill=\"currentColor\" xmlns=\"http:\/\/www.w3.org\/2000\/svg\"  aria-hidden=\"true\"><path d=\"M2.91-.03a1 1 0 0 0-.13.03 1 1 0 0 0-.78 1v2a1 1 0 1 0 2 0v-2a1 1 0 0 0-1.09-1.03zm-2.56 2.03a.5.5 0 0 0-.34.5v.5c0 1.48 1.09 2.69 2.5 2.94v1.06h-.5c-.55 0-1 .45-1 1h4.01c0-.55-.45-1-1-1h-.5v-1.06c1.41-.24 2.5-1.46 2.5-2.94v-.5a.5.5 0 1 0-1 0v.5c0 1.11-.89 2-2 2-1.11 0-2-.89-2-2v-.5a.5.5 0 0 0-.59-.5.5.5 0 0 0-.06 0z\" transform=\"translate(1)\"\/><\/svg><\/span><span class=\"kt-svg-icon-list-text\"><span style=\"background-color:rgba(0, 0, 0, 0)\" class=\"has-inline-color has-vispronet-blue-color\">Kannst Du Dich mit eigenen Ideen und Vorstellungen einbringen?<\/span><br><em>Nat\u00fcrlich, gerade beim Verpacken von Waren ist Kreativit\u00e4t gefordert. Unsere Produkte in individuellen Gr\u00f6\u00dfen passen nicht immer in die Standard Verpackungen. Da muss man sich etwas einfallen lassen und  anders denken, um ans Ziel zukommen<\/em>.<\/span><\/li>\n\n\n<style>.kt-svg-icon-list-item-10453_c774a9-3c .kt-svg-icon-list-single{font-size:20px !important;color:rgb(0, 98, 161) !important;}.kt-svg-icon-list-item-10453_c774a9-3c .kt-svg-icon-list-text mark.kt-highlight{background-color:unset;font-style:normal;color:#f76a0c;-webkit-box-decoration-break:clone;box-decoration-break:clone;padding-top:0px;padding-right:0px;padding-bottom:0px;padding-left:0px;}<\/style>\n<li class=\"wp-block-kadence-listitem kt-svg-icon-list-item-wrap kt-svg-icon-list-item-10453_c774a9-3c kt-svg-icon-list-style-default\"><span class=\"kb-svg-icon-wrap kb-svg-icon-ic_microphone kt-svg-icon-list-single\"><svg viewBox=\"0 0 8 8\"  fill=\"currentColor\" xmlns=\"http:\/\/www.w3.org\/2000\/svg\"  aria-hidden=\"true\"><path d=\"M2.91-.03a1 1 0 0 0-.13.03 1 1 0 0 0-.78 1v2a1 1 0 1 0 2 0v-2a1 1 0 0 0-1.09-1.03zm-2.56 2.03a.5.5 0 0 0-.34.5v.5c0 1.48 1.09 2.69 2.5 2.94v1.06h-.5c-.55 0-1 .45-1 1h4.01c0-.55-.45-1-1-1h-.5v-1.06c1.41-.24 2.5-1.46 2.5-2.94v-.5a.5.5 0 1 0-1 0v.5c0 1.11-.89 2-2 2-1.11 0-2-.89-2-2v-.5a.5.5 0 0 0-.59-.5.5.5 0 0 0-.06 0z\" transform=\"translate(1)\"\/><\/svg><\/span><span class=\"kt-svg-icon-list-text\"><span style=\"background-color:rgba(0, 0, 0, 0)\" class=\"has-inline-color has-vispronet-blue-color\">Was w\u00fcnschst Du Dir f\u00fcr deine Ausbildung? Hast Du Verbesserungsvorschl\u00e4ge?<\/span><br>Ich w\u00fcnsche mir einen guten Abschluss und hoffentlich daran anschlie\u00dfend die \u00dcbernahme. <br>Verbesserungsvorschl\u00e4ge? Eine genauere Ausbildungsplanung w\u00e4re gut. Hin und wieder muss da flexibel angepasst werden.<\/span><\/li>\n\n\n<style>.kt-svg-icon-list-item-10453_56bc32-37 .kt-svg-icon-list-single{font-size:20px !important;color:rgb(0, 98, 161) !important;}.kt-svg-icon-list-item-10453_56bc32-37 .kt-svg-icon-list-text mark.kt-highlight{background-color:unset;font-style:normal;color:#f76a0c;-webkit-box-decoration-break:clone;box-decoration-break:clone;padding-top:0px;padding-right:0px;padding-bottom:0px;padding-left:0px;}<\/style>\n<li class=\"wp-block-kadence-listitem kt-svg-icon-list-item-wrap kt-svg-icon-list-item-10453_56bc32-37 kt-svg-icon-list-style-default\"><span class=\"kb-svg-icon-wrap kb-svg-icon-ic_microphone kt-svg-icon-list-single\"><svg viewBox=\"0 0 8 8\"  fill=\"currentColor\" xmlns=\"http:\/\/www.w3.org\/2000\/svg\"  aria-hidden=\"true\"><path d=\"M2.91-.03a1 1 0 0 0-.13.03 1 1 0 0 0-.78 1v2a1 1 0 1 0 2 0v-2a1 1 0 0 0-1.09-1.03zm-2.56 2.03a.5.5 0 0 0-.34.5v.5c0 1.48 1.09 2.69 2.5 2.94v1.06h-.5c-.55 0-1 .45-1 1h4.01c0-.55-.45-1-1-1h-.5v-1.06c1.41-.24 2.5-1.46 2.5-2.94v-.5a.5.5 0 1 0-1 0v.5c0 1.11-.89 2-2 2-1.11 0-2-.89-2-2v-.5a.5.5 0 0 0-.59-.5.5.5 0 0 0-.06 0z\" transform=\"translate(1)\"\/><\/svg><\/span><span class=\"kt-svg-icon-list-text\"><span style=\"background-color:rgba(0, 0, 0, 0)\" class=\"has-inline-color has-vispronet-blue-color\">Bist Du zufrieden mit Deiner Berufswahl?<\/span><br><em>Ja, es ist so, wie ich es mir vorgestellt habe.<\/em><\/span><\/li>\n\n\n<style>.kt-svg-icon-list-item-10453_c8f6b8-3b .kt-svg-icon-list-single{font-size:20px !important;color:rgb(0, 98, 161) !important;}.kt-svg-icon-list-item-10453_c8f6b8-3b .kt-svg-icon-list-text mark.kt-highlight{background-color:unset;font-style:normal;color:#f76a0c;-webkit-box-decoration-break:clone;box-decoration-break:clone;padding-top:0px;padding-right:0px;padding-bottom:0px;padding-left:0px;}<\/style>\n<li class=\"wp-block-kadence-listitem kt-svg-icon-list-item-wrap kt-svg-icon-list-item-10453_c8f6b8-3b kt-svg-icon-list-style-default\"><span class=\"kb-svg-icon-wrap kb-svg-icon-ic_microphone kt-svg-icon-list-single\"><svg viewBox=\"0 0 8 8\"  fill=\"currentColor\" xmlns=\"http:\/\/www.w3.org\/2000\/svg\"  aria-hidden=\"true\"><path d=\"M2.91-.03a1 1 0 0 0-.13.03 1 1 0 0 0-.78 1v2a1 1 0 1 0 2 0v-2a1 1 0 0 0-1.09-1.03zm-2.56 2.03a.5.5 0 0 0-.34.5v.5c0 1.48 1.09 2.69 2.5 2.94v1.06h-.5c-.55 0-1 .45-1 1h4.01c0-.55-.45-1-1-1h-.5v-1.06c1.41-.24 2.5-1.46 2.5-2.94v-.5a.5.5 0 1 0-1 0v.5c0 1.11-.89 2-2 2-1.11 0-2-.89-2-2v-.5a.5.5 0 0 0-.59-.5.5.5 0 0 0-.06 0z\" transform=\"translate(1)\"\/><\/svg><\/span><span class=\"kt-svg-icon-list-text\"><span style=\"background-color:rgba(0, 0, 0, 0)\" class=\"has-inline-color has-vispronet-blue-color\">Welchen Tipp gibst Du anderen Jugendlichen bei der Berufswahl mit?<\/span><br><em>Ich kann nur  jedem raten, das zu machen, was er mag. Ist man mehr ein Theoretiker, sollte man Richtung Buchhaltung schauen. Ist man sehr sozial veranlagt, w\u00e4re das Lehramt nicht verkehrt oder wenn man praktisch veranlagt ist, dann versuch es in Richtung Handwerk. Der Logistiker-Beruf ist eine Mischung von allen. Man muss praktisch im Umgang mit Waren sein (Stapler fahren, Verpacken etc.), au\u00dferdem auch die Theorie beherrschen (Einbuchen von Waren), aber auch sozial veranlagt sein (beim Kommunizieren mit LKW Fahrern oder Kunden)<\/em>.<\/span><\/li>\n<\/ul><\/div>\n\n\n\n<div class=\"wp-block-columns are-vertically-aligned-center is-layout-flex wp-container-core-columns-is-layout-9d6595d7 wp-block-columns-is-layout-flex\">\n<div class=\"wp-block-column is-vertically-aligned-center is-layout-flow wp-block-column-is-layout-flow\"><div class=\"wp-block-image\">\n<figure class=\"aligncenter size-large\"><a href=\"https:\/\/www.vispronet.de\/blog\/wp-content\/uploads\/fachlagerist-auszubildender.jpg\" data-rel=\"lightbox-image-3\" data-magnific_type=\"image\" data-rl_title=\"\" data-rl_caption=\"\" title=\"\"><img loading=\"lazy\" decoding=\"async\" width=\"800\" height=\"800\" src=\"https:\/\/www.vispronet.de\/blog\/wp-content\/uploads\/fachlagerist-auszubildender.jpg\" alt=\"Auszubildender Fachlagerist\" class=\"wp-image-11831\" srcset=\"https:\/\/www.vispronet.de\/blog\/wp-content\/uploads\/fachlagerist-auszubildender.jpg 800w, https:\/\/www.vispronet.de\/blog\/wp-content\/uploads\/fachlagerist-auszubildender-768x768.jpg 768w, https:\/\/www.vispronet.de\/blog\/wp-content\/uploads\/fachlagerist-auszubildender-150x150.jpg 150w, https:\/\/www.vispronet.de\/blog\/wp-content\/uploads\/fachlagerist-auszubildender-300x300.jpg 300w, https:\/\/www.vispronet.de\/blog\/wp-content\/uploads\/fachlagerist-auszubildender-440x440.jpg 440w\" sizes=\"auto, (max-width: 800px) 100vw, 800px\" \/><\/a><\/figure>\n<\/div><\/div>\n\n\n\n<div class=\"wp-block-column is-vertically-aligned-center is-layout-flow wp-block-column-is-layout-flow\">\n<blockquote class=\"wp-block-quote has-text-align-left is-style-large is-layout-flow wp-block-quote-is-layout-flow\">\n<p><span style=\"background-color:rgba(0, 0, 0, 0)\" class=\"has-inline-color has-vispronet-blue-color\">Beim Verpacken muss man schon mal kreativ werden, damit alles passt.<\/span><\/p>\n<cite>Willi, 3. Ausbildungsjahr,<br><em>Fachkraft f\u00fcr Lagerlogistik<\/em><\/cite><\/blockquote>\n<\/div>\n<\/div>\n\n\n\n<h2 class=\"wp-block-heading\" id=\"gruende-logistik\">Der Beruf Fachlagerist (m\/w\/d) ist etwas f\u00fcr Dich, wenn&#8230;<\/h2>\n\n\n\n<p class=\"has-text-align-center\">\u2026 Du gern anpackst und k\u00f6rperlich arbeitest.<br>\u2026 Du eine abwechslungsreiche T\u00e4tigkeit bevorzugst.<br>\u2026 Du Ordnung liebst, gern planst und organisierst.<br>\u2026 Du stark in Mathe und Englisch bist.<br>\u2026 Du den PC zu deinen Freunden z\u00e4hlst.<br>\u2026 Du zuverl\u00e4ssig und teamf\u00e4hig bist.<\/p>\n\n\n\n<hr class=\"wp-block-separator has-css-opacity\"\/>\n\n\n\n<h3 class=\"wp-block-heading\">Du willst es anpacken?<\/h3>\n\n\n\n<p>Dann bewirb Dich gleich f\u00fcr eine Ausbildung zum <a href=\"https:\/\/www.sachsenfahnen.de\/karriere\/a-fachlagerist\/\" target=\"_blank\" rel=\"noreferrer noopener\">Fachlagerist (m\/w\/d) oder Fachkraft f\u00fcr Lagerlogistik (m\/w\/d)<\/a>.<br>Doch noch nicht das Richtige, die Sachen Fahnen und <a href=\"https:\/\/www.vispronet.de\/\" target=\"_blank\" rel=\"noreferrer noopener\">Vispronet<strong><sup>\u00ae<\/sup><\/strong><\/a> bieten noch eine Vielzahl weiterer interessanter <a href=\"https:\/\/www.vispronet.de\/blog\/ausbildung-bei-sachsen-fahnen-vispronet\/\" target=\"_blank\" rel=\"noreferrer noopener\">Ausbildungsberufe<\/a>.<\/p>\n","protected":false},"excerpt":{"rendered":"<p>Erfahre alle wichtigen Fakten zur Ausbildung Fachlagerist (m\/w\/d) und die Weiterbildung zur Fachkraft f\u00fcr Lagerlogistik (m\/w\/d).<\/p>\n","protected":false},"author":25,"featured_media":11723,"comment_status":"open","ping_status":"closed","sticky":false,"template":"","format":"standard","meta":{"footnotes":""},"categories":[63],"tags":[441,653,617,657,655,659,625],"class_list":["post-10453","post","type-post","status-publish","format-standard","has-post-thumbnail","hentry","category-insight","tag-ausbildung","tag-beruf","tag-berufsausbildung","tag-fachkraft-fuer-lagerlogistik","tag-fachlagerist","tag-lagerist","tag-lehrausbildung"],"_links":{"self":[{"href":"https:\/\/www.vispronet.de\/blog\/wp-json\/wp\/v2\/posts\/10453","targetHints":{"allow":["GET"]}}],"collection":[{"href":"https:\/\/www.vispronet.de\/blog\/wp-json\/wp\/v2\/posts"}],"about":[{"href":"https:\/\/www.vispronet.de\/blog\/wp-json\/wp\/v2\/types\/post"}],"author":[{"embeddable":true,"href":"https:\/\/www.vispronet.de\/blog\/wp-json\/wp\/v2\/users\/25"}],"replies":[{"embeddable":true,"href":"https:\/\/www.vispronet.de\/blog\/wp-json\/wp\/v2\/comments?post=10453"}],"version-history":[{"count":28,"href":"https:\/\/www.vispronet.de\/blog\/wp-json\/wp\/v2\/posts\/10453\/revisions"}],"predecessor-version":[{"id":21337,"href":"https:\/\/www.vispronet.de\/blog\/wp-json\/wp\/v2\/posts\/10453\/revisions\/21337"}],"wp:featuredmedia":[{"embeddable":true,"href":"https:\/\/www.vispronet.de\/blog\/wp-json\/wp\/v2\/media\/11723"}],"wp:attachment":[{"href":"https:\/\/www.vispronet.de\/blog\/wp-json\/wp\/v2\/media?parent=10453"}],"wp:term":[{"taxonomy":"category","embeddable":true,"href":"https:\/\/www.vispronet.de\/blog\/wp-json\/wp\/v2\/categories?post=10453"},{"taxonomy":"post_tag","embeddable":true,"href":"https:\/\/www.vispronet.de\/blog\/wp-json\/wp\/v2\/tags?post=10453"}],"curies":[{"name":"wp","href":"https:\/\/api.w.org\/{rel}","templated":true}]}}