{"id":21353,"date":"2023-10-20T09:00:00","date_gmt":"2023-10-20T07:00:00","guid":{"rendered":"https:\/\/www.vispronet.de\/blog\/?p=21353"},"modified":"2025-10-20T10:57:20","modified_gmt":"2025-10-20T08:57:20","slug":"tutorial-volltonfarbe-anlegen","status":"publish","type":"post","link":"https:\/\/www.vispronet.de\/blog\/tutorial-volltonfarbe-anlegen\/","title":{"rendered":"Volltonfarbe anlegen: InDesign, Illustrator, Photoshop \u2013 Tutorial"},"content":{"rendered":"\n<p>Bei Vispronet\u00ae werden deine Wunschprodukte nicht nur aus den Standard Prozessfarben des Vierfarbdruckes hergestellt. Ebenso bieten wir dir die M\u00f6glichkeit, sie mit Hilfe der HKS-, Pantone- oder RAL-Farbsysteme in etwas Besonderes mit Wiedererkennungswert zu verwandeln. Doch wie funktioniert das, eine Volltonfarbe anlegen? Lies weiter und finde es heraus!<\/p>\n\n\n\n<ul class=\"wp-block-list index\">\n<li><a href=\"#unterschied-prozess-vollton\">Wieso zwischen Prozess- und Volltonfarben unterscheiden?<\/a> \n\n\n\n\n\n\n\n\n\n\n\n\n\n\n\n\n\n\n\n\n\n\n\n\n\n\n\n\n\n\n\n\n\n\n\n\n\n\n\n\n\n\n\n\n\n\n\n\n\n\n\n\n\n\n\n\n\n\n\n\n<ul class=\"wp-block-list\">\n<li><a href=\"#definition-prozessfarben\">Definition Prozessfarben<\/a><\/li>\n\n\n\n<li><a href=\"#definition-volltonfarben\">Definition Volltonfarben<\/a><\/li>\n<\/ul>\n\n\n\n<ul class=\"wp-block-list\">\n<li><a href=\"#volltonfarben-vorteile-nachteile\">Vor- und Nachteile von Volltonfarben<\/a><\/li>\n<\/ul>\n<\/li>\n\n\n\n<li><a href=\"#tutorial-volltonfarbe-anlegen\">Anleitung \u2013 Volltonfarbe anlegen<\/a>\n<ul class=\"wp-block-list\">\n<li><a href=\"#volltonfarbe-indesign\">In InDesign<\/a><\/li>\n\n\n\n<li><a href=\"#volltonfarbe-illustrator\">In Illustrator<\/a><\/li>\n\n\n\n<li><a href=\"#volltonfarbe-photoshop\">In Photoshop<\/a><\/li>\n<\/ul>\n<\/li>\n\n\n\n<li><a href=\"#volltonfarben-richtig-speichern\">Richtig speichern \u2013 So bleiben angelegte Volltonfarben erhalten<\/a><\/li>\n<\/ul>\n\n\n<style>.wp-block-kadence-spacer.kt-block-spacer-21353_8722a4-e9 .kt-block-spacer{height:60px;}.wp-block-kadence-spacer.kt-block-spacer-21353_8722a4-e9 .kt-divider{border-top-width:1px;height:1px;border-top-color:#eee;width:80%;border-top-style:solid;}<\/style>\n<div class=\"wp-block-kadence-spacer aligncenter kt-block-spacer-21353_8722a4-e9\"><div class=\"kt-block-spacer kt-block-spacer-halign-center\"><hr class=\"kt-divider\"\/><\/div><\/div>\n\n\n\n<h2 class=\"wp-block-heading\" id=\"unterschied-prozess-vollton\">Wieso zwischen Prozess- und Volltonfarben unterscheiden?<\/h2>\n\n\n\n<p>Bevor wir dir anhand unserer Anleitung zeigen, wie du am sichersten deine Volltonfarbe anlegst, ein kurzer Exkurs. Warum wird im Druckprozess zwischen Prozess- und Volltonfarben unterschieden? Und was verstehen wir darunter \u00fcberhaupt?<\/p>\n\n\n\n<div class=\"wp-block-group has-infobox-bg-background-color has-background\"><div class=\"wp-block-group__inner-container is-layout-constrained wp-block-group-is-layout-constrained\">\n<h3 class=\"wp-block-heading has-text-align-left\" id=\"definition-prozessfarben\"><strong>Definition Prozessfarben<\/strong><\/h3>\n\n\n\n<p>Prozessfarben bezeichnen Farben, die sich beim \u00dcbereinanderdrucken mehrerer Grundt\u00f6ne ergeben. Sie entstehen somit erst w\u00e4hrend des eigentlichen Druckprozesses. Standardm\u00e4\u00dfig setzen diese sich beim Vierfarbdruck aus Cyan, Magenta, Yellow und Schwarz zusammen. Die Vielfalt der Farbt\u00f6ne entwickelt sich dabei durch die Zusammensetzung unterschiedlichster Prozentwerte.<\/p>\n<\/div><\/div>\n\n\n\n<p>Trotz Farbprofilen l\u00e4sst sich jedoch nicht der gesamte Farbraum der Prozessfarben auf allen Materialien gleich darstellen. Aufgrund der <strong>unterschiedlichen Verhaltensweise von Materialien<\/strong> (weiche Stoffe ziehen mehr Tinte als feste Platten) wird es beim Druck mit Prozessfarben trotz gleicher Farbwerte immer unterschiedliche Ergebnisse geben. Die <strong>L\u00f6sung \u2013 Volltonfarben<\/strong>. Ihnen werden f\u00fcr jedes Material manuelle Farbwerte mitgegeben. Das Ergebnis, es wird eine identische Farbwiedergabe auf verschiedenen Materialien erzeugt.<\/p>\n\n\n\n<div class=\"wp-block-group has-infobox-bg-background-color has-background\"><div class=\"wp-block-group__inner-container is-layout-constrained wp-block-group-is-layout-constrained\">\n<h3 class=\"wp-block-heading\" id=\"definition-volltonfarben\"><strong>Definition Volltonfarben<\/strong><\/h3>\n\n\n\n<p>Volltonfarben sind speziell vorgemischte Druckfarben. Sie werden auch Sonderfarben oder Schmuckfarben genannt und anstelle oder erg\u00e4nzend zu Prozessfarben angewendet, um Farbgenauigkeiten zu gew\u00e4hrleisten. Zu ihnen geh\u00f6ren unter anderem die Farbsysteme von HKS, Pantone und RAL.<\/p>\n<\/div><\/div>\n\n\n\n<div style=\"height:20px\" aria-hidden=\"true\" class=\"wp-block-spacer\"><\/div>\n\n\n\n<h3 class=\"wp-block-heading\" id=\"volltonfarben-vorteile-nachteile\">Vor- und Nachteile von Volltonfarben<\/h3>\n\n\n\n<div class=\"wp-block-group\"><div class=\"wp-block-group__inner-container is-layout-constrained wp-block-group-is-layout-constrained\">\n<div class=\"wp-block-columns is-layout-flex wp-container-core-columns-is-layout-9d6595d7 wp-block-columns-is-layout-flex\">\n<div class=\"wp-block-column is-layout-flow wp-block-column-is-layout-flow\"><style>.wp-block-kadence-iconlist.kt-svg-icon-list-items21353_c3a920-aa:not(.this-stops-third-party-issues){margin-top:0px;margin-bottom:0px;}.wp-block-kadence-iconlist.kt-svg-icon-list-items21353_c3a920-aa ul.kt-svg-icon-list:not(.this-prevents-issues):not(.this-stops-third-party-issues):not(.tijsloc){margin-top:0px;margin-right:0px;margin-bottom:var(--global-kb-spacing-sm, 1.5rem);margin-left:0px;}.wp-block-kadence-iconlist.kt-svg-icon-list-items21353_c3a920-aa ul.kt-svg-icon-list{grid-row-gap:5px;}.wp-block-kadence-iconlist.kt-svg-icon-list-items21353_c3a920-aa .kb-svg-icon-wrap{color:rgb(121, 181, 28);}.wp-block-kadence-iconlist.kt-svg-icon-list-items21353_c3a920-aa ul.kt-svg-icon-list .kt-svg-icon-list-item-wrap .kt-svg-icon-list-single{margin-right:10px;}.kt-svg-icon-list-items21353_c3a920-aa ul.kt-svg-icon-list .kt-svg-icon-list-level-0 .kt-svg-icon-list-single svg{font-size:20px;}<\/style>\n<div class=\"wp-block-kadence-iconlist kt-svg-icon-list-items kt-svg-icon-list-items21353_c3a920-aa kt-svg-icon-list-columns-1 alignnone\"><ul class=\"kt-svg-icon-list\"><style>.kt-svg-icon-list-item-21353_14dd47-03 .kt-svg-icon-list-text mark.kt-highlight{background-color:unset;font-style:normal;color:#f76a0c;-webkit-box-decoration-break:clone;box-decoration-break:clone;padding-top:0px;padding-right:0px;padding-bottom:0px;padding-left:0px;}<\/style>\n<li class=\"wp-block-kadence-listitem kt-svg-icon-list-item-wrap kt-svg-icon-list-item-21353_14dd47-03\"><span class=\"kb-svg-icon-wrap kb-svg-icon-fas_plus-circle kt-svg-icon-list-single\"><svg viewBox=\"0 0 512 512\"  fill=\"currentColor\" xmlns=\"http:\/\/www.w3.org\/2000\/svg\"  aria-hidden=\"true\"><path d=\"M256 8C119 8 8 119 8 256s111 248 248 248 248-111 248-248S393 8 256 8zm144 276c0 6.6-5.4 12-12 12h-92v92c0 6.6-5.4 12-12 12h-56c-6.6 0-12-5.4-12-12v-92h-92c-6.6 0-12-5.4-12-12v-56c0-6.6 5.4-12 12-12h92v-92c0-6.6 5.4-12 12-12h56c6.6 0 12 5.4 12 12v92h92c6.6 0 12 5.4 12 12v56z\"\/><\/svg><\/span><span class=\"kt-svg-icon-list-text\">standardm\u00e4\u00dfig auftretende Farbabweichungen auf verschiedenen Materialien stark reduziert<\/span><\/li>\n\n\n<style>.kt-svg-icon-list-item-21353_a997e8-98 .kt-svg-icon-list-text mark.kt-highlight{background-color:unset;font-style:normal;color:#f76a0c;-webkit-box-decoration-break:clone;box-decoration-break:clone;padding-top:0px;padding-right:0px;padding-bottom:0px;padding-left:0px;}<\/style>\n<li class=\"wp-block-kadence-listitem kt-svg-icon-list-item-wrap kt-svg-icon-list-item-21353_a997e8-98\"><span class=\"kb-svg-icon-wrap kb-svg-icon-fas_plus-circle kt-svg-icon-list-single\"><svg viewBox=\"0 0 512 512\"  fill=\"currentColor\" xmlns=\"http:\/\/www.w3.org\/2000\/svg\"  aria-hidden=\"true\"><path d=\"M256 8C119 8 8 119 8 256s111 248 248 248 248-111 248-248S393 8 256 8zm144 276c0 6.6-5.4 12-12 12h-92v92c0 6.6-5.4 12-12 12h-56c-6.6 0-12-5.4-12-12v-92h-92c-6.6 0-12-5.4-12-12v-56c0-6.6 5.4-12 12-12h92v-92c0-6.6 5.4-12 12-12h56c6.6 0 12 5.4 12 12v92h92c6.6 0 12 5.4 12 12v56z\"\/><\/svg><\/span><span class=\"kt-svg-icon-list-text\">bieten kr\u00e4ftigere, intensivere und brillantere Farben als herk\u00f6mmlich bekannte CMYK-Farbpalette<\/span><\/li>\n\n\n<style>.kt-svg-icon-list-item-21353_546f48-ff .kt-svg-icon-list-text mark.kt-highlight{background-color:unset;font-style:normal;color:#f76a0c;-webkit-box-decoration-break:clone;box-decoration-break:clone;padding-top:0px;padding-right:0px;padding-bottom:0px;padding-left:0px;}<\/style>\n<li class=\"wp-block-kadence-listitem kt-svg-icon-list-item-wrap kt-svg-icon-list-item-21353_546f48-ff\"><span class=\"kb-svg-icon-wrap kb-svg-icon-fas_plus-circle kt-svg-icon-list-single\"><svg viewBox=\"0 0 512 512\"  fill=\"currentColor\" xmlns=\"http:\/\/www.w3.org\/2000\/svg\"  aria-hidden=\"true\"><path d=\"M256 8C119 8 8 119 8 256s111 248 248 248 248-111 248-248S393 8 256 8zm144 276c0 6.6-5.4 12-12 12h-92v92c0 6.6-5.4 12-12 12h-56c-6.6 0-12-5.4-12-12v-92h-92c-6.6 0-12-5.4-12-12v-56c0-6.6 5.4-12 12-12h92v-92c0-6.6 5.4-12 12-12h56c6.6 0 12 5.4 12 12v92h92c6.6 0 12 5.4 12 12v56z\"\/><\/svg><\/span><span class=\"kt-svg-icon-list-text\">erm\u00f6glichen die Verwendung von Metallic-Effekten und Neonfarben<\/span><\/li>\n\n\n<style>.kt-svg-icon-list-item-21353_002ee2-57 .kt-svg-icon-list-text mark.kt-highlight{background-color:unset;font-style:normal;color:#f76a0c;-webkit-box-decoration-break:clone;box-decoration-break:clone;padding-top:0px;padding-right:0px;padding-bottom:0px;padding-left:0px;}<\/style>\n<li class=\"wp-block-kadence-listitem kt-svg-icon-list-item-wrap kt-svg-icon-list-item-21353_002ee2-57\"><span class=\"kb-svg-icon-wrap kb-svg-icon-fas_plus-circle kt-svg-icon-list-single\"><svg viewBox=\"0 0 512 512\"  fill=\"currentColor\" xmlns=\"http:\/\/www.w3.org\/2000\/svg\"  aria-hidden=\"true\"><path d=\"M256 8C119 8 8 119 8 256s111 248 248 248 248-111 248-248S393 8 256 8zm144 276c0 6.6-5.4 12-12 12h-92v92c0 6.6-5.4 12-12 12h-56c-6.6 0-12-5.4-12-12v-92h-92c-6.6 0-12-5.4-12-12v-56c0-6.6 5.4-12 12-12h92v-92c0-6.6 5.4-12 12-12h56c6.6 0 12 5.4 12 12v92h92c6.6 0 12 5.4 12 12v56z\"\/><\/svg><\/span><span class=\"kt-svg-icon-list-text\">genormte Farbt\u00f6ne, die unabh\u00e4ngig vom subjektiven Farbempfinden weltweit gleich aussehen (Voraussetzung: Verwendung des aktuellsten Farbf\u00e4chers)<\/span><\/li>\n<\/ul><\/div>\n<\/div>\n\n\n\n<div class=\"wp-block-column is-layout-flow wp-block-column-is-layout-flow\"><style>.wp-block-kadence-iconlist.kt-svg-icon-list-items21353_29c2e1-6e:not(.this-stops-third-party-issues){margin-top:0px;margin-bottom:0px;}.wp-block-kadence-iconlist.kt-svg-icon-list-items21353_29c2e1-6e ul.kt-svg-icon-list:not(.this-prevents-issues):not(.this-stops-third-party-issues):not(.tijsloc){margin-top:0px;margin-right:0px;margin-bottom:var(--global-kb-spacing-sm, 1.5rem);margin-left:0px;}.wp-block-kadence-iconlist.kt-svg-icon-list-items21353_29c2e1-6e ul.kt-svg-icon-list{grid-row-gap:5px;}.wp-block-kadence-iconlist.kt-svg-icon-list-items21353_29c2e1-6e .kb-svg-icon-wrap{color:rgb(207, 46, 46);}.wp-block-kadence-iconlist.kt-svg-icon-list-items21353_29c2e1-6e ul.kt-svg-icon-list .kt-svg-icon-list-item-wrap .kt-svg-icon-list-single{margin-right:10px;}.kt-svg-icon-list-items21353_29c2e1-6e ul.kt-svg-icon-list .kt-svg-icon-list-level-0 .kt-svg-icon-list-single svg{font-size:20px;}<\/style>\n<div class=\"wp-block-kadence-iconlist kt-svg-icon-list-items kt-svg-icon-list-items21353_29c2e1-6e kt-svg-icon-list-columns-1 alignnone\"><ul class=\"kt-svg-icon-list\"><style>.kt-svg-icon-list-item-21353_fe8a64-b6 .kt-svg-icon-list-text mark.kt-highlight{background-color:unset;font-style:normal;color:#f76a0c;-webkit-box-decoration-break:clone;box-decoration-break:clone;padding-top:0px;padding-right:0px;padding-bottom:0px;padding-left:0px;}<\/style>\n<li class=\"wp-block-kadence-listitem kt-svg-icon-list-item-wrap kt-svg-icon-list-item-21353_fe8a64-b6\"><span class=\"kb-svg-icon-wrap kb-svg-icon-fas_minus-circle kt-svg-icon-list-single\"><svg viewBox=\"0 0 512 512\"  fill=\"currentColor\" xmlns=\"http:\/\/www.w3.org\/2000\/svg\"  aria-hidden=\"true\"><path d=\"M256 8C119 8 8 119 8 256s111 248 248 248 248-111 248-248S393 8 256 8zM124 296c-6.6 0-12-5.4-12-12v-56c0-6.6 5.4-12 12-12h264c6.6 0 12 5.4 12 12v56c0 6.6-5.4 12-12 12H124z\"\/><\/svg><\/span><span class=\"kt-svg-icon-list-text\">keine unbegrenzte Anzahl von Sonderfarben im Siebdruck anwendbar (variiert nach Druckerei)<\/span><\/li>\n\n\n<style>.kt-svg-icon-list-item-21353_c5d906-8b .kt-svg-icon-list-text mark.kt-highlight{background-color:unset;font-style:normal;color:#f76a0c;-webkit-box-decoration-break:clone;box-decoration-break:clone;padding-top:0px;padding-right:0px;padding-bottom:0px;padding-left:0px;}<\/style>\n<li class=\"wp-block-kadence-listitem kt-svg-icon-list-item-wrap kt-svg-icon-list-item-21353_c5d906-8b\"><span class=\"kb-svg-icon-wrap kb-svg-icon-fas_minus-circle kt-svg-icon-list-single\"><svg viewBox=\"0 0 512 512\"  fill=\"currentColor\" xmlns=\"http:\/\/www.w3.org\/2000\/svg\"  aria-hidden=\"true\"><path d=\"M256 8C119 8 8 119 8 256s111 248 248 248 248-111 248-248S393 8 256 8zM124 296c-6.6 0-12-5.4-12-12v-56c0-6.6 5.4-12 12-12h264c6.6 0 12 5.4 12 12v56c0 6.6-5.4 12-12 12H124z\"\/><\/svg><\/span><span class=\"kt-svg-icon-list-text\">Einsatz kann Kosten sparen, aber auch Mehrkosten verursachen (je nach Druckverfahren und Anzahl der Farben)<\/span><\/li>\n\n\n<style>.kt-svg-icon-list-item-21353_d8b19d-51 .kt-svg-icon-list-text mark.kt-highlight{background-color:unset;font-style:normal;color:#f76a0c;-webkit-box-decoration-break:clone;box-decoration-break:clone;padding-top:0px;padding-right:0px;padding-bottom:0px;padding-left:0px;}<\/style>\n<li class=\"wp-block-kadence-listitem kt-svg-icon-list-item-wrap kt-svg-icon-list-item-21353_d8b19d-51\"><span class=\"kb-svg-icon-wrap kb-svg-icon-fas_minus-circle kt-svg-icon-list-single\"><svg viewBox=\"0 0 512 512\"  fill=\"currentColor\" xmlns=\"http:\/\/www.w3.org\/2000\/svg\"  aria-hidden=\"true\"><path d=\"M256 8C119 8 8 119 8 256s111 248 248 248 248-111 248-248S393 8 256 8zM124 296c-6.6 0-12-5.4-12-12v-56c0-6.6 5.4-12 12-12h264c6.6 0 12 5.4 12 12v56c0 6.6-5.4 12-12 12H124z\"\/><\/svg><\/span><span class=\"kt-svg-icon-list-text\">Metallic- und Neonfarben nur mit speziellen Druckmaschinen und Tinten umsetzbar<\/span><\/li>\n<\/ul><\/div>\n<\/div>\n<\/div>\n<\/div><\/div>\n\n\n\n<div style=\"height:20px\" aria-hidden=\"true\" class=\"wp-block-spacer\"><\/div>\n\n\n\n<p><strong>Anwendung <\/strong>finden Sonderfarben besonders als <strong>Hausfarben von Unternehmen<\/strong>. Auf diese Weise kann ihnen eine identische Farbwiedergabe in jeglichen Medien-Bereichen gew\u00e4hrleistet werden. Ob Printmedien, Online-Werbung oder im Fernsehen, Schmuckfarben eignen sich hervorragend f\u00fcr ein einheitliches Corporate Design. Auch Baum\u00e4rkte verwenden f\u00fcr <strong>Wandfarben <\/strong>ausschlie\u00dflich RAL-Farbf\u00e4cher sowie HKS- und PANTONE-Farben.<\/p>\n\n\n\n<div style=\"height:30px\" aria-hidden=\"true\" class=\"wp-block-spacer\"><\/div>\n\n\n\n<div class=\"wp-block-columns has-infobox-bg-background-color has-background is-layout-flex wp-container-core-columns-is-layout-9d6595d7 wp-block-columns-is-layout-flex\">\n<div class=\"wp-block-column is-vertically-aligned-center is-layout-flow wp-block-column-is-layout-flow\" style=\"flex-basis:10%\"><style>.kt-svg-icons21353_f50a11-51 .kt-svg-item-0 .kb-svg-icon-wrap{color:var(--global-palette4, #2D3748);font-size:50px;}.wp-block-kadence-icon.kt-svg-icons21353_f50a11-51{justify-content:center;}<\/style>\n<div class=\"wp-block-kadence-icon kt-svg-icons kt-svg-icons21353_f50a11-51 alignnone\"><style>.kt-svg-item-21353_7081cf-5b .kb-svg-icon-wrap, .kt-svg-style-stacked.kt-svg-item-21353_7081cf-5b .kb-svg-icon-wrap{color:rgb(0, 98, 161);font-size:50px;}<\/style>\n<div class=\"wp-block-kadence-single-icon kt-svg-style-default kt-svg-icon-wrap kt-svg-item-21353_7081cf-5b\"><span class=\"kb-svg-icon-wrap kb-svg-icon-fas_info-circle\"><svg viewBox=\"0 0 512 512\"  fill=\"currentColor\" xmlns=\"http:\/\/www.w3.org\/2000\/svg\"  aria-hidden=\"true\"><path d=\"M256 8C119.043 8 8 119.083 8 256c0 136.997 111.043 248 248 248s248-111.003 248-248C504 119.083 392.957 8 256 8zm0 110c23.196 0 42 18.804 42 42s-18.804 42-42 42-42-18.804-42-42 18.804-42 42-42zm56 254c0 6.627-5.373 12-12 12h-88c-6.627 0-12-5.373-12-12v-24c0-6.627 5.373-12 12-12h12v-64h-12c-6.627 0-12-5.373-12-12v-24c0-6.627 5.373-12 12-12h64c6.627 0 12 5.373 12 12v100h12c6.627 0 12 5.373 12 12v24z\"\/><\/svg><\/span><\/div>\n<\/div>\n<\/div>\n\n\n\n<div class=\"wp-block-column is-layout-flow wp-block-column-is-layout-flow\" style=\"flex-basis:90%\">\n<p>Noch mehr Details und Informationen zum Thema Farbwiedergabe sind in unserem Blogbeitrag <a href=\"https:\/\/www.vispronet.de\/blog\/was-ist-colormanagement\/\" target=\"_blank\" rel=\"noreferrer noopener\">\u201eWas ist Colormanagement?\u201c<\/a> zu finden.<\/p>\n<\/div>\n<\/div>\n\n\n\n<div style=\"height:30px\" aria-hidden=\"true\" class=\"wp-block-spacer\"><\/div>\n\n\n<style>.wp-block-kadence-spacer.kt-block-spacer-21353_cb47f8-42 .kt-block-spacer{height:60px;}.wp-block-kadence-spacer.kt-block-spacer-21353_cb47f8-42 .kt-divider{border-top-width:1px;height:1px;border-top-color:#eee;width:80%;border-top-style:solid;}<\/style>\n<div class=\"wp-block-kadence-spacer aligncenter kt-block-spacer-21353_cb47f8-42\"><div class=\"kt-block-spacer kt-block-spacer-halign-center\"><hr class=\"kt-divider\"\/><\/div><\/div>\n\n\n\n<div style=\"height:20px\" aria-hidden=\"true\" class=\"wp-block-spacer\"><\/div>\n\n\n\n<h2 class=\"wp-block-heading\" id=\"tutorial-volltonfarbe-anlegen\">Anleitung \u2013 Volltonfarbe anlegen<\/h2>\n\n\n\n<p>Willst du auf Nummer sicher gehen, dass dein Motiv trotz unterschiedlicher Bedruckstoffe auf all deinen Produkten eine <strong>identische Farbwiedergabe<\/strong> vorweist? Dann ist eine Sonderfarbe genau das, was du brauchst. In unserer Online Druckerei hast du die M\u00f6glichkeit aus den <strong>Farbsystemen Pantone C bzw. U, RAL und HKS N<\/strong> zu w\u00e4hlen. Ebenso akzeptieren wir Schwarz sowie Schwarz Vollton %.<\/p>\n\n\n\n<p class=\"has-infobox-bg-background-color has-background\">Wie genau du deine Sonderfarbe bei deiner Bestellung in unserem <a href=\"https:\/\/www.vispronet.de\/\" target=\"_blank\" rel=\"noreferrer noopener\">Vispronet\u00ae Shop<\/a> angibst, findest du in dieser <a href=\"https:\/\/www.vispronet.de\/info-support\/visprodesign-druckdaten\/digitaldruck-mit-sonderfarben\/\" target=\"_blank\" rel=\"noreferrer noopener\">Beschreibung<\/a>.<\/p>\n\n\n\n<div style=\"height:20px\" aria-hidden=\"true\" class=\"wp-block-spacer\"><\/div>\n\n\n\n<p>Dieses Tutorial l\u00e4sst sich selbstverst\u00e4ndlich <strong>auf jede gew\u00fcnschte Farbe anwenden<\/strong>. Zur Veranschaulichung erl\u00e4utern wir dir die verschiedenen Vorg\u00e4nge im Folgenden anhand der <strong>Sonderfarbe Schwarz<\/strong>. Sieh dir daf\u00fcr die von uns zur Verf\u00fcgung gestellte Layoutvorlage zu deinem konfigurierten Wunschprodukt an. Dort solltest du den Hinweis finden, diese f\u00fcr eine intensivere Farbwiedergabe anzulegen. <\/p>\n\n\n<div class=\"wp-block-image\">\n<figure class=\"aligncenter size-full\"><img loading=\"lazy\" decoding=\"async\" width=\"1133\" height=\"416\" src=\"https:\/\/www.vispronet.de\/blog\/wp-content\/uploads\/hinweis-sonderfarbe-schwarz-layoutvorlage-1.jpg\" alt=\"Hinweis zu Schwarz als Sonderfarbe in Layoutvorlage\" class=\"wp-image-28346\" srcset=\"https:\/\/www.vispronet.de\/blog\/wp-content\/uploads\/hinweis-sonderfarbe-schwarz-layoutvorlage-1.jpg 1133w, https:\/\/www.vispronet.de\/blog\/wp-content\/uploads\/hinweis-sonderfarbe-schwarz-layoutvorlage-1-768x282.jpg 768w, https:\/\/www.vispronet.de\/blog\/wp-content\/uploads\/hinweis-sonderfarbe-schwarz-layoutvorlage-1-1024x376.jpg 1024w, https:\/\/www.vispronet.de\/blog\/wp-content\/uploads\/hinweis-sonderfarbe-schwarz-layoutvorlage-1-300x110.jpg 300w, https:\/\/www.vispronet.de\/blog\/wp-content\/uploads\/hinweis-sonderfarbe-schwarz-layoutvorlage-1-440x162.jpg 440w\" sizes=\"auto, (max-width: 1133px) 100vw, 1133px\" \/><\/figure>\n<\/div>\n\n\n<p>Bevor wir die erw\u00fcnschte Volltonfarbe anlegen k\u00f6nnen, erstellen wir selbstverst\u00e4ndlich unser Design mit Hilfe der erw\u00e4hnten Vorlage. Sobald dieses steht, kann den einzelnen Objekten ihre Farbe zugeordnet werden.<\/p>\n\n\n\n<div style=\"height:20px\" aria-hidden=\"true\" class=\"wp-block-spacer\"><\/div>\n\n\n\n<div class=\"wp-block-columns has-infobox-bg-background-color has-background is-layout-flex wp-container-core-columns-is-layout-9d6595d7 wp-block-columns-is-layout-flex\">\n<div class=\"wp-block-column is-vertically-aligned-center is-layout-flow wp-block-column-is-layout-flow\" style=\"flex-basis:10%\"><style>.kt-svg-icons21353_991ff3-48 .kt-svg-item-0 .kb-svg-icon-wrap{color:var(--global-palette4, #2D3748);font-size:50px;}.wp-block-kadence-icon.kt-svg-icons21353_991ff3-48{justify-content:center;}<\/style>\n<div class=\"wp-block-kadence-icon kt-svg-icons kt-svg-icons21353_991ff3-48 alignnone\"><style>.kt-svg-item-21353_8efac9-bb .kb-svg-icon-wrap, .kt-svg-style-stacked.kt-svg-item-21353_8efac9-bb .kb-svg-icon-wrap{color:rgb(0, 98, 161);font-size:50px;}<\/style>\n<div class=\"wp-block-kadence-single-icon kt-svg-style-default kt-svg-icon-wrap kt-svg-item-21353_8efac9-bb\"><span class=\"kb-svg-icon-wrap kb-svg-icon-fas_info-circle\"><svg viewBox=\"0 0 512 512\"  fill=\"currentColor\" xmlns=\"http:\/\/www.w3.org\/2000\/svg\"  aria-hidden=\"true\"><path d=\"M256 8C119.043 8 8 119.083 8 256c0 136.997 111.043 248 248 248s248-111.003 248-248C504 119.083 392.957 8 256 8zm0 110c23.196 0 42 18.804 42 42s-18.804 42-42 42-42-18.804-42-42 18.804-42 42-42zm56 254c0 6.627-5.373 12-12 12h-88c-6.627 0-12-5.373-12-12v-24c0-6.627 5.373-12 12-12h12v-64h-12c-6.627 0-12-5.373-12-12v-24c0-6.627 5.373-12 12-12h64c6.627 0 12 5.373 12 12v100h12c6.627 0 12 5.373 12 12v24z\"\/><\/svg><\/span><\/div>\n<\/div>\n<\/div>\n\n\n\n<div class=\"wp-block-column is-layout-flow wp-block-column-is-layout-flow\" style=\"flex-basis:90%\">\n<p>Eine detaillierte <a href=\"https:\/\/www.vispronet.de\/blog\/druck-pdf-erstellen\/#vorlage\" target=\"_blank\" rel=\"noreferrer noopener\">Anweisung zur Verwendung unserer Layoutvorlage<\/a> findest du in unserem Blogbeitrag zur Druck PDF Erstellung.<\/p>\n<\/div>\n<\/div>\n\n\n\n<div style=\"height:20px\" aria-hidden=\"true\" class=\"wp-block-spacer\"><\/div>\n\n\n\n<h3 class=\"wp-block-heading\" id=\"volltonfarbe-indesign\">Volltonfarbe in InDesign anlegen<\/h3>\n\n\n\n<p style=\"text-decoration:underline\">1. Neues Farbfeld erzeugen<\/p>\n\n\n\n<div class=\"wp-block-media-text has-media-on-the-right is-stacked-on-mobile\"><div class=\"wp-block-media-text__content\">\n<p>\u00dcber das Fenster \u201eFarbfelder\u201c und das Men\u00fcsymbol rechts oben erzeugen wir ein \u201eNeues Farbfeld\u201c.<\/p>\n<\/div><figure class=\"wp-block-media-text__media\"><a href=\"https:\/\/www.vispronet.de\/blog\/wp-content\/uploads\/neues-farbfeld.jpg\" data-rel=\"lightbox-image-0\" data-magnific_type=\"image\" data-rl_title=\"\" data-rl_caption=\"\" title=\"\"><img loading=\"lazy\" decoding=\"async\" width=\"493\" height=\"446\" src=\"https:\/\/www.vispronet.de\/blog\/wp-content\/uploads\/neues-farbfeld.jpg\" alt=\"Neues Farbfeld in InDesign erzeugen\" class=\"wp-image-21427 size-full\" srcset=\"https:\/\/www.vispronet.de\/blog\/wp-content\/uploads\/neues-farbfeld.jpg 493w, https:\/\/www.vispronet.de\/blog\/wp-content\/uploads\/neues-farbfeld-300x271.jpg 300w, https:\/\/www.vispronet.de\/blog\/wp-content\/uploads\/neues-farbfeld-440x398.jpg 440w\" sizes=\"auto, (max-width: 493px) 100vw, 493px\" \/><\/a><\/figure><\/div>\n\n\n\n<p style=\"text-decoration:underline\">2. Farbton bestimmen<\/p>\n\n\n\n<div class=\"wp-block-media-text is-stacked-on-mobile\"><figure class=\"wp-block-media-text__media\"><a href=\"https:\/\/www.vispronet.de\/blog\/wp-content\/uploads\/geschuetzte-Farben-1.jpg\" data-rel=\"lightbox-image-1\" data-magnific_type=\"image\" data-rl_title=\"\" data-rl_caption=\"\" title=\"\"><img loading=\"lazy\" decoding=\"async\" width=\"311\" height=\"311\" src=\"https:\/\/www.vispronet.de\/blog\/wp-content\/uploads\/geschuetzte-Farben-1.jpg\" alt=\"Gesch\u00fctzte Farben in InDesign: Cyan, Magenta, Gelb, Schwarz\" class=\"wp-image-21459 size-full\" srcset=\"https:\/\/www.vispronet.de\/blog\/wp-content\/uploads\/geschuetzte-Farben-1.jpg 311w, https:\/\/www.vispronet.de\/blog\/wp-content\/uploads\/geschuetzte-Farben-1-150x150.jpg 150w, https:\/\/www.vispronet.de\/blog\/wp-content\/uploads\/geschuetzte-Farben-1-300x300.jpg 300w\" sizes=\"auto, (max-width: 311px) 100vw, 311px\" \/><\/a><\/figure><div class=\"wp-block-media-text__content\">\n<p>An dieser Stelle unterscheidet sich der weitere Ablauf in InDesign von anderen Programmen. Da die Farbbezeichnung \u201eSchwarz\u201c in diesem Programm neben Cyan, Magenta und Gelb eine <strong>gesch\u00fctzte Prozessfarbe<\/strong> ist, k\u00f6nnen wir nicht wie in der Vorlage beschrieben verfahren. Hierzu ben\u00f6tigt es eine <strong>explizite PANTONE Volltonfarbe<\/strong> (PANTONE Black C), die wir im folgenden Schritt den Farbfeldern hinzuf\u00fcgen.<\/p>\n<\/div><\/div>\n\n\n\n<p><strong>Variante 1<\/strong><\/p>\n\n\n\n<p>Navigieren wir zu \u201e<strong>Farbmodus<\/strong>\u201c, \u00f6ffnet sich eine <strong>Auswahl an unterschiedlichsten Farbpaletten<\/strong>. Hier kann, sofern vorhanden, der gew\u00fcnschte Farbf\u00e4cher (HKS, PANTONE, RAL etc.) und die daraus ben\u00f6tigte Volltonfarbe ausgew\u00e4hlt werden. Nach Best\u00e4tigung der Eingaben ist der Vorgang des Anlegens einer Volltonfarbe an dieser Stelle abgeschlossen.<\/p>\n\n\n\n<div class=\"wp-block-columns is-layout-flex wp-container-core-columns-is-layout-9d6595d7 wp-block-columns-is-layout-flex\">\n<div class=\"wp-block-column is-layout-flow wp-block-column-is-layout-flow\">\n<figure class=\"wp-block-image size-full\"><a href=\"https:\/\/www.vispronet.de\/blog\/wp-content\/uploads\/farbmodus-PANTONE.jpg\" data-rel=\"lightbox-image-2\" data-magnific_type=\"image\" data-rl_title=\"\" data-rl_caption=\"\" title=\"\"><img loading=\"lazy\" decoding=\"async\" width=\"775\" height=\"852\" src=\"https:\/\/www.vispronet.de\/blog\/wp-content\/uploads\/farbmodus-PANTONE.jpg\" alt=\"Fardmodus in InDesign ausw\u00e4hlen\" class=\"wp-image-21445\" style=\"aspect-ratio:1;object-fit:contain\" srcset=\"https:\/\/www.vispronet.de\/blog\/wp-content\/uploads\/farbmodus-PANTONE.jpg 775w, https:\/\/www.vispronet.de\/blog\/wp-content\/uploads\/farbmodus-PANTONE-768x844.jpg 768w, https:\/\/www.vispronet.de\/blog\/wp-content\/uploads\/farbmodus-PANTONE-300x330.jpg 300w, https:\/\/www.vispronet.de\/blog\/wp-content\/uploads\/farbmodus-PANTONE-440x484.jpg 440w\" sizes=\"auto, (max-width: 775px) 100vw, 775px\" \/><\/a><figcaption class=\"wp-element-caption\">Farbpalette ausw\u00e4hlen<\/figcaption><\/figure>\n<\/div>\n\n\n\n<div class=\"wp-block-column is-layout-flow wp-block-column-is-layout-flow\">\n<figure class=\"wp-block-image size-full\"><a href=\"https:\/\/www.vispronet.de\/blog\/wp-content\/uploads\/farbe-PANTONE-Black-c.jpg\" data-rel=\"lightbox-image-3\" data-magnific_type=\"image\" data-rl_title=\"\" data-rl_caption=\"\" title=\"\"><img loading=\"lazy\" decoding=\"async\" width=\"551\" height=\"429\" src=\"https:\/\/www.vispronet.de\/blog\/wp-content\/uploads\/farbe-PANTONE-Black-c.jpg\" alt=\"Auswahl der Farbe PANTONE Black C\" class=\"wp-image-21447\" style=\"aspect-ratio:1;object-fit:contain\" srcset=\"https:\/\/www.vispronet.de\/blog\/wp-content\/uploads\/farbe-PANTONE-Black-c.jpg 551w, https:\/\/www.vispronet.de\/blog\/wp-content\/uploads\/farbe-PANTONE-Black-c-300x234.jpg 300w, https:\/\/www.vispronet.de\/blog\/wp-content\/uploads\/farbe-PANTONE-Black-c-440x343.jpg 440w\" sizes=\"auto, (max-width: 551px) 100vw, 551px\" \/><\/a><figcaption class=\"wp-element-caption\">ben\u00f6tigten Vollton bestimmen<\/figcaption><\/figure>\n<\/div>\n<\/div>\n\n\n\n<p><strong>Variante 2<\/strong><\/p>\n\n\n\n<p>Da die PANTONE Farben seit Kurzem allerdings nicht mehr zu den Standard-Bibliotheken der Adobe Programme z\u00e4hlen, bleiben zwei M\u00f6glichkeiten sie auf anderem Wege zu verwenden: 1. PANTONE Plugin kaufen oder 2. die <strong>Farbe als eigene Volltonfarbe anlegen<\/strong>. Letzteres geht schnell &amp; einfach!<\/p>\n\n\n\n<div class=\"wp-block-media-text has-media-on-the-right is-stacked-on-mobile\"><div class=\"wp-block-media-text__content\">\n<p><strong>F\u00fcr ein tiefes Schwarz:<\/strong><\/p>\n\n\n\n<p>Neues Farbfeld &gt; Farbtyp: Vollton &gt; Farbmodus: CMYK &gt; C=0 M=0 Y=0 Schwarz=100<\/p>\n\n\n\n<div style=\"height:40px\" aria-hidden=\"true\" class=\"wp-block-spacer\"><\/div>\n\n\n\n<p>So haben wir im Handumdrehen unser kr\u00e4ftiges Schwarz als Volltonfarbe angelegt. Alles, was nun fehlt, ist die korrekte Farbbezeichnung.<\/p>\n<\/div><figure class=\"wp-block-media-text__media\"><a href=\"https:\/\/www.vispronet.de\/blog\/wp-content\/uploads\/PANTONE-Black-C.jpg\" data-rel=\"lightbox-image-4\" data-magnific_type=\"image\" data-rl_title=\"\" data-rl_caption=\"\" title=\"\"><img loading=\"lazy\" decoding=\"async\" width=\"549\" height=\"429\" src=\"https:\/\/www.vispronet.de\/blog\/wp-content\/uploads\/PANTONE-Black-C.jpg\" alt=\"Farbtyp Vollton in InDesign\" class=\"wp-image-21451 size-full\" srcset=\"https:\/\/www.vispronet.de\/blog\/wp-content\/uploads\/PANTONE-Black-C.jpg 549w, https:\/\/www.vispronet.de\/blog\/wp-content\/uploads\/PANTONE-Black-C-300x234.jpg 300w, https:\/\/www.vispronet.de\/blog\/wp-content\/uploads\/PANTONE-Black-C-440x344.jpg 440w\" sizes=\"auto, (max-width: 549px) 100vw, 549px\" \/><\/a><\/figure><\/div>\n\n\n\n<p style=\"text-decoration:underline\">3. Farbnamen vergeben<\/p>\n\n\n\n<p>Eine <strong>Fehlerquelle <\/strong>bei der Verwendung von Sonderfarben stellt oft der vergebene Farbname dar. Dabei gibt es vor allem zwei Punkte zu beachten:<\/p>\n\n\n\n<div style=\"height:30px\" aria-hidden=\"true\" class=\"wp-block-spacer\"><\/div>\n\n\n\n<p><strong>1. Gesch\u00fctzte Farbnamen<\/strong><\/p>\n\n\n\n<p>Cyan, Magenta, Gelb und Schwarz sind, wie in Punkt 2 \u201eFarbton bestimmen\u201c erw\u00e4hnt, gesch\u00fctzte Farbnamen in InDesign. Gibst du deiner selbst angelegten Volltonfarbe also eine <strong>falsche Bezeichnung,<\/strong> kann auch das bereits zu Problemen im weiteren Druckprozess f\u00fchren.<\/p>\n\n\n\n<div style=\"height:30px\" aria-hidden=\"true\" class=\"wp-block-spacer\"><\/div>\n\n\n\n<div class=\"wp-block-columns is-layout-flex wp-container-core-columns-is-layout-9d6595d7 wp-block-columns-is-layout-flex\">\n<div class=\"wp-block-column is-layout-flow wp-block-column-is-layout-flow\"><style>.wp-block-kadence-iconlist.kt-svg-icon-list-items21353_024cbc-95:not(.this-stops-third-party-issues){margin-top:0px;margin-bottom:0px;}.wp-block-kadence-iconlist.kt-svg-icon-list-items21353_024cbc-95 ul.kt-svg-icon-list:not(.this-prevents-issues):not(.this-stops-third-party-issues):not(.tijsloc){margin-top:0px;margin-right:0px;margin-bottom:var(--global-kb-spacing-sm, 1.5rem);margin-left:0px;}.wp-block-kadence-iconlist.kt-svg-icon-list-items21353_024cbc-95 ul.kt-svg-icon-list{grid-row-gap:5px;}.wp-block-kadence-iconlist.kt-svg-icon-list-items21353_024cbc-95 ul.kt-svg-icon-list .kt-svg-icon-list-item-wrap .kt-svg-icon-list-single{margin-right:10px;}.kt-svg-icon-list-items21353_024cbc-95 ul.kt-svg-icon-list .kt-svg-icon-list-level-0 .kt-svg-icon-list-single svg{font-size:20px;}<\/style>\n<div class=\"wp-block-kadence-iconlist kt-svg-icon-list-items kt-svg-icon-list-items21353_024cbc-95 kt-svg-icon-list-columns-1 aligncenter\"><ul class=\"kt-svg-icon-list\"><style>.kt-svg-icon-list-item-21353_99d9cd-e8 .kt-svg-icon-list-single{color:rgb(207, 46, 46) !important;}.kt-svg-icon-list-item-21353_99d9cd-e8 .kt-svg-icon-list-text mark.kt-highlight{background-color:unset;font-style:normal;color:#f76a0c;-webkit-box-decoration-break:clone;box-decoration-break:clone;padding-top:0px;padding-right:0px;padding-bottom:0px;padding-left:0px;}<\/style>\n<li class=\"wp-block-kadence-listitem kt-svg-icon-list-item-wrap kt-svg-icon-list-item-21353_99d9cd-e8\"><span class=\"kb-svg-icon-wrap kb-svg-icon-fas_minus-circle kt-svg-icon-list-single\"><svg viewBox=\"0 0 512 512\"  fill=\"currentColor\" xmlns=\"http:\/\/www.w3.org\/2000\/svg\"  aria-hidden=\"true\"><path d=\"M256 8C119 8 8 119 8 256s111 248 248 248 248-111 248-248S393 8 256 8zM124 296c-6.6 0-12-5.4-12-12v-56c0-6.6 5.4-12 12-12h264c6.6 0 12 5.4 12 12v56c0 6.6-5.4 12-12 12H124z\"\/><\/svg><\/span><span class=\"kt-svg-icon-list-text\"><strong>falsch<\/strong><\/span><\/li>\n<\/ul><\/div>\n\n\n\n<figure class=\"wp-block-image size-full\"><a href=\"https:\/\/www.vispronet.de\/blog\/wp-content\/uploads\/farbname-geschuetzt-falsch.png\" data-rel=\"lightbox-image-5\" data-magnific_type=\"image\" data-rl_title=\"\" data-rl_caption=\"\" title=\"\"><img loading=\"lazy\" decoding=\"async\" width=\"315\" height=\"409\" src=\"https:\/\/www.vispronet.de\/blog\/wp-content\/uploads\/farbname-geschuetzt-falsch.png\" alt=\"Falsche Farbbezeichnung der angelegten Volltonfarbe\" class=\"wp-image-21559\" srcset=\"https:\/\/www.vispronet.de\/blog\/wp-content\/uploads\/farbname-geschuetzt-falsch.png 315w, https:\/\/www.vispronet.de\/blog\/wp-content\/uploads\/farbname-geschuetzt-falsch-300x390.png 300w\" sizes=\"auto, (max-width: 315px) 100vw, 315px\" \/><\/a><\/figure>\n<\/div>\n\n\n\n<div class=\"wp-block-column is-layout-flow wp-block-column-is-layout-flow\"><style>.wp-block-kadence-iconlist.kt-svg-icon-list-items21353_8179cf-c0:not(.this-stops-third-party-issues){margin-top:0px;margin-bottom:0px;}.wp-block-kadence-iconlist.kt-svg-icon-list-items21353_8179cf-c0 ul.kt-svg-icon-list:not(.this-prevents-issues):not(.this-stops-third-party-issues):not(.tijsloc){margin-top:0px;margin-right:0px;margin-bottom:var(--global-kb-spacing-sm, 1.5rem);margin-left:0px;}.wp-block-kadence-iconlist.kt-svg-icon-list-items21353_8179cf-c0 ul.kt-svg-icon-list{grid-row-gap:5px;}.wp-block-kadence-iconlist.kt-svg-icon-list-items21353_8179cf-c0 ul.kt-svg-icon-list .kt-svg-icon-list-item-wrap .kt-svg-icon-list-single{margin-right:10px;}.kt-svg-icon-list-items21353_8179cf-c0 ul.kt-svg-icon-list .kt-svg-icon-list-level-0 .kt-svg-icon-list-single svg{font-size:20px;}<\/style>\n<div class=\"wp-block-kadence-iconlist kt-svg-icon-list-items kt-svg-icon-list-items21353_8179cf-c0 kt-svg-icon-list-columns-1 aligncenter\"><ul class=\"kt-svg-icon-list\"><style>.kt-svg-icon-list-item-21353_77f11f-0a .kt-svg-icon-list-single{color:rgb(121, 181, 28) !important;}.kt-svg-icon-list-item-21353_77f11f-0a .kt-svg-icon-list-text mark.kt-highlight{background-color:unset;font-style:normal;color:#f76a0c;-webkit-box-decoration-break:clone;box-decoration-break:clone;padding-top:0px;padding-right:0px;padding-bottom:0px;padding-left:0px;}<\/style>\n<li class=\"wp-block-kadence-listitem kt-svg-icon-list-item-wrap kt-svg-icon-list-item-21353_77f11f-0a\"><span class=\"kb-svg-icon-wrap kb-svg-icon-fas_plus-circle kt-svg-icon-list-single\"><svg viewBox=\"0 0 512 512\"  fill=\"currentColor\" xmlns=\"http:\/\/www.w3.org\/2000\/svg\"  aria-hidden=\"true\"><path d=\"M256 8C119 8 8 119 8 256s111 248 248 248 248-111 248-248S393 8 256 8zm144 276c0 6.6-5.4 12-12 12h-92v92c0 6.6-5.4 12-12 12h-56c-6.6 0-12-5.4-12-12v-92h-92c-6.6 0-12-5.4-12-12v-56c0-6.6 5.4-12 12-12h92v-92c0-6.6 5.4-12 12-12h56c6.6 0 12 5.4 12 12v92h92c6.6 0 12 5.4 12 12v56z\"\/><\/svg><\/span><span class=\"kt-svg-icon-list-text\"><strong>richtig<\/strong><\/span><\/li>\n<\/ul><\/div>\n\n\n\n<figure class=\"wp-block-image size-full\"><a href=\"https:\/\/www.vispronet.de\/blog\/wp-content\/uploads\/farbname-korrekt-1.png\" data-rel=\"lightbox-image-6\" data-magnific_type=\"image\" data-rl_title=\"\" data-rl_caption=\"\" title=\"\"><img loading=\"lazy\" decoding=\"async\" width=\"315\" height=\"410\" src=\"https:\/\/www.vispronet.de\/blog\/wp-content\/uploads\/farbname-korrekt-1.png\" alt=\"Korrekter Farbname der angelegten Volltonfarbe\" class=\"wp-image-21489\" srcset=\"https:\/\/www.vispronet.de\/blog\/wp-content\/uploads\/farbname-korrekt-1.png 315w, https:\/\/www.vispronet.de\/blog\/wp-content\/uploads\/farbname-korrekt-1-300x390.png 300w\" sizes=\"auto, (max-width: 315px) 100vw, 315px\" \/><\/a><\/figure>\n<\/div>\n<\/div>\n\n\n\n<p><strong>2. Korrekte Schreibweise<\/strong><\/p>\n\n\n\n<p>Die korrekte Schreibweise der Volltonfarbe ist wichtig. Achte bei der Vergabe des Farbnamens auf <strong>Leerzeichen<\/strong> und die <strong>Gro\u00df- und Kleinschreibung<\/strong> deiner Farben. Damit vermeidest du Fehler und Verz\u00f6gerungen bei der Bearbeitung deiner Daten.<\/p>\n\n\n\n<div style=\"height:30px\" aria-hidden=\"true\" class=\"wp-block-spacer\"><\/div>\n\n\n\n<div class=\"wp-block-columns is-layout-flex wp-container-core-columns-is-layout-9d6595d7 wp-block-columns-is-layout-flex\">\n<div class=\"wp-block-column is-layout-flow wp-block-column-is-layout-flow\"><style>.wp-block-kadence-iconlist.kt-svg-icon-list-items21353_838c17-00:not(.this-stops-third-party-issues){margin-top:0px;margin-bottom:0px;}.wp-block-kadence-iconlist.kt-svg-icon-list-items21353_838c17-00 ul.kt-svg-icon-list:not(.this-prevents-issues):not(.this-stops-third-party-issues):not(.tijsloc){margin-top:0px;margin-right:0px;margin-bottom:var(--global-kb-spacing-sm, 1.5rem);margin-left:0px;}.wp-block-kadence-iconlist.kt-svg-icon-list-items21353_838c17-00 ul.kt-svg-icon-list{grid-row-gap:5px;}.wp-block-kadence-iconlist.kt-svg-icon-list-items21353_838c17-00 ul.kt-svg-icon-list .kt-svg-icon-list-item-wrap .kt-svg-icon-list-single{margin-right:10px;}.kt-svg-icon-list-items21353_838c17-00 ul.kt-svg-icon-list .kt-svg-icon-list-level-0 .kt-svg-icon-list-single svg{font-size:20px;}<\/style>\n<div class=\"wp-block-kadence-iconlist kt-svg-icon-list-items kt-svg-icon-list-items21353_838c17-00 kt-svg-icon-list-columns-1 aligncenter\"><ul class=\"kt-svg-icon-list\"><style>.kt-svg-icon-list-item-21353_9cf82c-05 .kt-svg-icon-list-single{color:rgb(207, 46, 46) !important;}.kt-svg-icon-list-item-21353_9cf82c-05 .kt-svg-icon-list-text mark.kt-highlight{background-color:unset;font-style:normal;color:#f76a0c;-webkit-box-decoration-break:clone;box-decoration-break:clone;padding-top:0px;padding-right:0px;padding-bottom:0px;padding-left:0px;}<\/style>\n<li class=\"wp-block-kadence-listitem kt-svg-icon-list-item-wrap kt-svg-icon-list-item-21353_9cf82c-05\"><span class=\"kb-svg-icon-wrap kb-svg-icon-fas_minus-circle kt-svg-icon-list-single\"><svg viewBox=\"0 0 512 512\"  fill=\"currentColor\" xmlns=\"http:\/\/www.w3.org\/2000\/svg\"  aria-hidden=\"true\"><path d=\"M256 8C119 8 8 119 8 256s111 248 248 248 248-111 248-248S393 8 256 8zM124 296c-6.6 0-12-5.4-12-12v-56c0-6.6 5.4-12 12-12h264c6.6 0 12 5.4 12 12v56c0 6.6-5.4 12-12 12H124z\"\/><\/svg><\/span><span class=\"kt-svg-icon-list-text\"><strong>falsch<\/strong><\/span><\/li>\n<\/ul><\/div>\n\n\n\n<figure class=\"wp-block-image size-full\"><a href=\"https:\/\/www.vispronet.de\/blog\/wp-content\/uploads\/farbname-falsch-2.png\" data-rel=\"lightbox-image-7\" data-magnific_type=\"image\" data-rl_title=\"\" data-rl_caption=\"\" title=\"\"><img loading=\"lazy\" decoding=\"async\" width=\"315\" height=\"410\" src=\"https:\/\/www.vispronet.de\/blog\/wp-content\/uploads\/farbname-falsch-2.png\" alt=\"Falsche Farbbezeichnung der angelegten Volltonfarbe\" class=\"wp-image-21495\" srcset=\"https:\/\/www.vispronet.de\/blog\/wp-content\/uploads\/farbname-falsch-2.png 315w, https:\/\/www.vispronet.de\/blog\/wp-content\/uploads\/farbname-falsch-2-300x390.png 300w\" sizes=\"auto, (max-width: 315px) 100vw, 315px\" \/><\/a><\/figure>\n<\/div>\n\n\n\n<div class=\"wp-block-column is-layout-flow wp-block-column-is-layout-flow\"><style>.wp-block-kadence-iconlist.kt-svg-icon-list-items21353_6a8fa0-d5:not(.this-stops-third-party-issues){margin-top:0px;margin-bottom:0px;}.wp-block-kadence-iconlist.kt-svg-icon-list-items21353_6a8fa0-d5 ul.kt-svg-icon-list:not(.this-prevents-issues):not(.this-stops-third-party-issues):not(.tijsloc){margin-top:0px;margin-right:0px;margin-bottom:var(--global-kb-spacing-sm, 1.5rem);margin-left:0px;}.wp-block-kadence-iconlist.kt-svg-icon-list-items21353_6a8fa0-d5 ul.kt-svg-icon-list{grid-row-gap:5px;}.wp-block-kadence-iconlist.kt-svg-icon-list-items21353_6a8fa0-d5 ul.kt-svg-icon-list .kt-svg-icon-list-item-wrap .kt-svg-icon-list-single{margin-right:10px;}.kt-svg-icon-list-items21353_6a8fa0-d5 ul.kt-svg-icon-list .kt-svg-icon-list-level-0 .kt-svg-icon-list-single svg{font-size:20px;}<\/style>\n<div class=\"wp-block-kadence-iconlist kt-svg-icon-list-items kt-svg-icon-list-items21353_6a8fa0-d5 kt-svg-icon-list-columns-1 aligncenter\"><ul class=\"kt-svg-icon-list\"><style>.kt-svg-icon-list-item-21353_9d5013-c4 .kt-svg-icon-list-single{color:rgb(121, 181, 28) !important;}.kt-svg-icon-list-item-21353_9d5013-c4 .kt-svg-icon-list-text mark.kt-highlight{background-color:unset;font-style:normal;color:#f76a0c;-webkit-box-decoration-break:clone;box-decoration-break:clone;padding-top:0px;padding-right:0px;padding-bottom:0px;padding-left:0px;}<\/style>\n<li class=\"wp-block-kadence-listitem kt-svg-icon-list-item-wrap kt-svg-icon-list-item-21353_9d5013-c4\"><span class=\"kb-svg-icon-wrap kb-svg-icon-fas_plus-circle kt-svg-icon-list-single\"><svg viewBox=\"0 0 512 512\"  fill=\"currentColor\" xmlns=\"http:\/\/www.w3.org\/2000\/svg\"  aria-hidden=\"true\"><path d=\"M256 8C119 8 8 119 8 256s111 248 248 248 248-111 248-248S393 8 256 8zm144 276c0 6.6-5.4 12-12 12h-92v92c0 6.6-5.4 12-12 12h-56c-6.6 0-12-5.4-12-12v-92h-92c-6.6 0-12-5.4-12-12v-56c0-6.6 5.4-12 12-12h92v-92c0-6.6 5.4-12 12-12h56c6.6 0 12 5.4 12 12v92h92c6.6 0 12 5.4 12 12v56z\"\/><\/svg><\/span><span class=\"kt-svg-icon-list-text\"><strong>richtig<\/strong><\/span><\/li>\n<\/ul><\/div>\n\n\n\n<figure class=\"wp-block-image size-full\"><a href=\"https:\/\/www.vispronet.de\/blog\/wp-content\/uploads\/farbname-korrekt-1.png\" data-rel=\"lightbox-image-6\" data-magnific_type=\"image\" data-rl_title=\"\" data-rl_caption=\"\" title=\"\"><img loading=\"lazy\" decoding=\"async\" width=\"315\" height=\"410\" src=\"https:\/\/www.vispronet.de\/blog\/wp-content\/uploads\/farbname-korrekt-1.png\" alt=\"Korrekter Farbname der angelegten Volltonfarbe\" class=\"wp-image-21489\" srcset=\"https:\/\/www.vispronet.de\/blog\/wp-content\/uploads\/farbname-korrekt-1.png 315w, https:\/\/www.vispronet.de\/blog\/wp-content\/uploads\/farbname-korrekt-1-300x390.png 300w\" sizes=\"auto, (max-width: 315px) 100vw, 315px\" \/><\/a><\/figure>\n<\/div>\n<\/div>\n\n\n\n<p class=\"has-infobox-bg-background-color has-background\"><strong>Tipp:<\/strong> Um die korrekte Farbzuordnung zu pr\u00fcfen, einfach <strong>Separationsvorschau <\/strong>(Fenster &gt; Ausgabe &gt; Separationsvorschau &gt; Ansicht: Separationen) einschalten und au\u00dfer deine Sonderfarbe alle Farben ausblenden.<\/p>\n\n\n<style>.wp-block-kadence-spacer.kt-block-spacer-21353_2546aa-48 .kt-block-spacer{height:60px;}.wp-block-kadence-spacer.kt-block-spacer-21353_2546aa-48 .kt-divider{border-top-width:1px;height:1px;border-top-color:#eee;width:80%;border-top-style:solid;}<\/style>\n<div class=\"wp-block-kadence-spacer aligncenter kt-block-spacer-21353_2546aa-48\"><div class=\"kt-block-spacer kt-block-spacer-halign-center\"><hr class=\"kt-divider\"\/><\/div><\/div>\n\n\n\n<h3 class=\"wp-block-heading\" id=\"volltonfarbe-illustrator\">Volltonfarbe in Illustrator anlegen<\/h3>\n\n\n\n<div class=\"wp-block-group\"><div class=\"wp-block-group__inner-container is-layout-constrained wp-block-group-is-layout-constrained\">\n<p id=\"farbbibliothek\"><strong>M\u00f6glichkeit 1 &#8211; Volltonfarbe aus Farbbibliothek aufrufen<\/strong><\/p>\n\n\n\n<p>Eine zweite Variante bietet sich \u00fcber das \u00d6ffnen der <strong>Farbtafeln <\/strong>an.<\/p>\n\n\n\n<div class=\"wp-block-media-text is-stacked-on-mobile\"><figure class=\"wp-block-media-text__media\"><a href=\"https:\/\/www.vispronet.de\/blog\/wp-content\/uploads\/volltonfarbe-anlegen_illustrator-variante2.jpg\" data-rel=\"lightbox-image-9\" data-magnific_type=\"image\" data-rl_title=\"\" data-rl_caption=\"\" title=\"\"><img loading=\"lazy\" decoding=\"async\" width=\"800\" height=\"963\" src=\"https:\/\/www.vispronet.de\/blog\/wp-content\/uploads\/volltonfarbe-anlegen_illustrator-variante2.jpg\" alt=\"Volltonfarben anlegen in Illustrator, M\u00f6glichkeit 1\" class=\"wp-image-21989 size-full\" srcset=\"https:\/\/www.vispronet.de\/blog\/wp-content\/uploads\/volltonfarbe-anlegen_illustrator-variante2.jpg 800w, https:\/\/www.vispronet.de\/blog\/wp-content\/uploads\/volltonfarbe-anlegen_illustrator-variante2-768x924.jpg 768w, https:\/\/www.vispronet.de\/blog\/wp-content\/uploads\/volltonfarbe-anlegen_illustrator-variante2-300x361.jpg 300w, https:\/\/www.vispronet.de\/blog\/wp-content\/uploads\/volltonfarbe-anlegen_illustrator-variante2-440x530.jpg 440w\" sizes=\"auto, (max-width: 800px) 100vw, 800px\" \/><\/a><\/figure><div class=\"wp-block-media-text__content\">\n<p><strong>Schrittfolge:<\/strong><\/p>\n\n\n\n<ol class=\"wp-block-list\">\n<li>Fenster &gt; Farbbibliotheken &gt; Farbtafeln &gt; ben\u00f6tigte Farbpalette aufrufen<\/li>\n\n\n\n<li>Das einzuf\u00e4rbende Objekt ausw\u00e4hlen und die gew\u00fcnschte Farbe in der ge\u00f6ffneten Palette anklicken.<\/li>\n\n\n\n<li>Das Objekt wird eingef\u00e4rbt und die Sonderfarbe erscheint daraufhin in der Liste der Farbfelder.<\/li>\n<\/ol>\n<\/div><\/div>\n<\/div><\/div>\n\n\n\n<div style=\"height:20px\" aria-hidden=\"true\" class=\"wp-block-spacer\"><\/div>\n\n\n\n<p><strong>M\u00f6glichkeit 2 &#8211; Volltonfarbe mit CMYK-Werten anlegen<\/strong><\/p>\n\n\n\n<p style=\"text-decoration:underline\">1. Neues Farbfeld erzeugen<\/p>\n\n\n\n<p>Auch in Illustrator ist der erste Schritt beim Anlegen einer Volltonfarbe ein neues Farbfeld hinzuzuf\u00fcgen. Die Schritte sind dabei die exakt selben wie schon in <a href=\"#volltonfarbe-indesign\">InDesign<\/a>: Fenster &gt; Farbfelder &gt; Men\u00fcsymbol &gt; Neues Farbfeld.<\/p>\n\n\n\n<div style=\"height:10px\" aria-hidden=\"true\" class=\"wp-block-spacer\"><\/div>\n\n\n\n<p style=\"text-decoration:underline\">2. Farbton bestimmen<\/p>\n\n\n\n<p>In Illustrator gibt es <strong>keine gesch\u00fctzten Farben<\/strong>. Das hei\u00dft, unser kr\u00e4ftiges Schwarz kann, wie zu Beginn in der Layoutvorlage angegeben, als Sonderfarbe mit der Bezeichnung &#8222;Schwarz&#8220; angelegt werden.<\/p>\n\n\n\n<div style=\"height:10px\" aria-hidden=\"true\" class=\"wp-block-spacer\"><\/div>\n\n\n\n<div class=\"wp-block-group\"><div class=\"wp-block-group__inner-container is-layout-constrained wp-block-group-is-layout-constrained\">\n<p><strong>Daf\u00fcr sind lediglich 3 Schritte notwendig:<\/strong><\/p>\n\n\n\n<ol class=\"wp-block-list\">\n<li>Farbart auf Volltonfarbe umstellen<\/li>\n\n\n\n<li>CMYK Farbwerte auf gew\u00fcnschten Farbton einstellen<\/li>\n\n\n\n<li>Korrekten Farbnamen vergeben<\/li>\n<\/ol>\n<\/div><\/div>\n\n\n\n<div class=\"wp-block-columns is-layout-flex wp-container-core-columns-is-layout-9d6595d7 wp-block-columns-is-layout-flex\">\n<div class=\"wp-block-column is-layout-flow wp-block-column-is-layout-flow\">\n<figure class=\"wp-block-image size-full\"><a href=\"https:\/\/www.vispronet.de\/blog\/wp-content\/uploads\/volltonfarbe-anlegen_illustrator-vorher.jpg\" data-rel=\"lightbox-image-10\" data-magnific_type=\"image\" data-rl_title=\"\" data-rl_caption=\"\" title=\"\"><img loading=\"lazy\" decoding=\"async\" width=\"460\" height=\"639\" src=\"https:\/\/www.vispronet.de\/blog\/wp-content\/uploads\/volltonfarbe-anlegen_illustrator-vorher.jpg\" alt=\"Volltonfarbe anlegen in Illustrator - vorher\" class=\"wp-image-21551\" srcset=\"https:\/\/www.vispronet.de\/blog\/wp-content\/uploads\/volltonfarbe-anlegen_illustrator-vorher.jpg 460w, https:\/\/www.vispronet.de\/blog\/wp-content\/uploads\/volltonfarbe-anlegen_illustrator-vorher-300x417.jpg 300w, https:\/\/www.vispronet.de\/blog\/wp-content\/uploads\/volltonfarbe-anlegen_illustrator-vorher-440x611.jpg 440w\" sizes=\"auto, (max-width: 460px) 100vw, 460px\" \/><\/a><figcaption class=\"wp-element-caption\">vorher<\/figcaption><\/figure>\n<\/div>\n\n\n\n<div class=\"wp-block-column is-layout-flow wp-block-column-is-layout-flow\">\n<figure class=\"wp-block-image size-full\"><img loading=\"lazy\" decoding=\"async\" width=\"461\" height=\"642\" src=\"https:\/\/www.vispronet.de\/blog\/wp-content\/uploads\/volltonfarbe-anlegen_illustrator-nachher_SCHWARZ.jpg\" alt=\"Volltonfarbe anlegen in Illustrator - nachher\" class=\"wp-image-22041\" srcset=\"https:\/\/www.vispronet.de\/blog\/wp-content\/uploads\/volltonfarbe-anlegen_illustrator-nachher_SCHWARZ.jpg 461w, https:\/\/www.vispronet.de\/blog\/wp-content\/uploads\/volltonfarbe-anlegen_illustrator-nachher_SCHWARZ-300x418.jpg 300w, https:\/\/www.vispronet.de\/blog\/wp-content\/uploads\/volltonfarbe-anlegen_illustrator-nachher_SCHWARZ-440x613.jpg 440w\" sizes=\"auto, (max-width: 461px) 100vw, 461px\" \/><figcaption class=\"wp-element-caption\">nachher<\/figcaption><\/figure>\n<\/div>\n<\/div>\n\n\n<style>.wp-block-kadence-spacer.kt-block-spacer-21353_6bc70c-ac .kt-block-spacer{height:60px;}.wp-block-kadence-spacer.kt-block-spacer-21353_6bc70c-ac .kt-divider{border-top-width:1px;height:1px;border-top-color:#eee;width:80%;border-top-style:solid;}<\/style>\n<div class=\"wp-block-kadence-spacer aligncenter kt-block-spacer-21353_6bc70c-ac\"><div class=\"kt-block-spacer kt-block-spacer-halign-center\"><hr class=\"kt-divider\"\/><\/div><\/div>\n\n\n\n<h3 class=\"wp-block-heading\" id=\"volltonfarbe-photoshop\">Volltonfarbe in Photoshop anlegen<\/h3>\n\n\n\n<p style=\"text-decoration:underline\">1. Neuen Volltonfarbkanal erzeugen<\/p>\n\n\n\n<p>In Photoshop gestaltet sich das Anlegen einer Volltonfarbe etwas anders als in den vorherigen Programmen.<\/p>\n\n\n\n<div class=\"wp-block-columns has-infobox-bg-background-color has-background is-layout-flex wp-container-core-columns-is-layout-9d6595d7 wp-block-columns-is-layout-flex\">\n<div class=\"wp-block-column is-vertically-aligned-center is-layout-flow wp-block-column-is-layout-flow\" style=\"flex-basis:10%\"><style>.kt-svg-icons21353_9f10a1-da .kt-svg-item-0 .kb-svg-icon-wrap{color:var(--global-palette4, #2D3748);font-size:50px;}.wp-block-kadence-icon.kt-svg-icons21353_9f10a1-da{justify-content:center;}<\/style>\n<div class=\"wp-block-kadence-icon kt-svg-icons kt-svg-icons21353_9f10a1-da alignnone\"><style>.kt-svg-item-21353_26f3fe-37 .kb-svg-icon-wrap, .kt-svg-style-stacked.kt-svg-item-21353_26f3fe-37 .kb-svg-icon-wrap{color:rgb(0, 98, 161);font-size:50px;}<\/style>\n<div class=\"wp-block-kadence-single-icon kt-svg-style-default kt-svg-icon-wrap kt-svg-item-21353_26f3fe-37\"><span class=\"kb-svg-icon-wrap kb-svg-icon-fas_info-circle\"><svg viewBox=\"0 0 512 512\"  fill=\"currentColor\" xmlns=\"http:\/\/www.w3.org\/2000\/svg\"  aria-hidden=\"true\"><path d=\"M256 8C119.043 8 8 119.083 8 256c0 136.997 111.043 248 248 248s248-111.003 248-248C504 119.083 392.957 8 256 8zm0 110c23.196 0 42 18.804 42 42s-18.804 42-42 42-42-18.804-42-42 18.804-42 42-42zm56 254c0 6.627-5.373 12-12 12h-88c-6.627 0-12-5.373-12-12v-24c0-6.627 5.373-12 12-12h12v-64h-12c-6.627 0-12-5.373-12-12v-24c0-6.627 5.373-12 12-12h64c6.627 0 12 5.373 12 12v100h12c6.627 0 12 5.373 12 12v24z\"\/><\/svg><\/span><\/div>\n<\/div>\n<\/div>\n\n\n\n<div class=\"wp-block-column is-layout-flow wp-block-column-is-layout-flow\" style=\"flex-basis:90%\">\n<p>Stelle vor Beginn sicher, dass du dich nicht im RGB-, sondern <strong>CMYK-Farbmodus<\/strong> befindest. Der kann bei Bedarf \u00fcber Bild &gt; Modus umgestellt werden.<\/p>\n<\/div>\n<\/div>\n\n\n\n<p>Zus\u00e4tzlich zu den vorhandenen vier CMYK-Kan\u00e4len ben\u00f6tigen wir zum Anlegen einer Volltonfarbe einen <strong>5. Farbkanal<\/strong>, den sogenannten Volltonfarbkanal.<\/p>\n\n\n\n<div class=\"wp-block-columns is-layout-flex wp-container-core-columns-is-layout-9d6595d7 wp-block-columns-is-layout-flex\">\n<div class=\"wp-block-column is-layout-flow wp-block-column-is-layout-flow\">\n<figure class=\"wp-block-image size-full\"><a href=\"https:\/\/www.vispronet.de\/blog\/wp-content\/uploads\/elemente-auswahl-1.jpg\" data-rel=\"lightbox-image-11\" data-magnific_type=\"image\" data-rl_title=\"\" data-rl_caption=\"\" title=\"\"><img loading=\"lazy\" decoding=\"async\" width=\"717\" height=\"653\" src=\"https:\/\/www.vispronet.de\/blog\/wp-content\/uploads\/elemente-auswahl-1.jpg\" alt=\"Einzuf\u00e4rbende Elemente in Photoshop ausw\u00e4hlen\" class=\"wp-image-21765\" srcset=\"https:\/\/www.vispronet.de\/blog\/wp-content\/uploads\/elemente-auswahl-1.jpg 717w, https:\/\/www.vispronet.de\/blog\/wp-content\/uploads\/elemente-auswahl-1-300x273.jpg 300w, https:\/\/www.vispronet.de\/blog\/wp-content\/uploads\/elemente-auswahl-1-440x401.jpg 440w\" sizes=\"auto, (max-width: 717px) 100vw, 717px\" \/><\/a><figcaption class=\"wp-element-caption\">(1) Einzuf\u00e4rbende schwarze Bereiche ausgew\u00e4hlt<\/figcaption><\/figure>\n<\/div>\n\n\n\n<div class=\"wp-block-column is-layout-flow wp-block-column-is-layout-flow\">\n<figure class=\"wp-block-image size-full\"><a href=\"https:\/\/www.vispronet.de\/blog\/wp-content\/uploads\/neuer-volltonfarbkanal-1.jpg\" data-rel=\"lightbox-image-12\" data-magnific_type=\"image\" data-rl_title=\"\" data-rl_caption=\"\" title=\"\"><img loading=\"lazy\" decoding=\"async\" width=\"533\" height=\"491\" src=\"https:\/\/www.vispronet.de\/blog\/wp-content\/uploads\/neuer-volltonfarbkanal-1.jpg\" alt=\"Neuen Volltonfarbkanal in Photoshop anlegen\" class=\"wp-image-21657\" srcset=\"https:\/\/www.vispronet.de\/blog\/wp-content\/uploads\/neuer-volltonfarbkanal-1.jpg 533w, https:\/\/www.vispronet.de\/blog\/wp-content\/uploads\/neuer-volltonfarbkanal-1-300x276.jpg 300w, https:\/\/www.vispronet.de\/blog\/wp-content\/uploads\/neuer-volltonfarbkanal-1-440x405.jpg 440w\" sizes=\"auto, (max-width: 533px) 100vw, 533px\" \/><\/a><figcaption class=\"wp-element-caption\">(2) Neuen Volltonfarbkanal erstellen<\/figcaption><\/figure>\n<\/div>\n<\/div>\n\n\n\n<p style=\"text-decoration:underline\">2. Farbton bestimmen<\/p>\n\n\n\n<p>Vor dem Anlegen des 5. Farbkanals ist es <strong>empfehlenswert<\/strong>, bereits vorab den Bereich auszuw\u00e4hlen (bspw. mit dem Zauberstab-Werkzeug), welcher sp\u00e4ter mit der Volltonfarbe eingef\u00e4rbt werden soll. (1) Wechseln wir in das Fenster &#8222;Kan\u00e4le&#8220; und \u00f6ffnen die Men\u00fcoptionen oben rechts, l\u00e4sst sich ein &#8222;<strong>Neuer Volltonfarbkanal<\/strong>&#8220; anlegen. (2)<\/p>\n\n\n\n<div style=\"height:20px\" aria-hidden=\"true\" class=\"wp-block-spacer\"><\/div>\n\n\n\n<div class=\"wp-block-media-text has-media-on-the-right is-stacked-on-mobile\"><div class=\"wp-block-media-text__content\">\n<p>Anschlie\u00dfend \u00f6ffnet sich ein Fenster \u00fcber das der erw\u00fcnschte Farbton bestimmt werden kann. Daf\u00fcr einfach auf das Farbk\u00e4stchen neben &#8222;Farbe&#8220; klicken.<\/p>\n<\/div><figure class=\"wp-block-media-text__media\"><a href=\"https:\/\/www.vispronet.de\/blog\/wp-content\/uploads\/farbauswahl_photoshop.jpg\" data-rel=\"lightbox-image-13\" data-magnific_type=\"image\" data-rl_title=\"Farbton ausw\u00e4hlen\" data-rl_caption=\"\" title=\"Farbton ausw\u00e4hlen\"><img loading=\"lazy\" decoding=\"async\" width=\"702\" height=\"210\" src=\"https:\/\/www.vispronet.de\/blog\/wp-content\/uploads\/farbauswahl_photoshop.jpg\" alt=\"Farbton f\u00fcr Volltonfarbkanal bestimmen\" class=\"wp-image-21601 size-full\" srcset=\"https:\/\/www.vispronet.de\/blog\/wp-content\/uploads\/farbauswahl_photoshop.jpg 702w, https:\/\/www.vispronet.de\/blog\/wp-content\/uploads\/farbauswahl_photoshop-300x90.jpg 300w, https:\/\/www.vispronet.de\/blog\/wp-content\/uploads\/farbauswahl_photoshop-440x132.jpg 440w\" sizes=\"auto, (max-width: 702px) 100vw, 702px\" \/><\/a><\/figure><\/div>\n\n\n\n<div class=\"wp-block-media-text is-stacked-on-mobile\"><figure class=\"wp-block-media-text__media\"><a href=\"https:\/\/www.vispronet.de\/blog\/wp-content\/uploads\/volltonfarbe-anlegen-photoshop.jpg\" data-rel=\"lightbox-image-14\" data-magnific_type=\"image\" data-rl_title=\"\" data-rl_caption=\"\" title=\"\"><img loading=\"lazy\" decoding=\"async\" width=\"868\" height=\"590\" src=\"https:\/\/www.vispronet.de\/blog\/wp-content\/uploads\/volltonfarbe-anlegen-photoshop.jpg\" alt=\"Volltonfarbe anlegen in Photoshop\" class=\"wp-image-21675 size-full\" srcset=\"https:\/\/www.vispronet.de\/blog\/wp-content\/uploads\/volltonfarbe-anlegen-photoshop.jpg 868w, https:\/\/www.vispronet.de\/blog\/wp-content\/uploads\/volltonfarbe-anlegen-photoshop-768x522.jpg 768w, https:\/\/www.vispronet.de\/blog\/wp-content\/uploads\/volltonfarbe-anlegen-photoshop-300x204.jpg 300w, https:\/\/www.vispronet.de\/blog\/wp-content\/uploads\/volltonfarbe-anlegen-photoshop-440x299.jpg 440w\" sizes=\"auto, (max-width: 868px) 100vw, 868px\" \/><\/a><\/figure><div class=\"wp-block-media-text__content\">\n<p>An dieser Stelle kann nun eigenst\u00e4ndig die ben\u00f6tigte Farbe, in diesem Fall unser Schwarz, eingestellt werden. Dies geschieht entweder \u00fcber den jeweiligen <strong>Farbwert <\/strong>oder die <strong><a href=\"#farbbibliothek\">Farbbibliotheken<\/a><\/strong>.<\/p>\n<\/div><\/div>\n\n\n\n<div class=\"wp-block-media-text has-media-on-the-right is-stacked-on-mobile\"><div class=\"wp-block-media-text__content\">\n<p>Abschlie\u00dfend noch einmal den <strong>Farbnamen <\/strong>sowie die <strong>St\u00e4rke <\/strong>der Volltonfarbe kontrollieren und die Angaben best\u00e4tigen.<\/p>\n<\/div><figure class=\"wp-block-media-text__media\"><a href=\"https:\/\/www.vispronet.de\/blog\/wp-content\/uploads\/volltonfarbe-anlegen_photoshop-nachher_Schwarz.jpg\" data-rel=\"lightbox-image-15\" data-magnific_type=\"image\" data-rl_title=\"\" data-rl_caption=\"\" title=\"\"><img loading=\"lazy\" decoding=\"async\" width=\"700\" height=\"207\" src=\"https:\/\/www.vispronet.de\/blog\/wp-content\/uploads\/volltonfarbe-anlegen_photoshop-nachher_Schwarz.jpg\" alt=\"Korrekte Bezeichnung und St\u00e4rke des Volltonfarbkanals\" class=\"wp-image-22045 size-full\" srcset=\"https:\/\/www.vispronet.de\/blog\/wp-content\/uploads\/volltonfarbe-anlegen_photoshop-nachher_Schwarz.jpg 700w, https:\/\/www.vispronet.de\/blog\/wp-content\/uploads\/volltonfarbe-anlegen_photoshop-nachher_Schwarz-300x89.jpg 300w, https:\/\/www.vispronet.de\/blog\/wp-content\/uploads\/volltonfarbe-anlegen_photoshop-nachher_Schwarz-440x130.jpg 440w\" sizes=\"auto, (max-width: 700px) 100vw, 700px\" \/><\/a><\/figure><\/div>\n\n\n<style>.wp-block-kadence-spacer.kt-block-spacer-21353_786065-a7 .kt-block-spacer{height:60px;}.wp-block-kadence-spacer.kt-block-spacer-21353_786065-a7 .kt-divider{border-top-width:1px;height:1px;border-top-color:#eee;width:80%;border-top-style:solid;}<\/style>\n<div class=\"wp-block-kadence-spacer aligncenter kt-block-spacer-21353_786065-a7\"><div class=\"kt-block-spacer kt-block-spacer-halign-center\"><hr class=\"kt-divider\"\/><\/div><\/div>\n\n\n\n<div style=\"height:20px\" aria-hidden=\"true\" class=\"wp-block-spacer\"><\/div>\n\n\n\n<h2 class=\"wp-block-heading\" id=\"volltonfarben-richtig-speichern\">Richtig speichern \u2013 So bleiben angelegte Volltonfarben erhalten<\/h2>\n\n\n\n<p>Da die Datei mit Volltonfarbe nun angelegt ist, fehlt lediglich eines: Die Datei so abspeichern, dass keine Sonderfarben verloren gehen.<\/p>\n\n\n\n<h3 class=\"wp-block-heading\">InDesign \u2013 PDF mit Volltonfarbe speichern<\/h3>\n\n\n\n<p>Beim Exportieren in InDesign (Datei &gt; Exportieren) ist es wichtig darauf zu achten, den <strong>Haken <\/strong>bei \u201eAlle Volltonfarben in Prozessfarben umwandeln\u201c zu <strong>entfernen<\/strong>. (2)<\/p>\n\n\n\n<div class=\"wp-block-columns is-layout-flex wp-container-core-columns-is-layout-9d6595d7 wp-block-columns-is-layout-flex\">\n<div class=\"wp-block-column is-layout-flow wp-block-column-is-layout-flow\">\n<figure class=\"wp-block-image size-full\"><a href=\"https:\/\/www.vispronet.de\/blog\/wp-content\/uploads\/volltonfarbe-speichern_druckdaten-manager.jpg\" data-rel=\"lightbox-image-16\" data-magnific_type=\"image\" data-rl_title=\"\" data-rl_caption=\"\" title=\"\"><img loading=\"lazy\" decoding=\"async\" width=\"800\" height=\"625\" src=\"https:\/\/www.vispronet.de\/blog\/wp-content\/uploads\/volltonfarbe-speichern_druckdaten-manager.jpg\" alt=\"Volltonfarben anlegen und speichern in Photoshop\" class=\"wp-image-21979\" srcset=\"https:\/\/www.vispronet.de\/blog\/wp-content\/uploads\/volltonfarbe-speichern_druckdaten-manager.jpg 800w, https:\/\/www.vispronet.de\/blog\/wp-content\/uploads\/volltonfarbe-speichern_druckdaten-manager-768x600.jpg 768w, https:\/\/www.vispronet.de\/blog\/wp-content\/uploads\/volltonfarbe-speichern_druckdaten-manager-300x234.jpg 300w, https:\/\/www.vispronet.de\/blog\/wp-content\/uploads\/volltonfarbe-speichern_druckdaten-manager-440x344.jpg 440w\" sizes=\"auto, (max-width: 800px) 100vw, 800px\" \/><\/a><figcaption class=\"wp-element-caption\">(1) Druckdaten-Manager \u00f6ffnen<\/figcaption><\/figure>\n<\/div>\n\n\n\n<div class=\"wp-block-column is-layout-flow wp-block-column-is-layout-flow\">\n<figure class=\"wp-block-image size-full\"><a href=\"https:\/\/www.vispronet.de\/blog\/wp-content\/uploads\/volltonfarbe-speichern_manager.jpg\" data-rel=\"lightbox-image-17\" data-magnific_type=\"image\" data-rl_title=\"\" data-rl_caption=\"\" title=\"\"><img loading=\"lazy\" decoding=\"async\" width=\"536\" height=\"416\" src=\"https:\/\/www.vispronet.de\/blog\/wp-content\/uploads\/volltonfarbe-speichern_manager.jpg\" alt=\"Volltonfarben anlegen und speichern in Photoshop\" class=\"wp-image-21737\" srcset=\"https:\/\/www.vispronet.de\/blog\/wp-content\/uploads\/volltonfarbe-speichern_manager.jpg 536w, https:\/\/www.vispronet.de\/blog\/wp-content\/uploads\/volltonfarbe-speichern_manager-300x233.jpg 300w, https:\/\/www.vispronet.de\/blog\/wp-content\/uploads\/volltonfarbe-speichern_manager-440x341.jpg 440w\" sizes=\"auto, (max-width: 536px) 100vw, 536px\" \/><\/a><figcaption class=\"wp-element-caption\">(2) Kontrolle der angelegten Volltonfarbe<\/figcaption><\/figure>\n<\/div>\n<\/div>\n\n\n\n<h3 class=\"wp-block-heading\">Photoshop \u2013 PDF mit Volltonfarbe speichern<\/h3>\n\n\n\n<p>Um Sonderfarben in Photoshop speichern zu k\u00f6nnen, sollte deine Enddatei eine TIFF- oder PDF-Datei sein.<\/p>\n\n\n\n<p><strong>So geht&#8217;s:<\/strong><br>Datei &gt; Speichern unter &gt; Dateityp: <strong>TIFF\/Photoshop PDF<\/strong><\/p>\n\n\n\n<p>Damit die gesamte Gestaltung inklusive 5. Farbkanal gesichert wird, setze bei &#8222;Volltonfarben&#8220; und ggf. bei &#8222;ICC-Profil&#8220; einen Haken. Anschlie\u00dfend kannst du die Datei abspeichern.<\/p>\n\n\n<div class=\"wp-block-image\">\n<figure class=\"aligncenter size-full\"><a href=\"https:\/\/www.vispronet.de\/blog\/wp-content\/uploads\/volltonfarben-speichern_haken.jpg\" data-rel=\"lightbox-image-18\" data-magnific_type=\"image\" data-rl_title=\"\" data-rl_caption=\"\" title=\"\"><img loading=\"lazy\" decoding=\"async\" width=\"946\" height=\"185\" src=\"https:\/\/www.vispronet.de\/blog\/wp-content\/uploads\/volltonfarben-speichern_haken.jpg\" alt=\"Volltonfarben anlegen und speichern in Photoshop\" class=\"wp-image-21799\" srcset=\"https:\/\/www.vispronet.de\/blog\/wp-content\/uploads\/volltonfarben-speichern_haken.jpg 946w, https:\/\/www.vispronet.de\/blog\/wp-content\/uploads\/volltonfarben-speichern_haken-768x150.jpg 768w, https:\/\/www.vispronet.de\/blog\/wp-content\/uploads\/volltonfarben-speichern_haken-300x59.jpg 300w, https:\/\/www.vispronet.de\/blog\/wp-content\/uploads\/volltonfarben-speichern_haken-440x86.jpg 440w\" sizes=\"auto, (max-width: 946px) 100vw, 946px\" \/><\/a><figcaption class=\"wp-element-caption\">(1) Speicheroptionen der Photoshop PDF anpassen<\/figcaption><\/figure>\n<\/div>\n\n\n<p class=\"has-infobox-bg-background-color has-background\"><strong>Tipp:<\/strong> Sollte es die M\u00f6glichkeit zum Speichern von Volltonfarben nicht direkt anzeigen, klicke einfach auf &#8222;Kopie speichern&#8220;. (2) Daraufhin sollten alle fehlenden Speicheroptionen aus dem vorherigen Schritt erg\u00e4nzt worden sein. (1)<\/p>\n\n\n<div class=\"wp-block-image\">\n<figure class=\"aligncenter size-full\"><a href=\"https:\/\/www.vispronet.de\/blog\/wp-content\/uploads\/volltonfarben-speichern_photoshop-1.jpg\" data-rel=\"lightbox-image-19\" data-magnific_type=\"image\" data-rl_title=\"\" data-rl_caption=\"\" title=\"\"><img loading=\"lazy\" decoding=\"async\" width=\"949\" height=\"136\" src=\"https:\/\/www.vispronet.de\/blog\/wp-content\/uploads\/volltonfarben-speichern_photoshop-1.jpg\" alt=\"Volltonfarben anlegen und speichern in Photoshop\" class=\"wp-image-21795\" srcset=\"https:\/\/www.vispronet.de\/blog\/wp-content\/uploads\/volltonfarben-speichern_photoshop-1.jpg 949w, https:\/\/www.vispronet.de\/blog\/wp-content\/uploads\/volltonfarben-speichern_photoshop-1-768x110.jpg 768w, https:\/\/www.vispronet.de\/blog\/wp-content\/uploads\/volltonfarben-speichern_photoshop-1-300x43.jpg 300w, https:\/\/www.vispronet.de\/blog\/wp-content\/uploads\/volltonfarben-speichern_photoshop-1-440x63.jpg 440w\" sizes=\"auto, (max-width: 949px) 100vw, 949px\" \/><\/a><figcaption class=\"wp-element-caption\">(2) &#8222;Kopie speichern&#8220; f\u00fcr vollst\u00e4ndige Ansicht aller Speicheroptionen<\/figcaption><\/figure>\n<\/div>\n\n<style>.wp-block-kadence-spacer.kt-block-spacer-21353_a94579-2e .kt-block-spacer{height:60px;}.wp-block-kadence-spacer.kt-block-spacer-21353_a94579-2e .kt-divider{border-top-width:1px;height:1px;border-top-color:#eee;width:80%;border-top-style:solid;}<\/style>\n<div class=\"wp-block-kadence-spacer aligncenter kt-block-spacer-21353_a94579-2e\"><div class=\"kt-block-spacer kt-block-spacer-halign-center\"><hr class=\"kt-divider\"\/><\/div><\/div>\n\n\n\n<h2 class=\"wp-block-heading\">Fazit<\/h2>\n\n\n\n<p>Volltonfarben anlegen ist also gar nicht so schwer wie du vielleicht dachtest. Unser Tutorial konnte dir hoffentlich die letzten Fragen beantworten und Unsicherheiten aus dem Weg r\u00e4umen.<\/p>\n\n\n\n<div class=\"wp-block-group has-infobox-bg-background-color has-background\"><div class=\"wp-block-group__inner-container is-layout-flow wp-block-group-is-layout-flow\">\n<p><strong> Hier findest du noch weitere Tutorials auf unserem Blog:<\/strong><\/p>\n\n\n\n<ul class=\"wp-block-list\">\n<li><a href=\"https:\/\/www.vispronet.de\/blog\/bild-in-vektorgrafik-umwandeln\/\" target=\"_blank\" rel=\"noreferrer noopener\">Bild in Vektorgrafik umwandeln \u2013 so gelingt es \/ Tutorial (1)<\/a><\/li>\n\n\n\n<li><a href=\"https:\/\/www.vispronet.de\/blog\/tutorial-schrift-umwandeln-in-pfade\/\" target=\"_blank\" rel=\"noreferrer noopener\">Schriften in Pfade umwandeln &#8211; Tutorial<\/a><\/li>\n\n\n\n<li><a href=\"https:\/\/www.vispronet.de\/blog\/photoshop-hintergrund-entfernen\/\" target=\"_blank\" rel=\"noreferrer noopener\">Photoshop Hintergrund entfernen \u2013 Tutorial<\/a><\/li>\n\n\n\n<li><a href=\"https:\/\/www.vispronet.de\/blog\/druck-pdf-erstellen\/\" target=\"_blank\" rel=\"noreferrer noopener\">In 5 Schritten zur Druck PDF \u2013 So geht\u2019s richtig!<\/a><\/li>\n<\/ul>\n<\/div><\/div>\n\n\n\n<p>Fehlt etwas in unserer Sammlung? Dann schreib uns doch, zu welchem Thema du zuk\u00fcnftig gern ein Tutorial sehen w\u00fcrdest. Wir gehen in einem unserer n\u00e4chsten Beitr\u00e4ge gern darauf ein!<\/p>\n\n\n\n<hr class=\"wp-block-separator has-alpha-channel-opacity\"\/>\n\n\n\n<p>Quellen<\/p>\n\n\n\n<p class=\"has-small-font-size\"><a href=\"https:\/\/de.wikipedia.org\/wiki\/Prozessfarbe\" target=\"_blank\" rel=\"noreferrer noopener\">Definition Prozessfarben<\/a><a href=\"https:\/\/de.wikipedia.org\/wiki\/Schmuckfarbe\" target=\"_blank\" rel=\"noreferrer noopener\"><br>Definition Volltonfarben<\/a><\/p>\n","protected":false},"excerpt":{"rendered":"<p>Bei Vispronet\u00ae werden deine Wunschprodukte nicht nur aus den Standard Prozessfarben des Vierfarbdruckes hergestellt. Ebenso bieten wir dir die M\u00f6glichkeit, sie mit Hilfe der HKS-, Pantone- oder RAL-Farbsysteme in etwas Besonderes mit Wiedererkennungswert zu verwandeln. Doch wie funktioniert das, eine Volltonfarbe anlegen? Lies weiter und finde es heraus!<\/p>\n","protected":false},"author":23,"featured_media":21727,"comment_status":"open","ping_status":"closed","sticky":false,"template":"","format":"standard","meta":{"footnotes":""},"categories":[65],"tags":[1107,41,831,1105,833,1103,1109,1099,181,917,1095,1097],"class_list":["post-21353","post","type-post","status-publish","format-standard","has-post-thumbnail","hentry","category-how-to","tag-hks-farben","tag-illustrator","tag-indesign","tag-pantone-farben","tag-photoshop","tag-prozessfarben","tag-ral-farben","tag-schmuckfarbe","tag-sonderfarbe","tag-tutorial","tag-volltonfarbe","tag-volltonfarbe-anlegen"],"_links":{"self":[{"href":"https:\/\/www.vispronet.de\/blog\/wp-json\/wp\/v2\/posts\/21353","targetHints":{"allow":["GET"]}}],"collection":[{"href":"https:\/\/www.vispronet.de\/blog\/wp-json\/wp\/v2\/posts"}],"about":[{"href":"https:\/\/www.vispronet.de\/blog\/wp-json\/wp\/v2\/types\/post"}],"author":[{"embeddable":true,"href":"https:\/\/www.vispronet.de\/blog\/wp-json\/wp\/v2\/users\/23"}],"replies":[{"embeddable":true,"href":"https:\/\/www.vispronet.de\/blog\/wp-json\/wp\/v2\/comments?post=21353"}],"version-history":[{"count":348,"href":"https:\/\/www.vispronet.de\/blog\/wp-json\/wp\/v2\/posts\/21353\/revisions"}],"predecessor-version":[{"id":28350,"href":"https:\/\/www.vispronet.de\/blog\/wp-json\/wp\/v2\/posts\/21353\/revisions\/28350"}],"wp:featuredmedia":[{"embeddable":true,"href":"https:\/\/www.vispronet.de\/blog\/wp-json\/wp\/v2\/media\/21727"}],"wp:attachment":[{"href":"https:\/\/www.vispronet.de\/blog\/wp-json\/wp\/v2\/media?parent=21353"}],"wp:term":[{"taxonomy":"category","embeddable":true,"href":"https:\/\/www.vispronet.de\/blog\/wp-json\/wp\/v2\/categories?post=21353"},{"taxonomy":"post_tag","embeddable":true,"href":"https:\/\/www.vispronet.de\/blog\/wp-json\/wp\/v2\/tags?post=21353"}],"curies":[{"name":"wp","href":"https:\/\/api.w.org\/{rel}","templated":true}]}}