{"id":22222,"date":"2023-12-08T09:00:00","date_gmt":"2023-12-08T08:00:00","guid":{"rendered":"https:\/\/www.vispronet.de\/blog\/?p=22222"},"modified":"2024-12-02T14:37:56","modified_gmt":"2024-12-02T13:37:56","slug":"schwarz-rot-gold","status":"publish","type":"post","link":"https:\/\/www.vispronet.de\/blog\/schwarz-rot-gold\/","title":{"rendered":"Schwarz-Rot-Gold: ein St\u00fcck deutsche Geschichte"},"content":{"rendered":"\n<p>Untrennbar verbinden wir die Farben <strong>Schwarz, Rot <\/strong>und <strong>Gold<\/strong> mit der deutschen Nationalflagge. Doch woher stammt dieses Dreifarb, wie man die Fahne noch im 19. Jahrhundert nannte?<\/p>\n\n\n\n<p>Lasst uns tief in die Geschichte eintauchen und die Wurzeln der <strong>deutschen Flagge<\/strong> erkunden, ihre Entstehung und historische Bedeutung. Betrachten wir die Rolle der 3 Farben in den entscheidenden Augenblicken der deutschen Geschichte, vom Mittelalter \u00fcber die Revolution von 1848 bis in die heutige Zeit.<\/p>\n\n\n\n<div style=\"height:50px\" aria-hidden=\"true\" class=\"wp-block-spacer\"><\/div>\n\n\n\n<h2 class=\"wp-block-heading\">Steckbrief der schwarz-rot-goldenen Deutschlandfahne<\/h2>\n\n\n\n<figure class=\"wp-block-table is-style-stripes\"><table class=\"has-fixed-layout\"><tbody><tr><td><strong>Proportionen Flagge<\/strong><\/td><td>5 : 3 (Breite zu H\u00f6he)<\/td><\/tr><tr><td><strong>Verh\u00e4ltnis der Streifenbreiten<\/strong><\/td><td>1 : 1 : 1 (schwarz\/rot\/gold)<\/td><\/tr><tr><td><strong>Erste geschichtliche Erw\u00e4hnung<\/strong><\/td><td>Mai 1832, Hambacher Fest<\/td><\/tr><tr><td><strong>1. Offizielle Festlegung<\/strong><\/td><td>1848, Frankfurter Bundestag, Deutsche Nationalversammlung<\/td><\/tr><tr><td><strong>Geltende Bestimmung<\/strong><\/td><td>13. November 1996, Anordnung \u00fcber die deutschen Flaggen<\/td><\/tr><\/tbody><\/table><\/figure>\n\n\n<style>.wp-block-kadence-spacer.kt-block-spacer-22222_afa7b3-cd .kt-block-spacer{height:60px;}.wp-block-kadence-spacer.kt-block-spacer-22222_afa7b3-cd .kt-divider{border-top-width:1px;height:1px;border-top-color:#eee;width:80%;border-top-style:solid;}<\/style>\n<div class=\"wp-block-kadence-spacer aligncenter kt-block-spacer-22222_afa7b3-cd\"><div class=\"kt-block-spacer kt-block-spacer-halign-center\"><hr class=\"kt-divider\"\/><\/div><\/div>\n\n\n\n<h2 class=\"wp-block-heading\"><strong>Warum ist die deutsche Flagge Schwarz-Rot-Gold?<\/strong><\/h2>\n\n\n\n<div style=\"height:10px\" aria-hidden=\"true\" class=\"wp-block-spacer\"><\/div>\n\n\n\n<div class=\"wp-block-columns are-vertically-aligned-center is-layout-flex wp-container-core-columns-is-layout-9d6595d7 wp-block-columns-is-layout-flex\">\n<div class=\"wp-block-column is-vertically-aligned-center is-layout-flow wp-block-column-is-layout-flow\" style=\"flex-basis:25%\"><style>.kt-svg-icons22222_bbea13-b2 .kt-svg-item-0 .kb-svg-icon-wrap{color:var(--global-palette4, #2D3748);font-size:50px;}.wp-block-kadence-icon.kt-svg-icons22222_bbea13-b2{justify-content:center;}<\/style>\n<div class=\"wp-block-kadence-icon kt-svg-icons kt-svg-icons22222_bbea13-b2 alignnone\"><style>.kt-svg-item-22222_484d5f-e5 .kb-svg-icon-wrap, .kt-svg-style-stacked.kt-svg-item-22222_484d5f-e5 .kb-svg-icon-wrap{color:rgb(242, 148, 0);font-size:30px;}<\/style>\n<div class=\"wp-block-kadence-single-icon kt-svg-style-default kt-svg-icon-wrap kt-svg-item-22222_484d5f-e5\"><span class=\"kb-svg-icon-wrap kb-svg-icon-ic_flag\"><svg viewBox=\"0 0 8 8\"  fill=\"currentColor\" xmlns=\"http:\/\/www.w3.org\/2000\/svg\"  aria-hidden=\"true\"><path d=\"M0 0v8h1v-8h-1zm2 0v4h2v1h4l-2-1.97 2-2.03h-3v-1h-3z\"\/><\/svg><\/span><\/div>\n<\/div>\n<\/div>\n\n\n\n<div class=\"wp-block-column is-vertically-aligned-center has-vispronet-orange-color has-text-color has-large-font-size is-layout-flow wp-block-column-is-layout-flow\" style=\"font-style:normal;font-weight:500;flex-basis:20%\">\n<p class=\"has-text-align-center has-vispronet-orange-color has-text-color\" style=\"font-size:24px;font-style:normal;font-weight:700\">Mittelalter<\/p>\n<\/div>\n<\/div>\n\n\n\n<div class=\"wp-block-media-text is-stacked-on-mobile is-vertically-aligned-center\"><figure class=\"wp-block-media-text__media\"><a href=\"https:\/\/www.vispronet.de\/blog\/wp-content\/uploads\/heiliges-roemisches-reich.jpg\" data-rel=\"lightbox-image-0\" data-magnific_type=\"image\" data-rl_title=\"\" data-rl_caption=\"\" title=\"\"><img loading=\"lazy\" decoding=\"async\" width=\"1000\" height=\"685\" src=\"https:\/\/www.vispronet.de\/blog\/wp-content\/uploads\/heiliges-roemisches-reich.jpg\" alt=\"Schwarz-Rot-Gold im Heiligen R\u00f6mischen Reich deutscher Nation\" class=\"wp-image-22602 size-full\" srcset=\"https:\/\/www.vispronet.de\/blog\/wp-content\/uploads\/heiliges-roemisches-reich.jpg 1000w, https:\/\/www.vispronet.de\/blog\/wp-content\/uploads\/heiliges-roemisches-reich-768x526.jpg 768w, https:\/\/www.vispronet.de\/blog\/wp-content\/uploads\/heiliges-roemisches-reich-300x206.jpg 300w, https:\/\/www.vispronet.de\/blog\/wp-content\/uploads\/heiliges-roemisches-reich-440x301.jpg 440w\" sizes=\"auto, (max-width: 1000px) 100vw, 1000px\" \/><\/a><\/figure><div class=\"wp-block-media-text__content\">\n<h3 class=\"wp-block-heading\">Das Heilige R\u00f6mische Reich<\/h3>\n\n\n\n<p>Bereits im mittelalterlichen Wappen des <a href=\"https:\/\/ome-lexikon.uni-oldenburg.de\/laender\/heiliges-roemisches-reich-deutscher-nation\">Heiligen R\u00f6mischen Reiches Deutscher Nation<\/a> (962 &#8211; 1806) finden wir die Farben Schwarz, Rot und Gold in Wappen und Bannern.<\/p>\n<\/div><\/div>\n\n\n\n<p>Ob dies bereits der Ursprung f\u00fcr unsere heutige Nationalflagge ist, kann nicht belegt werden. Auch die These, dass die Uniformen des L\u00fctzower Freikorps aus den Befreiungskriegen gegen Napoleon (1813\/14) als Vorlage dienten, ist umstritten.<\/p>\n\n\n\n<div style=\"height:10px\" aria-hidden=\"true\" class=\"wp-block-spacer\"><\/div>\n\n\n<style>.wp-block-kadence-spacer.kt-block-spacer-22222_fd6aa3-17 .kt-block-spacer{height:60px;}.wp-block-kadence-spacer.kt-block-spacer-22222_fd6aa3-17 .kt-divider{border-top-width:1px;height:1px;border-top-color:rgb(0, 98, 161);width:40%;border-top-style:dotted;}<\/style>\n<div class=\"wp-block-kadence-spacer aligncenter kt-block-spacer-22222_fd6aa3-17\"><div class=\"kt-block-spacer kt-block-spacer-halign-center\"><hr class=\"kt-divider\"\/><\/div><\/div>\n\n\n\n<div style=\"height:10px\" aria-hidden=\"true\" class=\"wp-block-spacer\"><\/div>\n\n\n\n<div class=\"wp-block-columns are-vertically-aligned-center is-layout-flex wp-container-core-columns-is-layout-9d6595d7 wp-block-columns-is-layout-flex\">\n<div class=\"wp-block-column is-vertically-aligned-center is-layout-flow wp-block-column-is-layout-flow\" style=\"flex-basis:25%\"><style>.kt-svg-icons22222_f3e05a-2b .kt-svg-item-0 .kb-svg-icon-wrap{color:var(--global-palette4, #2D3748);font-size:50px;}.wp-block-kadence-icon.kt-svg-icons22222_f3e05a-2b{justify-content:center;}<\/style>\n<div class=\"wp-block-kadence-icon kt-svg-icons kt-svg-icons22222_f3e05a-2b alignnone\"><style>.kt-svg-item-22222_8dd6d1-28 .kb-svg-icon-wrap, .kt-svg-style-stacked.kt-svg-item-22222_8dd6d1-28 .kb-svg-icon-wrap{color:rgb(242, 148, 0);font-size:30px;}<\/style>\n<div class=\"wp-block-kadence-single-icon kt-svg-style-default kt-svg-icon-wrap kt-svg-item-22222_8dd6d1-28\"><span class=\"kb-svg-icon-wrap kb-svg-icon-ic_flag\"><svg viewBox=\"0 0 8 8\"  fill=\"currentColor\" xmlns=\"http:\/\/www.w3.org\/2000\/svg\"  aria-hidden=\"true\"><path d=\"M0 0v8h1v-8h-1zm2 0v4h2v1h4l-2-1.97 2-2.03h-3v-1h-3z\"\/><\/svg><\/span><\/div>\n<\/div>\n<\/div>\n\n\n\n<div class=\"wp-block-column is-vertically-aligned-center has-vispronet-orange-color has-text-color has-large-font-size is-layout-flow wp-block-column-is-layout-flow\" style=\"font-style:normal;font-weight:500;flex-basis:20%\">\n<p class=\"has-text-align-center\" style=\"font-size:24px;font-style:normal;font-weight:700\">1813 &#8211; 1815<\/p>\n<\/div>\n<\/div>\n\n\n\n<div class=\"wp-block-media-text has-media-on-the-right is-stacked-on-mobile is-vertically-aligned-center\"><div class=\"wp-block-media-text__content\">\n<h3 class=\"wp-block-heading\"><strong>Die L\u00fctzower J\u00e4ger<\/strong><\/h3>\n\n\n\n<p>Anfang des 19. Jahrhunderts herrscht <strong>Napoleon<\/strong> \u00fcber weite Teile Europas. Zu dieser Zeit besteht Deutschland noch aus vielen souver\u00e4nen Staaten, wie beispielsweise Th\u00fcringen, Preu\u00dfen und Sachsen. Um die Herrschaft Frankreichs zu beenden, entstehen in den Befreiungskriegen von 1813 bis 1815 unz\u00e4hlige  Freiwilligenverb\u00e4nde &#8211; unter ihnen die <strong>L\u00fctzower J\u00e4ger<\/strong>.<\/p>\n<\/div><figure class=\"wp-block-media-text__media\"><a href=\"https:\/\/www.vispronet.de\/blog\/wp-content\/uploads\/napoleon.jpg\" data-rel=\"lightbox-image-1\" data-magnific_type=\"image\" data-rl_title=\"\" data-rl_caption=\"\" title=\"\"><img loading=\"lazy\" decoding=\"async\" width=\"1000\" height=\"750\" src=\"https:\/\/www.vispronet.de\/blog\/wp-content\/uploads\/napoleon.jpg\" alt=\"Napoleon\" class=\"wp-image-22606 size-full\" srcset=\"https:\/\/www.vispronet.de\/blog\/wp-content\/uploads\/napoleon.jpg 1000w, https:\/\/www.vispronet.de\/blog\/wp-content\/uploads\/napoleon-768x576.jpg 768w, https:\/\/www.vispronet.de\/blog\/wp-content\/uploads\/napoleon-300x225.jpg 300w, https:\/\/www.vispronet.de\/blog\/wp-content\/uploads\/napoleon-440x330.jpg 440w\" sizes=\"auto, (max-width: 1000px) 100vw, 1000px\" \/><\/a><\/figure><\/div>\n\n\n\n<div class=\"wp-block-media-text is-stacked-on-mobile is-vertically-aligned-center\" style=\"grid-template-columns:30% auto\"><figure class=\"wp-block-media-text__media\"><a href=\"https:\/\/www.vispronet.de\/blog\/wp-content\/uploads\/luetzower-uniform.jpg\" data-rel=\"lightbox-image-2\" data-magnific_type=\"image\" data-rl_title=\"\" data-rl_caption=\"\" title=\"\"><img loading=\"lazy\" decoding=\"async\" width=\"750\" height=\"1000\" src=\"https:\/\/www.vispronet.de\/blog\/wp-content\/uploads\/luetzower-uniform.jpg\" alt=\"Uniform des L\u00fctzower Freikorps (Grafik nach historischer Vorlage)\" class=\"wp-image-22788 size-full\" srcset=\"https:\/\/www.vispronet.de\/blog\/wp-content\/uploads\/luetzower-uniform.jpg 750w, https:\/\/www.vispronet.de\/blog\/wp-content\/uploads\/luetzower-uniform-300x400.jpg 300w, https:\/\/www.vispronet.de\/blog\/wp-content\/uploads\/luetzower-uniform-440x587.jpg 440w\" sizes=\"auto, (max-width: 750px) 100vw, 750px\" \/><\/a><\/figure><div class=\"wp-block-media-text__content\">\n<p>F\u00fcr ein einheitliches Aussehen f\u00e4rben die Freiwilligen aus den unterschiedlichen L\u00e4ndern ihre <strong>Uniformen<\/strong> <strong>in schwarz<\/strong>. Eine Farbe, die einfach zu bekommen ist und alle anderen Farben gut \u00fcberdeckt. <strong>Rote Vorst\u00f6\u00dfe<\/strong> an Aufschl\u00e4gen, Kragen und Kanten der Waffenr\u00f6cke \u00fcbernimmt man kurzerhand von den preu\u00dfischen Heer-Uniformen. Die <strong>goldfarbenen Kn\u00f6pfe<\/strong> komplettieren das Bild.<\/p>\n<\/div><\/div>\n\n\n\n<p>Eine entscheidende milit\u00e4rische Rolle spielten die L\u00fctzower in den Befreiungskriegen nicht, doch ihre Uniformen gelten als m\u00f6glicher Ursprung der heutigen deutschen Bundesfarben.<\/p>\n\n\n\n<div style=\"height:20px\" aria-hidden=\"true\" class=\"wp-block-spacer\"><\/div>\n\n\n<style>.wp-block-kadence-spacer.kt-block-spacer-22222_d33430-23 .kt-block-spacer{height:60px;}.wp-block-kadence-spacer.kt-block-spacer-22222_d33430-23 .kt-divider{border-top-width:1px;height:1px;border-top-color:rgb(0, 98, 161);width:40%;border-top-style:dotted;}<\/style>\n<div class=\"wp-block-kadence-spacer aligncenter kt-block-spacer-22222_d33430-23\"><div class=\"kt-block-spacer kt-block-spacer-halign-center\"><hr class=\"kt-divider\"\/><\/div><\/div>\n\n\n\n<div class=\"wp-block-columns are-vertically-aligned-center is-layout-flex wp-container-core-columns-is-layout-9d6595d7 wp-block-columns-is-layout-flex\">\n<div class=\"wp-block-column is-vertically-aligned-center is-layout-flow wp-block-column-is-layout-flow\" style=\"flex-basis:25%\"><style>.kt-svg-icons22222_33404a-17 .kt-svg-item-0 .kb-svg-icon-wrap{color:var(--global-palette4, #2D3748);font-size:50px;}.wp-block-kadence-icon.kt-svg-icons22222_33404a-17{justify-content:center;}<\/style>\n<div class=\"wp-block-kadence-icon kt-svg-icons kt-svg-icons22222_33404a-17 alignnone\"><style>.kt-svg-item-22222_a34822-d2 .kb-svg-icon-wrap, .kt-svg-style-stacked.kt-svg-item-22222_a34822-d2 .kb-svg-icon-wrap{color:rgb(242, 148, 0);font-size:30px;}<\/style>\n<div class=\"wp-block-kadence-single-icon kt-svg-style-default kt-svg-icon-wrap kt-svg-item-22222_a34822-d2\"><span class=\"kb-svg-icon-wrap kb-svg-icon-ic_flag\"><svg viewBox=\"0 0 8 8\"  fill=\"currentColor\" xmlns=\"http:\/\/www.w3.org\/2000\/svg\"  aria-hidden=\"true\"><path d=\"M0 0v8h1v-8h-1zm2 0v4h2v1h4l-2-1.97 2-2.03h-3v-1h-3z\"\/><\/svg><\/span><\/div>\n<\/div>\n<\/div>\n\n\n\n<div class=\"wp-block-column is-vertically-aligned-center has-vispronet-orange-color has-text-color has-large-font-size is-layout-flow wp-block-column-is-layout-flow\" style=\"font-style:normal;font-weight:500;flex-basis:15%\">\n<p class=\"has-text-align-center\" style=\"font-size:24px;font-style:normal;font-weight:700\">1817<\/p>\n<\/div>\n<\/div>\n\n\n\n<div class=\"wp-block-cover has-custom-content-position is-position-top-center\" style=\"min-height:350px;aspect-ratio:unset;\"><span aria-hidden=\"true\" class=\"wp-block-cover__background has-background-dim\"><\/span><img loading=\"lazy\" decoding=\"async\" width=\"1000\" height=\"750\" class=\"wp-block-cover__image-background wp-image-22718\" alt=\"Die Flagge der Jenaer Urburschenschaft (Grafik nach historischer Vorlage)\" src=\"https:\/\/www.vispronet.de\/blog\/wp-content\/uploads\/jenaer-burschenschaft.jpg\" style=\"object-position:48% 50%\" data-object-fit=\"cover\" data-object-position=\"48% 50%\" srcset=\"https:\/\/www.vispronet.de\/blog\/wp-content\/uploads\/jenaer-burschenschaft.jpg 1000w, https:\/\/www.vispronet.de\/blog\/wp-content\/uploads\/jenaer-burschenschaft-768x576.jpg 768w, https:\/\/www.vispronet.de\/blog\/wp-content\/uploads\/jenaer-burschenschaft-300x225.jpg 300w, https:\/\/www.vispronet.de\/blog\/wp-content\/uploads\/jenaer-burschenschaft-440x330.jpg 440w\" sizes=\"auto, (max-width: 1000px) 100vw, 1000px\" \/><div class=\"wp-block-cover__inner-container is-layout-constrained wp-block-cover-is-layout-constrained\">\n<h3 class=\"wp-block-heading has-text-align-center has-white-color has-text-color has-medium-font-size\">Die Jenaer Burschenschaft<\/h3>\n\n\n\n<p class=\"has-white-color has-text-color\">Sp\u00e4ter \u00fcbernahmen die Studenten der Jenaer Ur-Burschenschaft die Farben. Viele ihrer Mitglieder hatten ihren Dienst bei den L\u00fctzower J\u00e4gern getan. Ihre <strong>rot-schwarz-rote Streifenfahne mit einem goldenen Eichenzweig<\/strong> entstand wohl im Glauben, dies seien bereits die offiziellen Farben des Heiligen R\u00f6mischen Reiches Deutscher Nation gewesen.<\/p>\n\n\n\n<p class=\"has-white-color has-text-color\">In Ihrem Kampf um ein geeintes Deutschland trafen sie sich 1817 auf der Wartburg in Eisennach und forderten ein einiges und freies Vaterland, Presse- und Versammlungsfreiheit und eine neuzeitliche Verfassung.<\/p>\n<\/div><\/div>\n\n\n\n<div style=\"height:50px\" aria-hidden=\"true\" class=\"wp-block-spacer\"><\/div>\n\n\n\n<h2 class=\"wp-block-heading\">Die Geburtsstunde der deutschen Flagge<\/h2>\n\n\n\n<div style=\"height:10px\" aria-hidden=\"true\" class=\"wp-block-spacer\"><\/div>\n\n\n\n<div class=\"wp-block-columns are-vertically-aligned-center is-layout-flex wp-container-core-columns-is-layout-9d6595d7 wp-block-columns-is-layout-flex\">\n<div class=\"wp-block-column is-vertically-aligned-center is-layout-flow wp-block-column-is-layout-flow\" style=\"flex-basis:25%\"><style>.kt-svg-icons22222_f72910-3d .kt-svg-item-0 .kb-svg-icon-wrap{color:var(--global-palette4, #2D3748);font-size:50px;}.wp-block-kadence-icon.kt-svg-icons22222_f72910-3d{justify-content:center;}<\/style>\n<div class=\"wp-block-kadence-icon kt-svg-icons kt-svg-icons22222_f72910-3d alignnone\"><style>.kt-svg-item-22222_62cf95-f9 .kb-svg-icon-wrap, .kt-svg-style-stacked.kt-svg-item-22222_62cf95-f9 .kb-svg-icon-wrap{color:rgb(242, 148, 0);font-size:30px;}<\/style>\n<div class=\"wp-block-kadence-single-icon kt-svg-style-default kt-svg-icon-wrap kt-svg-item-22222_62cf95-f9\"><span class=\"kb-svg-icon-wrap kb-svg-icon-ic_flag\"><svg viewBox=\"0 0 8 8\"  fill=\"currentColor\" xmlns=\"http:\/\/www.w3.org\/2000\/svg\"  aria-hidden=\"true\"><path d=\"M0 0v8h1v-8h-1zm2 0v4h2v1h4l-2-1.97 2-2.03h-3v-1h-3z\"\/><\/svg><\/span><\/div>\n<\/div>\n<\/div>\n\n\n\n<div class=\"wp-block-column is-vertically-aligned-center has-vispronet-orange-color has-text-color has-large-font-size is-layout-flow wp-block-column-is-layout-flow\" style=\"font-style:normal;font-weight:500;flex-basis:15%\">\n<p class=\"has-text-align-center\" style=\"font-size:24px;font-style:normal;font-weight:700\">1832<\/p>\n<\/div>\n<\/div>\n\n\n\n<div class=\"wp-block-media-text is-stacked-on-mobile is-vertically-aligned-center\"><figure class=\"wp-block-media-text__media\"><a href=\"https:\/\/www.vispronet.de\/blog\/wp-content\/uploads\/hambacher-schloss.jpg\" data-rel=\"lightbox-image-3\" data-magnific_type=\"image\" data-rl_title=\"\" data-rl_caption=\"\" title=\"\"><img loading=\"lazy\" decoding=\"async\" width=\"1000\" height=\"750\" src=\"https:\/\/www.vispronet.de\/blog\/wp-content\/uploads\/hambacher-schloss.jpg\" alt=\"Schloss Hambach\" class=\"wp-image-22600 size-full\" srcset=\"https:\/\/www.vispronet.de\/blog\/wp-content\/uploads\/hambacher-schloss.jpg 1000w, https:\/\/www.vispronet.de\/blog\/wp-content\/uploads\/hambacher-schloss-768x576.jpg 768w, https:\/\/www.vispronet.de\/blog\/wp-content\/uploads\/hambacher-schloss-300x225.jpg 300w, https:\/\/www.vispronet.de\/blog\/wp-content\/uploads\/hambacher-schloss-440x330.jpg 440w\" sizes=\"auto, (max-width: 1000px) 100vw, 1000px\" \/><\/a><\/figure><div class=\"wp-block-media-text__content\">\n<h3 class=\"wp-block-heading\">Das Hambacher Fest<\/h3>\n\n\n\n<p>Erwiesen ist jedoch, dass die heute geltende Farbkombination erstmals im Mai 1832 beim <a href=\"https:\/\/de.wikipedia.org\/wiki\/Hambacher_Fest\">Hambacher Fest<\/a> auftauchte. Tausende Studenten, Professoren, Handwerker und demokratisch gesinnte B\u00fcrger trafen sich im Hambacher Schloss (Rheinland Pfalz) zu gr\u00f6\u00dften politischen Massenveranstaltung der damaligen Zeit.<\/p>\n<\/div><\/div>\n\n\n\n<div style=\"height:20px\" aria-hidden=\"true\" class=\"wp-block-spacer\"><\/div>\n\n\n\n<p>Zum Zeichen ihres Strebens nach Einheit, Freiheit und Demokratie schwenkten sie die <strong>Schwarz-Rot-Goldene Trikolore<\/strong> und trugen Kokarden (kranzf\u00f6rmige Abzeichen) die eigens f\u00fcr dieses Treffen gefertigt wurden.<\/p>\n\n\n\n<div style=\"height:10px\" aria-hidden=\"true\" class=\"wp-block-spacer\"><\/div>\n\n\n<style>.wp-block-kadence-spacer.kt-block-spacer-22222_ee69d1-38 .kt-block-spacer{height:60px;}.wp-block-kadence-spacer.kt-block-spacer-22222_ee69d1-38 .kt-divider{border-top-width:1px;height:1px;border-top-color:rgb(0, 98, 161);width:40%;border-top-style:dotted;}<\/style>\n<div class=\"wp-block-kadence-spacer aligncenter kt-block-spacer-22222_ee69d1-38\"><div class=\"kt-block-spacer kt-block-spacer-halign-center\"><hr class=\"kt-divider\"\/><\/div><\/div>\n\n\n\n<div style=\"height:10px\" aria-hidden=\"true\" class=\"wp-block-spacer\"><\/div>\n\n\n\n<div class=\"wp-block-columns are-vertically-aligned-center is-layout-flex wp-container-core-columns-is-layout-9d6595d7 wp-block-columns-is-layout-flex\">\n<div class=\"wp-block-column is-vertically-aligned-center is-layout-flow wp-block-column-is-layout-flow\" style=\"flex-basis:25%\"><style>.kt-svg-icons22222_1c22b1-6d .kt-svg-item-0 .kb-svg-icon-wrap{color:var(--global-palette4, #2D3748);font-size:50px;}.wp-block-kadence-icon.kt-svg-icons22222_1c22b1-6d{justify-content:center;}<\/style>\n<div class=\"wp-block-kadence-icon kt-svg-icons kt-svg-icons22222_1c22b1-6d alignnone\"><style>.kt-svg-item-22222_e54943-29 .kb-svg-icon-wrap, .kt-svg-style-stacked.kt-svg-item-22222_e54943-29 .kb-svg-icon-wrap{color:rgb(242, 148, 0);font-size:30px;}<\/style>\n<div class=\"wp-block-kadence-single-icon kt-svg-style-default kt-svg-icon-wrap kt-svg-item-22222_e54943-29\"><span class=\"kb-svg-icon-wrap kb-svg-icon-ic_flag\"><svg viewBox=\"0 0 8 8\"  fill=\"currentColor\" xmlns=\"http:\/\/www.w3.org\/2000\/svg\"  aria-hidden=\"true\"><path d=\"M0 0v8h1v-8h-1zm2 0v4h2v1h4l-2-1.97 2-2.03h-3v-1h-3z\"\/><\/svg><\/span><\/div>\n<\/div>\n<\/div>\n\n\n\n<div class=\"wp-block-column is-vertically-aligned-center has-vispronet-orange-color has-text-color has-large-font-size is-layout-flow wp-block-column-is-layout-flow\" style=\"font-style:normal;font-weight:500;flex-basis:15%\">\n<p class=\"has-text-align-center\" style=\"font-size:24px;font-style:normal;font-weight:700\">1848\/49<\/p>\n<\/div>\n<\/div>\n\n\n\n<h3 class=\"wp-block-heading\">Die M\u00e4rzrevolution<\/h3>\n\n\n\n<p>Sp\u00e4testens seit der deutschen Revolution von 1848\/49 etablierten sich die Farben endg\u00fcltig als Zeichen f\u00fcr ein freies, demokratisches und geeintes Deutschland. Schlie\u00dflich verk\u00fcndet am 9. M\u00e4rz 1848 der Deutsche Bundestag Schwarz-Rot-Gold zuk\u00fcnftig als <strong>Bundesfarben<\/strong> zu verwenden. Nach den ersten freien Wahlen im Mai 1848 tritt erstmals die Nationalversammlung in der Frankfurter Paulskirche zusammen. Sie beschlie\u00dft am 31.7.1848 Schwarz-Rot-Gold als Farben f\u00fcr die Fahne des neu zu gr\u00fcndenden Deutschen Reiches.<\/p>\n\n\n\n<p>Doch die Debatten zu einer neuen Verfassung dauern fast ein Jahr. Diese Zeit nutzen die F\u00fcrsten und r\u00fcsten zum Gegenschlag. Letztendlich scheitert die Revolution. Viele in der Paulskirchen-Verfassung festgelegten Grundrechte werden wieder au\u00dfer Kraft gesetzt.<\/p>\n\n\n\n<div style=\"height:10px\" aria-hidden=\"true\" class=\"wp-block-spacer\"><\/div>\n\n\n<style>.wp-block-kadence-spacer.kt-block-spacer-22222_41f29a-47 .kt-block-spacer{height:60px;}.wp-block-kadence-spacer.kt-block-spacer-22222_41f29a-47 .kt-divider{border-top-width:1px;height:1px;border-top-color:rgb(0, 98, 161);width:10%;border-top-style:dotted;}<\/style>\n<div class=\"wp-block-kadence-spacer aligncenter kt-block-spacer-22222_41f29a-47\"><div class=\"kt-block-spacer kt-block-spacer-halign-center\"><hr class=\"kt-divider\"\/><\/div><\/div>\n\n\n\n<div style=\"height:10px\" aria-hidden=\"true\" class=\"wp-block-spacer\"><\/div>\n\n\n\n<div class=\"wp-block-columns are-vertically-aligned-center is-layout-flex wp-container-core-columns-is-layout-9d6595d7 wp-block-columns-is-layout-flex\">\n<div class=\"wp-block-column is-vertically-aligned-center is-layout-flow wp-block-column-is-layout-flow\" style=\"flex-basis:25%\"><style>.kt-svg-icons22222_ea798c-03 .kt-svg-item-0 .kb-svg-icon-wrap{color:var(--global-palette4, #2D3748);font-size:50px;}.wp-block-kadence-icon.kt-svg-icons22222_ea798c-03{justify-content:center;}<\/style>\n<div class=\"wp-block-kadence-icon kt-svg-icons kt-svg-icons22222_ea798c-03 alignnone\"><style>.kt-svg-item-22222_f340e3-e4 .kb-svg-icon-wrap, .kt-svg-style-stacked.kt-svg-item-22222_f340e3-e4 .kb-svg-icon-wrap{color:rgb(242, 148, 0);font-size:30px;}<\/style>\n<div class=\"wp-block-kadence-single-icon kt-svg-style-default kt-svg-icon-wrap kt-svg-item-22222_f340e3-e4\"><span class=\"kb-svg-icon-wrap kb-svg-icon-ic_flag\"><svg viewBox=\"0 0 8 8\"  fill=\"currentColor\" xmlns=\"http:\/\/www.w3.org\/2000\/svg\"  aria-hidden=\"true\"><path d=\"M0 0v8h1v-8h-1zm2 0v4h2v1h4l-2-1.97 2-2.03h-3v-1h-3z\"\/><\/svg><\/span><\/div>\n<\/div>\n<\/div>\n\n\n\n<div class=\"wp-block-column is-vertically-aligned-center has-vispronet-orange-color has-text-color has-large-font-size is-layout-flow wp-block-column-is-layout-flow\" style=\"font-style:normal;font-weight:500;flex-basis:15%\">\n<p class=\"has-text-align-center\" style=\"font-size:24px;font-style:normal;font-weight:700\">1871<\/p>\n<\/div>\n<\/div>\n\n\n\n<div class=\"wp-block-media-text is-stacked-on-mobile is-vertically-aligned-center\" style=\"grid-template-columns:30% auto\"><figure class=\"wp-block-media-text__media\"><a href=\"https:\/\/www.vispronet.de\/blog\/wp-content\/uploads\/otto-von-bismarck.jpg\" data-rel=\"lightbox-image-4\" data-magnific_type=\"image\" data-rl_title=\"\" data-rl_caption=\"\" title=\"\"><img loading=\"lazy\" decoding=\"async\" width=\"750\" height=\"1000\" src=\"https:\/\/www.vispronet.de\/blog\/wp-content\/uploads\/otto-von-bismarck.jpg\" alt=\"Otto von Bismarck\" class=\"wp-image-22608 size-full\" srcset=\"https:\/\/www.vispronet.de\/blog\/wp-content\/uploads\/otto-von-bismarck.jpg 750w, https:\/\/www.vispronet.de\/blog\/wp-content\/uploads\/otto-von-bismarck-300x400.jpg 300w, https:\/\/www.vispronet.de\/blog\/wp-content\/uploads\/otto-von-bismarck-440x587.jpg 440w\" sizes=\"auto, (max-width: 750px) 100vw, 750px\" \/><\/a><\/figure><div class=\"wp-block-media-text__content\">\n<h3 class=\"wp-block-heading\">Reichskanzler Bismarck<\/h3>\n\n\n\n<p>Mit der Kr\u00f6nung K\u00f6nig Wilhelm 1. zum Kaiser entsteht 1871 endlich der erste deutsche Nationalstaat. Darauf folgt wenig sp\u00e4ter die Ernennung <strong>Otto von Bismarcks<\/strong> zum ersten deutschen Reichskanzler. Auf sein Dr\u00e4ngen verschwinden die <strong>Farben der Revolution<\/strong> und werden durch ein schwarz-rot-wei\u00dfes Banner ersetzt.<\/p>\n<\/div><\/div>\n\n\n\n<div style=\"height:10px\" aria-hidden=\"true\" class=\"wp-block-spacer\"><\/div>\n\n\n<style>.wp-block-kadence-spacer.kt-block-spacer-22222_8094c0-27 .kt-block-spacer{height:60px;}.wp-block-kadence-spacer.kt-block-spacer-22222_8094c0-27 .kt-divider{border-top-width:1px;height:1px;border-top-color:rgb(0, 98, 161);width:40%;border-top-style:dotted;}<\/style>\n<div class=\"wp-block-kadence-spacer aligncenter kt-block-spacer-22222_8094c0-27\"><div class=\"kt-block-spacer kt-block-spacer-halign-center\"><hr class=\"kt-divider\"\/><\/div><\/div>\n\n\n\n<div class=\"wp-block-columns are-vertically-aligned-center is-layout-flex wp-container-core-columns-is-layout-9d6595d7 wp-block-columns-is-layout-flex\">\n<div class=\"wp-block-column is-vertically-aligned-center is-layout-flow wp-block-column-is-layout-flow\" style=\"flex-basis:25%\"><style>.kt-svg-icons22222_60523b-9b .kt-svg-item-0 .kb-svg-icon-wrap{color:var(--global-palette4, #2D3748);font-size:50px;}.wp-block-kadence-icon.kt-svg-icons22222_60523b-9b{justify-content:center;}<\/style>\n<div class=\"wp-block-kadence-icon kt-svg-icons kt-svg-icons22222_60523b-9b alignnone\"><style>.kt-svg-item-22222_40d12c-3a .kb-svg-icon-wrap, .kt-svg-style-stacked.kt-svg-item-22222_40d12c-3a .kb-svg-icon-wrap{color:rgb(242, 148, 0);font-size:30px;}<\/style>\n<div class=\"wp-block-kadence-single-icon kt-svg-style-default kt-svg-icon-wrap kt-svg-item-22222_40d12c-3a\"><span class=\"kb-svg-icon-wrap kb-svg-icon-ic_flag\"><svg viewBox=\"0 0 8 8\"  fill=\"currentColor\" xmlns=\"http:\/\/www.w3.org\/2000\/svg\"  aria-hidden=\"true\"><path d=\"M0 0v8h1v-8h-1zm2 0v4h2v1h4l-2-1.97 2-2.03h-3v-1h-3z\"\/><\/svg><\/span><\/div>\n<\/div>\n<\/div>\n\n\n\n<div class=\"wp-block-column is-vertically-aligned-center has-vispronet-orange-color has-text-color has-large-font-size is-layout-flow wp-block-column-is-layout-flow\" style=\"font-style:normal;font-weight:500;flex-basis:15%\">\n<p class=\"has-text-align-center\" style=\"font-size:24px;font-style:normal;font-weight:700\">1892<\/p>\n<\/div>\n<\/div>\n\n\n\n<div class=\"wp-block-media-text has-media-on-the-right is-stacked-on-mobile is-vertically-aligned-center\"><div class=\"wp-block-media-text__content\">\n<h3 class=\"wp-block-heading\">Das deutsche Kaiserreich<\/h3>\n\n\n\n<p>Und schlie\u00dflich \u00fcbernimmt 21 Jahre sp\u00e4ter auch das deutsche Kaiserreich die Farbgebung in ihre Nationalflagge. So pflegt man die schwarz-rot-wei\u00dfe Tradition weiter &#8211; den Farben des Norddeutschen Bundes und des preu\u00dfischen Adels. <\/p>\n<\/div><figure class=\"wp-block-media-text__media\"><a href=\"https:\/\/www.vispronet.de\/blog\/wp-content\/uploads\/kaiser-wilhelm-1.jpg\" data-rel=\"lightbox-image-5\" data-magnific_type=\"image\" data-rl_title=\"\" data-rl_caption=\"\" title=\"\"><img loading=\"lazy\" decoding=\"async\" width=\"1000\" height=\"750\" src=\"https:\/\/www.vispronet.de\/blog\/wp-content\/uploads\/kaiser-wilhelm-1.jpg\" alt=\"Kaiser Wilhelm I.\" class=\"wp-image-22604 size-full\" srcset=\"https:\/\/www.vispronet.de\/blog\/wp-content\/uploads\/kaiser-wilhelm-1.jpg 1000w, https:\/\/www.vispronet.de\/blog\/wp-content\/uploads\/kaiser-wilhelm-1-768x576.jpg 768w, https:\/\/www.vispronet.de\/blog\/wp-content\/uploads\/kaiser-wilhelm-1-300x225.jpg 300w, https:\/\/www.vispronet.de\/blog\/wp-content\/uploads\/kaiser-wilhelm-1-440x330.jpg 440w\" sizes=\"auto, (max-width: 1000px) 100vw, 1000px\" \/><\/a><\/figure><\/div>\n\n\n<style>.wp-block-kadence-spacer.kt-block-spacer-22222_a1fa9a-f9 .kt-block-spacer{height:60px;}.wp-block-kadence-spacer.kt-block-spacer-22222_a1fa9a-f9 .kt-divider{border-top-width:1px;height:1px;border-top-color:#eee;width:80%;border-top-style:solid;}<\/style>\n<div class=\"wp-block-kadence-spacer aligncenter kt-block-spacer-22222_a1fa9a-f9\"><div class=\"kt-block-spacer kt-block-spacer-halign-center\"><hr class=\"kt-divider\"\/><\/div><\/div>\n\n\n\n<h2 class=\"wp-block-heading\">Die deutsche Fahne im Wandel &#8211; der Flaggenstreit<\/h2>\n\n\n\n<div style=\"height:10px\" aria-hidden=\"true\" class=\"wp-block-spacer\"><\/div>\n\n\n\n<div class=\"wp-block-columns are-vertically-aligned-center is-layout-flex wp-container-core-columns-is-layout-9d6595d7 wp-block-columns-is-layout-flex\">\n<div class=\"wp-block-column is-vertically-aligned-center is-layout-flow wp-block-column-is-layout-flow\" style=\"flex-basis:25%\"><style>.kt-svg-icons22222_ee0e5b-8e .kt-svg-item-0 .kb-svg-icon-wrap{color:var(--global-palette4, #2D3748);font-size:50px;}.wp-block-kadence-icon.kt-svg-icons22222_ee0e5b-8e{justify-content:center;}<\/style>\n<div class=\"wp-block-kadence-icon kt-svg-icons kt-svg-icons22222_ee0e5b-8e alignnone\"><style>.kt-svg-item-22222_6d89de-c2 .kb-svg-icon-wrap, .kt-svg-style-stacked.kt-svg-item-22222_6d89de-c2 .kb-svg-icon-wrap{color:rgb(242, 148, 0);font-size:30px;}<\/style>\n<div class=\"wp-block-kadence-single-icon kt-svg-style-default kt-svg-icon-wrap kt-svg-item-22222_6d89de-c2\"><span class=\"kb-svg-icon-wrap kb-svg-icon-ic_flag\"><svg viewBox=\"0 0 8 8\"  fill=\"currentColor\" xmlns=\"http:\/\/www.w3.org\/2000\/svg\"  aria-hidden=\"true\"><path d=\"M0 0v8h1v-8h-1zm2 0v4h2v1h4l-2-1.97 2-2.03h-3v-1h-3z\"\/><\/svg><\/span><\/div>\n<\/div>\n<\/div>\n\n\n\n<div class=\"wp-block-column is-vertically-aligned-center has-vispronet-orange-color has-text-color has-large-font-size is-layout-flow wp-block-column-is-layout-flow\" style=\"font-style:normal;font-weight:500;flex-basis:15%\">\n<p class=\"has-text-align-center\" style=\"font-size:24px;font-style:normal;font-weight:700\">1919<\/p>\n<\/div>\n<\/div>\n\n\n\n<h3 class=\"wp-block-heading\">Die Weimarer Republik<\/h3>\n\n\n\n<p>Erst nach dem Ende des Kaiserreichs und der Proklamation der Weimarer Republik, kehrt Deutschland zu <strong>Schwarz-Rot-Gold<\/strong> zur\u00fcck. Offiziell legt dies die Reichsverfassung am 11. August 1919 fest.<\/p>\n\n\n\n<div class=\"wp-block-media-text is-stacked-on-mobile is-vertically-aligned-center\" style=\"grid-template-columns:30% auto\"><figure class=\"wp-block-media-text__media\"><a href=\"https:\/\/www.vispronet.de\/blog\/wp-content\/uploads\/friedrich-ebert.jpg\" data-rel=\"lightbox-image-6\" data-magnific_type=\"image\" data-rl_title=\"\" data-rl_caption=\"\" title=\"\"><img loading=\"lazy\" decoding=\"async\" width=\"750\" height=\"1000\" src=\"https:\/\/www.vispronet.de\/blog\/wp-content\/uploads\/friedrich-ebert.jpg\" alt=\"Friedrich Ebert\" class=\"wp-image-22598 size-full\" srcset=\"https:\/\/www.vispronet.de\/blog\/wp-content\/uploads\/friedrich-ebert.jpg 750w, https:\/\/www.vispronet.de\/blog\/wp-content\/uploads\/friedrich-ebert-300x400.jpg 300w, https:\/\/www.vispronet.de\/blog\/wp-content\/uploads\/friedrich-ebert-440x587.jpg 440w\" sizes=\"auto, (max-width: 750px) 100vw, 750px\" \/><\/a><\/figure><div class=\"wp-block-media-text__content\">\n<p>Doch in der jungen Republik bleibt die Farbgebung weiter ein Streitthema, das sich noch \u00fcber Jahre hinzieht. Eine von Reichspr\u00e4sident <strong>Friedrich Ebert<\/strong> im September 1919 eingef\u00fchrte <a href=\"https:\/\/www.spiegel.de\/geschichte\/weimarer-republik-und-die-reichskriegsflagge-eine-flagge-die-niemand-wollte-a-948356.html\">Reichskriegsflagge<\/a> wird von der Marine schlichtweg ignoriert.<\/p>\n\n\n\n<div style=\"height:10px\" aria-hidden=\"true\" class=\"wp-block-spacer\"><\/div>\n\n\n\n<p>Mit der Verordnung \u00fcber die deutschen Flaggen vom 21. April 1921 erhalten sowohl Reichskriegsflagge als auch die deutsche Handelsflagge lediglich ein kleines schwarz-rot-goldenes Obereck (G\u00f6sch) auf den ansonsten schwarz-wei\u00df-roten Flaggen.<\/p>\n<\/div><\/div>\n\n\n<style>.wp-block-kadence-spacer.kt-block-spacer-22222_17a275-1b .kt-block-spacer{height:60px;}.wp-block-kadence-spacer.kt-block-spacer-22222_17a275-1b .kt-divider{border-top-width:1px;height:1px;border-top-color:#eee;width:80%;border-top-style:solid;}<\/style>\n<div class=\"wp-block-kadence-spacer aligncenter kt-block-spacer-22222_17a275-1b\"><div class=\"kt-block-spacer kt-block-spacer-halign-center\"><hr class=\"kt-divider\"\/><\/div><\/div>\n\n\n\n<h2 class=\"wp-block-heading\">Die Deutschland Fahne in der Zeit des Nationalsozialismus<\/h2>\n\n\n\n<div style=\"height:10px\" aria-hidden=\"true\" class=\"wp-block-spacer\"><\/div>\n\n\n\n<div class=\"wp-block-columns are-vertically-aligned-center is-layout-flex wp-container-core-columns-is-layout-9d6595d7 wp-block-columns-is-layout-flex\">\n<div class=\"wp-block-column is-vertically-aligned-center is-layout-flow wp-block-column-is-layout-flow\" style=\"flex-basis:25%\"><style>.kt-svg-icons22222_9a1ca4-a7 .kt-svg-item-0 .kb-svg-icon-wrap{color:var(--global-palette4, #2D3748);font-size:50px;}.wp-block-kadence-icon.kt-svg-icons22222_9a1ca4-a7{justify-content:center;}<\/style>\n<div class=\"wp-block-kadence-icon kt-svg-icons kt-svg-icons22222_9a1ca4-a7 alignnone\"><style>.kt-svg-item-22222_75e903-80 .kb-svg-icon-wrap, .kt-svg-style-stacked.kt-svg-item-22222_75e903-80 .kb-svg-icon-wrap{color:rgb(242, 148, 0);font-size:30px;}<\/style>\n<div class=\"wp-block-kadence-single-icon kt-svg-style-default kt-svg-icon-wrap kt-svg-item-22222_75e903-80\"><span class=\"kb-svg-icon-wrap kb-svg-icon-ic_flag\"><svg viewBox=\"0 0 8 8\"  fill=\"currentColor\" xmlns=\"http:\/\/www.w3.org\/2000\/svg\"  aria-hidden=\"true\"><path d=\"M0 0v8h1v-8h-1zm2 0v4h2v1h4l-2-1.97 2-2.03h-3v-1h-3z\"\/><\/svg><\/span><\/div>\n<\/div>\n<\/div>\n\n\n\n<div class=\"wp-block-column is-vertically-aligned-center has-vispronet-orange-color has-text-color has-large-font-size is-layout-flow wp-block-column-is-layout-flow\" style=\"font-style:normal;font-weight:500;flex-basis:15%\">\n<p class=\"has-text-align-center\" style=\"font-size:24px;font-style:normal;font-weight:700\">1933<\/p>\n<\/div>\n<\/div>\n\n\n\n<h3 class=\"wp-block-heading\">Hindenburg und die Hakenkreuzfahne<\/h3>\n\n\n\n<p>Doch noch einmal muss Schwarz-Rot-Gold g\u00e4nzlich weichen. Per Erlass des <strong>Reichstagspr\u00e4sidenten Paul von Hindenburg<\/strong> vom 12. M\u00e4rz 1933 kehrt Deutschland zu einem schwarz-wei\u00df-rot Banner zur\u00fcck, welches zusammen mit der Hakenkreuzflagge gehisst werden soll. Durch das Reichsflaggengesetz vom 15.9.1935 ersetzt der Reichstag schlie\u00dflich die deutsche Flagge durch die Hakenkreuzfahne als einzig g\u00fcltige Reichs- und Nationalflagge Deutschlands.<\/p>\n\n\n\n<p>Sie wird zum Symbol und einem weltweit bekannten Zeichen f\u00fcr Hass und Unterdr\u00fcckung.<\/p>\n\n\n<style>.wp-block-kadence-spacer.kt-block-spacer-22222_7bf2f0-7a .kt-block-spacer{height:60px;}.wp-block-kadence-spacer.kt-block-spacer-22222_7bf2f0-7a .kt-divider{border-top-width:1px;height:1px;border-top-color:#eee;width:80%;border-top-style:solid;}<\/style>\n<div class=\"wp-block-kadence-spacer aligncenter kt-block-spacer-22222_7bf2f0-7a\"><div class=\"kt-block-spacer kt-block-spacer-halign-center\"><hr class=\"kt-divider\"\/><\/div><\/div>\n\n\n\n<h2 class=\"wp-block-heading\">Die Teilung Deutschlands: Schwarz Rot Gold in Bundesrepublik und DDR<\/h2>\n\n\n\n<div style=\"height:10px\" aria-hidden=\"true\" class=\"wp-block-spacer\"><\/div>\n\n\n\n<div class=\"wp-block-columns are-vertically-aligned-center is-layout-flex wp-container-core-columns-is-layout-9d6595d7 wp-block-columns-is-layout-flex\">\n<div class=\"wp-block-column is-vertically-aligned-center is-layout-flow wp-block-column-is-layout-flow\" style=\"flex-basis:25%\"><style>.kt-svg-icons22222_ac9c93-51 .kt-svg-item-0 .kb-svg-icon-wrap{color:var(--global-palette4, #2D3748);font-size:50px;}.wp-block-kadence-icon.kt-svg-icons22222_ac9c93-51{justify-content:center;}<\/style>\n<div class=\"wp-block-kadence-icon kt-svg-icons kt-svg-icons22222_ac9c93-51 alignnone\"><style>.kt-svg-item-22222_bd51fd-5b .kb-svg-icon-wrap, .kt-svg-style-stacked.kt-svg-item-22222_bd51fd-5b .kb-svg-icon-wrap{color:rgb(242, 148, 0);font-size:30px;}<\/style>\n<div class=\"wp-block-kadence-single-icon kt-svg-style-default kt-svg-icon-wrap kt-svg-item-22222_bd51fd-5b\"><span class=\"kb-svg-icon-wrap kb-svg-icon-ic_flag\"><svg viewBox=\"0 0 8 8\"  fill=\"currentColor\" xmlns=\"http:\/\/www.w3.org\/2000\/svg\"  aria-hidden=\"true\"><path d=\"M0 0v8h1v-8h-1zm2 0v4h2v1h4l-2-1.97 2-2.03h-3v-1h-3z\"\/><\/svg><\/span><\/div>\n<\/div>\n<\/div>\n\n\n\n<div class=\"wp-block-column is-vertically-aligned-center has-vispronet-orange-color has-text-color has-large-font-size is-layout-flow wp-block-column-is-layout-flow\" style=\"font-style:normal;font-weight:500;flex-basis:15%\">\n<p class=\"has-text-align-center\" style=\"font-size:24px;font-style:normal;font-weight:700\">1945<\/p>\n<\/div>\n<\/div>\n\n\n\n<h3 class=\"wp-block-heading\">Die Entscheidung der Siegerm\u00e4chte<\/h3>\n\n\n\n<p>Mit dem Sturz des NS-Regimes 1945 endet das wohl dunkelste Kapitel deutscher Geschichte und damit die Zeit der Hakenkreuzfahne. Mit dem Kontrollratsgesetz Nr. 1 betreffend der Aufhebung von NS-Recht&nbsp;vom 20. September 1945 verbieten die Siegerm\u00e4chte die Fahne offiziell &#8211; und das ist sie bis heute.<\/p>\n\n\n\n<div style=\"height:10px\" aria-hidden=\"true\" class=\"wp-block-spacer\"><\/div>\n\n\n<style>.wp-block-kadence-spacer.kt-block-spacer-22222_bdf683-98 .kt-block-spacer{height:60px;}.wp-block-kadence-spacer.kt-block-spacer-22222_bdf683-98 .kt-divider{border-top-width:1px;height:1px;border-top-color:rgb(0, 98, 161);width:40%;border-top-style:dotted;}<\/style>\n<div class=\"wp-block-kadence-spacer aligncenter kt-block-spacer-22222_bdf683-98\"><div class=\"kt-block-spacer kt-block-spacer-halign-center\"><hr class=\"kt-divider\"\/><\/div><\/div>\n\n\n\n<div style=\"height:10px\" aria-hidden=\"true\" class=\"wp-block-spacer\"><\/div>\n\n\n\n<div class=\"wp-block-columns are-vertically-aligned-center is-layout-flex wp-container-core-columns-is-layout-9d6595d7 wp-block-columns-is-layout-flex\">\n<div class=\"wp-block-column is-vertically-aligned-center is-layout-flow wp-block-column-is-layout-flow\" style=\"flex-basis:25%\"><style>.kt-svg-icons22222_dee792-a2 .kt-svg-item-0 .kb-svg-icon-wrap{color:var(--global-palette4, #2D3748);font-size:50px;}.wp-block-kadence-icon.kt-svg-icons22222_dee792-a2{justify-content:center;}<\/style>\n<div class=\"wp-block-kadence-icon kt-svg-icons kt-svg-icons22222_dee792-a2 alignnone\"><style>.kt-svg-item-22222_146cee-2c .kb-svg-icon-wrap, .kt-svg-style-stacked.kt-svg-item-22222_146cee-2c .kb-svg-icon-wrap{color:rgb(242, 148, 0);font-size:30px;}<\/style>\n<div class=\"wp-block-kadence-single-icon kt-svg-style-default kt-svg-icon-wrap kt-svg-item-22222_146cee-2c\"><span class=\"kb-svg-icon-wrap kb-svg-icon-ic_flag\"><svg viewBox=\"0 0 8 8\"  fill=\"currentColor\" xmlns=\"http:\/\/www.w3.org\/2000\/svg\"  aria-hidden=\"true\"><path d=\"M0 0v8h1v-8h-1zm2 0v4h2v1h4l-2-1.97 2-2.03h-3v-1h-3z\"\/><\/svg><\/span><\/div>\n<\/div>\n<\/div>\n\n\n\n<div class=\"wp-block-column is-vertically-aligned-center has-vispronet-orange-color has-text-color has-large-font-size is-layout-flow wp-block-column-is-layout-flow\" style=\"font-style:normal;font-weight:500;flex-basis:15%\">\n<p class=\"has-text-align-center\" style=\"font-size:24px;font-style:normal;font-weight:700\">1950<\/p>\n<\/div>\n<\/div>\n\n\n\n<div class=\"wp-block-media-text has-media-on-the-right is-stacked-on-mobile is-vertically-aligned-center\"><div class=\"wp-block-media-text__content\">\n<h3 class=\"wp-block-heading\">Deutschland ohne Flagge<\/h3>\n\n\n\n<p>Damit besitzt Deutschland <strong>keine offizielle Nationalflagge<\/strong> mehr. Als Ersatz nutzen deutsche Schiffe deshalb bis 1950 einen C-Stander &#8211; eine leicht ver\u00e4nderte Flagge des Buchstabens C aus dem internationalen Flaggenalphabet.<\/p>\n<\/div><figure class=\"wp-block-media-text__media\"><img loading=\"lazy\" decoding=\"async\" width=\"454\" height=\"312\" src=\"https:\/\/www.vispronet.de\/blog\/wp-content\/uploads\/handelsflagge-1946\u20131949-c-stander.jpg\" alt=\"\" class=\"wp-image-22716 size-full\" srcset=\"https:\/\/www.vispronet.de\/blog\/wp-content\/uploads\/handelsflagge-1946\u20131949-c-stander.jpg 454w, https:\/\/www.vispronet.de\/blog\/wp-content\/uploads\/handelsflagge-1946\u20131949-c-stander-300x206.jpg 300w, https:\/\/www.vispronet.de\/blog\/wp-content\/uploads\/handelsflagge-1946\u20131949-c-stander-440x302.jpg 440w\" sizes=\"auto, (max-width: 454px) 100vw, 454px\" \/><\/figure><\/div>\n\n\n\n<div style=\"height:10px\" aria-hidden=\"true\" class=\"wp-block-spacer\"><\/div>\n\n\n<style>.wp-block-kadence-spacer.kt-block-spacer-22222_31210d-0c .kt-block-spacer{height:60px;}.wp-block-kadence-spacer.kt-block-spacer-22222_31210d-0c .kt-divider{border-top-width:1px;height:1px;border-top-color:rgb(0, 98, 161);width:40%;border-top-style:dotted;}<\/style>\n<div class=\"wp-block-kadence-spacer aligncenter kt-block-spacer-22222_31210d-0c\"><div class=\"kt-block-spacer kt-block-spacer-halign-center\"><hr class=\"kt-divider\"\/><\/div><\/div>\n\n\n\n<div style=\"height:10px\" aria-hidden=\"true\" class=\"wp-block-spacer\"><\/div>\n\n\n\n<div class=\"wp-block-columns are-vertically-aligned-center is-layout-flex wp-container-core-columns-is-layout-9d6595d7 wp-block-columns-is-layout-flex\">\n<div class=\"wp-block-column is-vertically-aligned-center is-layout-flow wp-block-column-is-layout-flow\" style=\"flex-basis:25%\"><style>.kt-svg-icons22222_dbb071-98 .kt-svg-item-0 .kb-svg-icon-wrap{color:var(--global-palette4, #2D3748);font-size:50px;}.wp-block-kadence-icon.kt-svg-icons22222_dbb071-98{justify-content:center;}<\/style>\n<div class=\"wp-block-kadence-icon kt-svg-icons kt-svg-icons22222_dbb071-98 alignnone\"><style>.kt-svg-item-22222_201fda-87 .kb-svg-icon-wrap, .kt-svg-style-stacked.kt-svg-item-22222_201fda-87 .kb-svg-icon-wrap{color:rgb(242, 148, 0);font-size:30px;}<\/style>\n<div class=\"wp-block-kadence-single-icon kt-svg-style-default kt-svg-icon-wrap kt-svg-item-22222_201fda-87\"><span class=\"kb-svg-icon-wrap kb-svg-icon-ic_flag\"><svg viewBox=\"0 0 8 8\"  fill=\"currentColor\" xmlns=\"http:\/\/www.w3.org\/2000\/svg\"  aria-hidden=\"true\"><path d=\"M0 0v8h1v-8h-1zm2 0v4h2v1h4l-2-1.97 2-2.03h-3v-1h-3z\"\/><\/svg><\/span><\/div>\n<\/div>\n<\/div>\n\n\n\n<div class=\"wp-block-column is-vertically-aligned-center has-vispronet-orange-color has-text-color has-large-font-size is-layout-flow wp-block-column-is-layout-flow\" style=\"font-style:normal;font-weight:500;flex-basis:15%\">\n<p class=\"has-text-align-center\" style=\"font-size:24px;font-style:normal;font-weight:700\">1949<\/p>\n<\/div>\n<\/div>\n\n\n\n<div class=\"wp-block-media-text is-stacked-on-mobile is-vertically-aligned-center\"><figure class=\"wp-block-media-text__media\"><a href=\"https:\/\/www.vispronet.de\/blog\/wp-content\/uploads\/schwarz-rot-gold-ddr.jpg\" data-rel=\"lightbox-image-7\" data-magnific_type=\"image\" data-rl_title=\"\" data-rl_caption=\"\" title=\"\"><img loading=\"lazy\" decoding=\"async\" width=\"1000\" height=\"750\" src=\"https:\/\/www.vispronet.de\/blog\/wp-content\/uploads\/schwarz-rot-gold-ddr.jpg\" alt=\"Flagge der DDR: schwarz-rot goldenes Fahne mit Emblem\" class=\"wp-image-22614 size-full\" srcset=\"https:\/\/www.vispronet.de\/blog\/wp-content\/uploads\/schwarz-rot-gold-ddr.jpg 1000w, https:\/\/www.vispronet.de\/blog\/wp-content\/uploads\/schwarz-rot-gold-ddr-768x576.jpg 768w, https:\/\/www.vispronet.de\/blog\/wp-content\/uploads\/schwarz-rot-gold-ddr-300x225.jpg 300w, https:\/\/www.vispronet.de\/blog\/wp-content\/uploads\/schwarz-rot-gold-ddr-440x330.jpg 440w\" sizes=\"auto, (max-width: 1000px) 100vw, 1000px\" \/><\/a><\/figure><div class=\"wp-block-media-text__content\">\n<h3 class=\"wp-block-heading\">Deutsche Flaggen in Ost und West<\/h3>\n\n\n\n<p>Mit der Gr\u00fcndung der beiden deutschen Staaten 1949 besinnt man sich auf die Farben der Weimarer Republik zur\u00fcck. Sowohl die Bundesrepublik Deutschland als auch die Deutsche Demokratische Republik \u00fcbernehmen Schwarz-Rot-Gold in ihre Nationalflaggen. 1959 erg\u00e4nzt die DDR ihre Fahne durch ein Staatswappen mit Hammer und Sichel in einem \u00c4hrenkranz.<\/p>\n<\/div><\/div>\n\n\n\n<div style=\"height:20px\" aria-hidden=\"true\" class=\"wp-block-spacer\"><\/div>\n\n\n\n<div class=\"wp-block-group is-border has-white-background-color has-background\"><div class=\"wp-block-group__inner-container is-layout-flow wp-block-group-is-layout-flow\">\n<h3 class=\"wp-block-heading has-text-align-center\" id=\"oesterreich-flagge-kaufen\">Deutsche Flaggen in verschiedenen Formaten kaufen<\/h3>\n\n\n\n<div class=\"wp-block-columns is-layout-flex wp-container-core-columns-is-layout-9d6595d7 wp-block-columns-is-layout-flex\">\n<div class=\"wp-block-column is-vertically-aligned-center is-layout-flow wp-block-column-is-layout-flow\"><div class=\"wp-block-image is-resized no-border is-style-default\">\n<figure class=\"aligncenter size-large\"><a href=\"\/fahnen-masten\/laenderflaggen\/nationalfahnen\/nationalfahnen-im-hochformat\/\"><img loading=\"lazy\" decoding=\"async\" width=\"1024\" height=\"1024\" src=\"https:\/\/www.vispronet.de\/blog\/wp-content\/uploads\/hissfahnen-hochformat-deutschland-1024x1024.jpg\" alt=\"Deutschland - Hissfahne im Hochformat\" class=\"wp-image-22894\" srcset=\"https:\/\/www.vispronet.de\/blog\/wp-content\/uploads\/hissfahnen-hochformat-deutschland-1024x1024.jpg 1024w, https:\/\/www.vispronet.de\/blog\/wp-content\/uploads\/hissfahnen-hochformat-deutschland-768x768.jpg 768w, https:\/\/www.vispronet.de\/blog\/wp-content\/uploads\/hissfahnen-hochformat-deutschland-150x150.jpg 150w, https:\/\/www.vispronet.de\/blog\/wp-content\/uploads\/hissfahnen-hochformat-deutschland-300x300.jpg 300w, https:\/\/www.vispronet.de\/blog\/wp-content\/uploads\/hissfahnen-hochformat-deutschland-440x440.jpg 440w, https:\/\/www.vispronet.de\/blog\/wp-content\/uploads\/hissfahnen-hochformat-deutschland-1500x1500.jpg 1500w, https:\/\/www.vispronet.de\/blog\/wp-content\/uploads\/hissfahnen-hochformat-deutschland.jpg 1600w\" sizes=\"auto, (max-width: 1024px) 100vw, 1024px\" \/><\/a><\/figure>\n<\/div>\n\n\n<p class=\"has-text-align-center\"><a href=\"\/fahnen-masten\/laenderflaggen\/nationalfahnen\/nationalfahnen-im-hochformat\/\">Deutschland Flagge<br>Hissfahne Hochformat<\/a><\/p>\n<\/div>\n\n\n\n<div class=\"wp-block-column is-layout-flow wp-block-column-is-layout-flow\"><div class=\"wp-block-image no-border\">\n<figure class=\"aligncenter size-large\"><a href=\"\/fahnen-masten\/laenderflaggen\/nationalfahnen\/nationalfahnen-im-q\"><img loading=\"lazy\" decoding=\"async\" width=\"1024\" height=\"1024\" src=\"https:\/\/www.vispronet.de\/blog\/wp-content\/uploads\/hissfahne-querformat-deutschland-1024x1024.jpg\" alt=\"Deutschland - Hissfahne im Querformat\" class=\"wp-image-22890\" srcset=\"https:\/\/www.vispronet.de\/blog\/wp-content\/uploads\/hissfahne-querformat-deutschland-1024x1024.jpg 1024w, https:\/\/www.vispronet.de\/blog\/wp-content\/uploads\/hissfahne-querformat-deutschland-768x768.jpg 768w, https:\/\/www.vispronet.de\/blog\/wp-content\/uploads\/hissfahne-querformat-deutschland-150x150.jpg 150w, https:\/\/www.vispronet.de\/blog\/wp-content\/uploads\/hissfahne-querformat-deutschland-300x300.jpg 300w, https:\/\/www.vispronet.de\/blog\/wp-content\/uploads\/hissfahne-querformat-deutschland-440x440.jpg 440w, https:\/\/www.vispronet.de\/blog\/wp-content\/uploads\/hissfahne-querformat-deutschland-1500x1500.jpg 1500w, https:\/\/www.vispronet.de\/blog\/wp-content\/uploads\/hissfahne-querformat-deutschland.jpg 1600w\" sizes=\"auto, (max-width: 1024px) 100vw, 1024px\" \/><\/a><\/figure>\n<\/div>\n\n\n<p class=\"has-text-align-center\"><a href=\"\/fahnen-masten\/laenderflaggen\/nationalfahnen\/nationalfahnen-im-querformat-mit-kordel\/\" target=\"_blank\" rel=\"noreferrer noopener\">Deutschland Flagge<br>Hissfahne Querformat<\/a><\/p>\n<\/div>\n\n\n\n<div class=\"wp-block-column is-layout-flow wp-block-column-is-layout-flow\"><div class=\"wp-block-image no-border\">\n<figure class=\"aligncenter size-large\"><a href=\"\/fahnen-masten\/laenderflaggen\/nationalfahnen\/nationalfahnen-landesflagge-tischbanner-wimpel\/\"><img loading=\"lazy\" decoding=\"async\" width=\"1024\" height=\"1024\" src=\"https:\/\/www.vispronet.de\/blog\/wp-content\/uploads\/tischbanner-gerade-unterkannte-deutschland-1024x1024.jpg\" alt=\"Deutschland - Tischbanner\" class=\"wp-image-22892\" srcset=\"https:\/\/www.vispronet.de\/blog\/wp-content\/uploads\/tischbanner-gerade-unterkannte-deutschland-1024x1024.jpg 1024w, https:\/\/www.vispronet.de\/blog\/wp-content\/uploads\/tischbanner-gerade-unterkannte-deutschland-768x768.jpg 768w, https:\/\/www.vispronet.de\/blog\/wp-content\/uploads\/tischbanner-gerade-unterkannte-deutschland-150x150.jpg 150w, https:\/\/www.vispronet.de\/blog\/wp-content\/uploads\/tischbanner-gerade-unterkannte-deutschland-300x300.jpg 300w, https:\/\/www.vispronet.de\/blog\/wp-content\/uploads\/tischbanner-gerade-unterkannte-deutschland-440x440.jpg 440w, https:\/\/www.vispronet.de\/blog\/wp-content\/uploads\/tischbanner-gerade-unterkannte-deutschland-1500x1500.jpg 1500w, https:\/\/www.vispronet.de\/blog\/wp-content\/uploads\/tischbanner-gerade-unterkannte-deutschland.jpg 1600w\" sizes=\"auto, (max-width: 1024px) 100vw, 1024px\" \/><\/a><\/figure>\n<\/div>\n\n\n<p class=\"has-text-align-center\"><a href=\"\/fahnen-masten\/laenderflaggen\/nationalfahnen\/nationalfahnen-landesflagge-tischbanner-wimpel\/\">Deutschland Flagge<br>Tischbanner<\/a><\/p>\n<\/div>\n<\/div>\n\n\n\n<p>Entdecke unser <a href=\"\/fahnen-masten\/laenderflaggen\/nationalfahnen\/deutschland-flaggen\/\">komplettes Sortiment an Deutschland Flaggen<\/a> in erstklassiger Verarbeitung und auf Wunsch in super-schneller Overnight-Lieferung.<\/p>\n\n\n\n<p>In Vispronet<sup>\u00ae<\/sup>-Fahnen-Sortiment findest du neben den <a href=\"\/fahnen-masten\/laenderflaggen\/nationalfahnen\/\" target=\"_blank\" rel=\"noreferrer noopener\">Nationalflaggen<\/a> in vielen Ausf\u00fchrungen eine Vielzahl von <a href=\"\/fahnen-masten\/laenderflaggen\/sonderfahnen\/\" target=\"_blank\" rel=\"noreferrer noopener\">Sonderflaggen<\/a>, wie beispielsweise die Flagge der Europ\u00e4ischen Union.<\/p>\n<\/div><\/div>\n\n\n\n<div style=\"height:20px\" aria-hidden=\"true\" class=\"wp-block-spacer\"><\/div>\n\n\n\n<h2 class=\"wp-block-heading\">Die Bedeutung der deutschen Flagge nach der Wiedervereinigung<\/h2>\n\n\n\n<div style=\"height:10px\" aria-hidden=\"true\" class=\"wp-block-spacer\"><\/div>\n\n\n\n<div class=\"wp-block-columns are-vertically-aligned-center is-layout-flex wp-container-core-columns-is-layout-9d6595d7 wp-block-columns-is-layout-flex\">\n<div class=\"wp-block-column is-vertically-aligned-center is-layout-flow wp-block-column-is-layout-flow\" style=\"flex-basis:25%\"><style>.kt-svg-icons22222_d23221-2b .kt-svg-item-0 .kb-svg-icon-wrap{color:var(--global-palette4, #2D3748);font-size:50px;}.wp-block-kadence-icon.kt-svg-icons22222_d23221-2b{justify-content:center;}<\/style>\n<div class=\"wp-block-kadence-icon kt-svg-icons kt-svg-icons22222_d23221-2b alignnone\"><style>.kt-svg-item-22222_c2b772-f8 .kb-svg-icon-wrap, .kt-svg-style-stacked.kt-svg-item-22222_c2b772-f8 .kb-svg-icon-wrap{color:rgb(242, 148, 0);font-size:30px;}<\/style>\n<div class=\"wp-block-kadence-single-icon kt-svg-style-default kt-svg-icon-wrap kt-svg-item-22222_c2b772-f8\"><span class=\"kb-svg-icon-wrap kb-svg-icon-ic_flag\"><svg viewBox=\"0 0 8 8\"  fill=\"currentColor\" xmlns=\"http:\/\/www.w3.org\/2000\/svg\"  aria-hidden=\"true\"><path d=\"M0 0v8h1v-8h-1zm2 0v4h2v1h4l-2-1.97 2-2.03h-3v-1h-3z\"\/><\/svg><\/span><\/div>\n<\/div>\n<\/div>\n\n\n\n<div class=\"wp-block-column is-vertically-aligned-center has-vispronet-orange-color has-text-color has-large-font-size is-layout-flow wp-block-column-is-layout-flow\" style=\"font-style:normal;font-weight:500;flex-basis:15%\">\n<p class=\"has-text-align-center\" style=\"font-size:24px;font-style:normal;font-weight:700\">1990<\/p>\n<\/div>\n<\/div>\n\n\n\n<h3 class=\"wp-block-heading\">Artikel 22 Absatz 2 des Grundgesetzes f\u00fcr die Bundesrepublik Deutschland<\/h3>\n\n\n\n<p>Nach dem Fall der Berliner Mauer beginnt eine neue \u00c4ra &#8211; denn die Geschichte der Deutschlandfahne ist eng mit der Wiedervereinigung von Ost- und West verbunden. Die heutige deutsche Flagge, mit ihren drei horizontalen Streifen in Schwarz, Rot und Gold, symbolisiert somit auch die Zusammenf\u00fchrung beider Staaten und wird 1990 offiziell die Nationalflagge des geeinten Deutschlands. <\/p>\n\n\n\n<p>Geltende Bestimmung: <a href=\"https:\/\/www.protokoll-inland.de\/SharedDocs\/downloads\/Webs\/PI\/DE\/Beflaggung\/Rechtsgrundlagen\/anordnung_deutsche_flaggen1996.html;jsessionid=907C6C966C47CF3566856BF456CBD62A.2_cid387\">Anordnung \u00fcber die deutschen Flaggen vom 13. November 1996<\/a> (Bundesgesetzblatt Jahrgang 1996 Teil 1 Nr. 59, Seite 1729)<\/p>\n\n\n\n<h4 class=\"wp-block-heading\">Das Bundesministerium des Innern empfiehlt f\u00fcr Fahnenstoffe folgende Farbt\u00f6ne:<\/h4>\n\n\n\n<ul class=\"wp-block-list\">\n<li>RAL 9017 (Verkehrsschwarz)<\/li>\n\n\n\n<li>RAL 3020 (Verkehrsrot)<\/li>\n\n\n\n<li>RAL 1028 (Melonengelb)<\/li>\n<\/ul>\n\n\n\n<div style=\"height:50px\" aria-hidden=\"true\" class=\"wp-block-spacer\"><\/div>\n\n\n\n<div class=\"wp-block-group is-border has-white-background-color has-background\"><div class=\"wp-block-group__inner-container is-layout-constrained wp-block-group-is-layout-constrained\">\n<div class=\"wp-block-cover\" style=\"min-height:496px;aspect-ratio:unset;\"><span aria-hidden=\"true\" class=\"wp-block-cover__background has-background-dim\"><\/span><img loading=\"lazy\" decoding=\"async\" width=\"1000\" height=\"750\" class=\"wp-block-cover__image-background wp-image-22742\" alt=\"\" src=\"https:\/\/www.vispronet.de\/blog\/wp-content\/uploads\/flagge-der-einheit.jpg\" style=\"object-position:53% 18%\" data-object-fit=\"cover\" data-object-position=\"53% 18%\" srcset=\"https:\/\/www.vispronet.de\/blog\/wp-content\/uploads\/flagge-der-einheit.jpg 1000w, https:\/\/www.vispronet.de\/blog\/wp-content\/uploads\/flagge-der-einheit-768x576.jpg 768w, https:\/\/www.vispronet.de\/blog\/wp-content\/uploads\/flagge-der-einheit-300x225.jpg 300w, https:\/\/www.vispronet.de\/blog\/wp-content\/uploads\/flagge-der-einheit-440x330.jpg 440w\" sizes=\"auto, (max-width: 1000px) 100vw, 1000px\" \/><div class=\"wp-block-cover__inner-container is-layout-constrained wp-block-cover-is-layout-constrained\">\n<p class=\"has-text-align-center has-large-font-size\">Die Flagge der Einheit<\/p>\n<\/div><\/div>\n\n\n\n<p class=\"has-vispronet-blue-color has-text-color has-link-color has-medium-font-size wp-elements-041c7a90cded2e4947128d1ad218e8bd\">Wusstest Du&#8230;<\/p>\n\n\n\n<p>dass die Flagge vor dem Berliner Reichstagsgeb\u00e4ude die offizielle Bezeichnung <a href=\"https:\/\/www.bundestag.de\/dokumente\/textarchiv\/2023\/kw34-rtg-flagge-der-einheit-383254\">Flagge der Einheit<\/a> tr\u00e4gt?<\/p>\n<\/div><\/div>\n\n\n\n<div style=\"height:10px\" aria-hidden=\"true\" class=\"wp-block-spacer\"><\/div>\n\n\n\n<h2 class=\"wp-block-heading\">Fazit<\/h2>\n\n\n\n<p>Die Entstehungsgeschichte der deutschen Flagge ist ein Spiegelbild der deutschen Geschichte, gepr\u00e4gt von Teilung und Wiedervereinigung, Konflikt und Vers\u00f6hnung. <\/p>\n\n\n\n<p>Benutzen darf die schwarz-rot-goldene Deutschlandfahne laut Verfassung \u00fcbrigens jeder:<\/p>\n\n\n\n<div style=\"height:10px\" aria-hidden=\"true\" class=\"wp-block-spacer\"><\/div>\n\n\n\n<blockquote class=\"wp-block-quote is-layout-flow wp-block-quote-is-layout-flow\">\n<p>Die Bundesflagge (ohne Bundesschild) darf von jedermann jederzeit und \u00fcberall verwendet werden. Eine Grenze zieht hier das Strafgesetzbuch mit dem Verbot der Verunglimpfung (\u00a7 90 a&nbsp;StGB).<\/p>\n<cite><a href=\"https:\/\/www.bmi.bund.de\/SharedDocs\/faqs\/DE\/themen\/verfassung\/staatliche-symbole\/bundesflagge.html\">Bundesministerium des Inneren<\/a><\/cite><\/blockquote>\n\n\n\n<div style=\"height:30px\" aria-hidden=\"true\" class=\"wp-block-spacer\"><\/div>\n\n\n\n<hr class=\"wp-block-separator has-alpha-channel-opacity\"\/>\n\n\n\n<div style=\"height:30px\" aria-hidden=\"true\" class=\"wp-block-spacer\"><\/div>\n\n\n\n<p class=\"has-small-font-size\">Quellen:<\/p>\n\n\n\n<ul class=\"wp-block-list\">\n<li style=\"font-size:12px\"><a href=\"https:\/\/www.protokoll-inland.de\/Webs\/PI\/DE\/staatliche-symbole\/bundesflagge\/bundesflagge-node.html\">Protokoll Inland: Bundesflagge<\/a><\/li>\n\n\n\n<li style=\"font-size:12px\"><a href=\"https:\/\/www.protokoll-inland.de\/Webs\/PI\/DE\/beflaggung\/allgemeines\/rechtsgrundlagen\/rechtsgrundlagen-der-beflaggung-node.html\">Rechtsgrundlagen der Beflaggung<\/a><\/li>\n\n\n\n<li style=\"font-size:12px\"><a href=\"https:\/\/www.protokoll-inland.de\/Webs\/PI\/DE\/beflaggung\/flaggen-des-bundes\/bundesfarben\/bundesfarben.html\">Die Bundesfarben<\/a><\/li>\n\n\n\n<li style=\"font-size:12px\"><a href=\"https:\/\/webarchiv.bundestag.de\/archive\/2007\/1105\/blickpunkt\/105_Unter_der_Kuppel\/0409014.html\">Bundestag online: Schwarz Rot Gold<\/a><\/li>\n\n\n\n<li style=\"font-size:12px\"><a href=\"https:\/\/www.dhm.de\/lemo\/kapitel\/vormaerz-und-revolution\/der-deutsche-bund\/das-hambacher-fest-1832.html\">Lebendiges Museum Online: Das Hambacher Fest<\/a><\/li>\n\n\n\n<li style=\"font-size:12px\"><a href=\"https:\/\/www.zdf.de\/dokumentation\/terra-x-history\/deutschlands-kampf-um-die-freiheit-der-grosse-test-100.html\">ZDF\/Terra X History: Deutschlands Kampf um die Freiheit<\/a><\/li>\n\n\n\n<li style=\"font-size:12px\">Abbildungen L\u00fctzower J\u00e4ger und Fahne Jenauer Ur-Burschenschaft: Grafiken nach historischen Vorlagen<\/li>\n<\/ul>\n\n\n\n<p><\/p>\n\n\n\n<p class=\"has-small-font-size\"><br><br><\/p>\n\n\n\n<p><\/p>\n","protected":false},"excerpt":{"rendered":"<p>Untrennbar verbinden wir die Farben Schwarz, Rot und Gold mit der deutschen Nationalflagge. Doch wo liegt ihr Ursprung?<br \/>\nLasst uns tief in die Geschichte eintauchen und die Wurzeln der deutschen Flagge erkunden, ihre Entstehung und historische Bedeutung.<\/p>\n","protected":false},"author":27,"featured_media":22612,"comment_status":"open","ping_status":"open","sticky":false,"template":"","format":"standard","meta":{"footnotes":""},"categories":[64],"tags":[1132,1122,1130,1134,1156,1126,197,1128,1120,1118],"class_list":["post-22222","post","type-post","status-publish","format-standard","has-post-thumbnail","hentry","category-explore","tag-brd","tag-bundesfarben","tag-bundesrepublik","tag-ddr","tag-detusch","tag-deutsch","tag-deutschland","tag-national","tag-schwarz-rot-gold-2","tag-schwarz-rot-gold"],"_links":{"self":[{"href":"https:\/\/www.vispronet.de\/blog\/wp-json\/wp\/v2\/posts\/22222","targetHints":{"allow":["GET"]}}],"collection":[{"href":"https:\/\/www.vispronet.de\/blog\/wp-json\/wp\/v2\/posts"}],"about":[{"href":"https:\/\/www.vispronet.de\/blog\/wp-json\/wp\/v2\/types\/post"}],"author":[{"embeddable":true,"href":"https:\/\/www.vispronet.de\/blog\/wp-json\/wp\/v2\/users\/27"}],"replies":[{"embeddable":true,"href":"https:\/\/www.vispronet.de\/blog\/wp-json\/wp\/v2\/comments?post=22222"}],"version-history":[{"count":117,"href":"https:\/\/www.vispronet.de\/blog\/wp-json\/wp\/v2\/posts\/22222\/revisions"}],"predecessor-version":[{"id":26172,"href":"https:\/\/www.vispronet.de\/blog\/wp-json\/wp\/v2\/posts\/22222\/revisions\/26172"}],"wp:featuredmedia":[{"embeddable":true,"href":"https:\/\/www.vispronet.de\/blog\/wp-json\/wp\/v2\/media\/22612"}],"wp:attachment":[{"href":"https:\/\/www.vispronet.de\/blog\/wp-json\/wp\/v2\/media?parent=22222"}],"wp:term":[{"taxonomy":"category","embeddable":true,"href":"https:\/\/www.vispronet.de\/blog\/wp-json\/wp\/v2\/categories?post=22222"},{"taxonomy":"post_tag","embeddable":true,"href":"https:\/\/www.vispronet.de\/blog\/wp-json\/wp\/v2\/tags?post=22222"}],"curies":[{"name":"wp","href":"https:\/\/api.w.org\/{rel}","templated":true}]}}