{"id":23468,"date":"2024-07-16T07:20:51","date_gmt":"2024-07-16T05:20:51","guid":{"rendered":"https:\/\/www.vispronet.de\/blog\/?p=23468"},"modified":"2024-07-16T07:29:40","modified_gmt":"2024-07-16T05:29:40","slug":"acrylglas-foto","status":"publish","type":"post","link":"https:\/\/www.vispronet.de\/blog\/acrylglas-foto\/","title":{"rendered":"Das Acrylglas Foto &#8211; mach dein Bild zum Kunstwerk"},"content":{"rendered":"\n<div class=\"wp-block-group\"><div class=\"wp-block-group__inner-container is-layout-constrained wp-block-group-is-layout-constrained\">\n<p>Stell dir vor, du k\u00f6nntest deine Lieblingsmomente nicht nur festhalten, sondern sie in Kunstwerke verwandeln, die die Zeit \u00fcberdauern. Der Druck eines<strong> Acrylglas Fotos<\/strong> bietet genau diese M\u00f6glichkeit. Das Material ist nicht nur extrem sto\u00dffest und langlebig, es ist auch leichter als Glas und bricht nicht so schnell, was den Transport und die Aufh\u00e4ngung deines Bildes mega erleichtert.<\/p>\n\n\n\n<div class=\"wp-block-media-text is-stacked-on-mobile\"><figure class=\"wp-block-media-text__media\"><a href=\"https:\/\/www.vispronet.de\/blog\/wp-content\/uploads\/acrylglas-bild-wohnzimmer.jpg\" data-rel=\"lightbox-image-0\" data-magnific_type=\"image\" data-rl_title=\"\" data-rl_caption=\"\" title=\"\"><img loading=\"lazy\" decoding=\"async\" width=\"1000\" height=\"750\" src=\"https:\/\/www.vispronet.de\/blog\/wp-content\/uploads\/acrylglas-bild-wohnzimmer.jpg\" alt=\"Acrylglas Bild mit Hochzeitsmotiv\" class=\"wp-image-24730 size-full\" srcset=\"https:\/\/www.vispronet.de\/blog\/wp-content\/uploads\/acrylglas-bild-wohnzimmer.jpg 1000w, https:\/\/www.vispronet.de\/blog\/wp-content\/uploads\/acrylglas-bild-wohnzimmer-768x576.jpg 768w, https:\/\/www.vispronet.de\/blog\/wp-content\/uploads\/acrylglas-bild-wohnzimmer-300x225.jpg 300w, https:\/\/www.vispronet.de\/blog\/wp-content\/uploads\/acrylglas-bild-wohnzimmer-440x330.jpg 440w\" sizes=\"auto, (max-width: 1000px) 100vw, 1000px\" \/><\/a><\/figure><div class=\"wp-block-media-text__content\">\n<p>Aber vor allem \u00fcberzeugt ein <strong>Foto auf Acrylglas<\/strong> durch eine brillante Farbwiedergabe und einen beeindruckenden Tiefeneffekt.<\/p>\n\n\n\n<p><\/p>\n\n\n\n<p>Ob f\u00fcr das heimische Wohnzimmer oder als stilvolles B\u00fcroaccessoire, Acrylglasbilder setzen \u00fcberall spektakul\u00e4re Akzente.<\/p>\n<\/div><\/div>\n\n\n\n<div style=\"height:5px\" aria-hidden=\"true\" class=\"wp-block-spacer\"><\/div>\n<\/div><\/div>\n\n\n\n<section class=\"wp-block-group\"><div class=\"wp-block-group__inner-container is-layout-constrained wp-block-group-is-layout-constrained\">\n<h2 class=\"wp-block-heading\">Der digitale Druckprozess<\/h2>\n\n\n\n<p>Acrylglas vereint die <strong>elegante Optik von Echtglas<\/strong> mit den Vorteilen moderner Materialtechnologie. Der hochmoderne digitale UV-Druck erlaubt es, dein Bild direkt auf die R\u00fcckseite der gl\u00e4nzenden Acrylglasplatte zu drucken. Das sch\u00fctzt dein Motiv nicht nur vor Kratzern, sondern verleiht ihm auch eine <strong>faszinierende Tiefenwirkung<\/strong> und macht es zum absoluten Blickfang.<\/p>\n\n\n\n<p>Unser Digitaldruckprofi Jens erkl\u00e4rt dir in seinem Blogbeitrag genau, wie das Verfahren funktioniert.<br>Hier geht\u2019s zum Artikel <strong><a href=\"\/blog\/uv-druck\/\">UV Druck \u2013 Druckverfahren vorgestellt<\/a><\/strong>.<\/p>\n\n\n\n<div style=\"height:40px\" aria-hidden=\"true\" class=\"wp-block-spacer\"><\/div>\n<\/div><\/section>\n\n\n\n<section class=\"wp-block-group\"><div class=\"wp-block-group__inner-container is-layout-constrained wp-block-group-is-layout-constrained\">\n<div class=\"wp-block-cover is-light has-custom-content-position is-position-bottom-left has-vispronet-blue-color has-text-color has-link-color wp-elements-d566b7ba4b9e063003b0651291c4bd8f\" style=\"font-size:18px;min-height:223px;aspect-ratio:unset;\"><span aria-hidden=\"true\" class=\"wp-block-cover__background has-white-background-color has-background-dim\"><\/span><img decoding=\"async\" class=\"wp-block-cover__image-background wp-image-23616\" alt=\"Acrylglas Tiefenwirkung\" src=\"https:\/\/www.vispronet.de\/blog\/wp-content\/uploads\/tiefenwirkung-acrylglas-foto-1.jpg\" style=\"object-position:48% 89%\" data-object-fit=\"cover\" data-object-position=\"48% 89%\"\/><div class=\"wp-block-cover__inner-container is-layout-constrained wp-block-cover-is-layout-constrained\">\n<h2 class=\"wp-block-heading has-text-align-center has-vispronet-blue-color has-text-color has-link-color wp-elements-35930e7c3b3b83a88a02b49b2de9531e\" style=\"font-size:25px\">Acrylglasplatten &#8211; du hast die freie Wahl<\/h2>\n<\/div><\/div>\n\n\n\n<p>So individuell wie dein Foto sind auch deine M\u00f6glichkeiten bei Gr\u00f6\u00dfen und Materialeigenschaften.<\/p>\n\n\n\n<p>Bei uns kannst du zwischen Standard DIN-Formaten und individuellen Gr\u00f6\u00dfen w\u00e4hlen, die von 5 cm bis zu beeindruckenden 250 cm reichen &#8211; egal ob <a href=\"\/werbetechnik\/werbeschilder\/acrylglasplatten\/acrylglasplatten-im-hochformat\/\">Hochformat<\/a>, <a href=\"\/werbeschilder\/acrylglasplatten\/acrylglasplatten-im-querformat\/\">Querformat<\/a> oder <a href=\"\/werbetechnik\/werbeschilder\/acrylglasplatten\/acrylglasplatten-quadratisch\/\">quadratisch<\/a> &#8211; alles ist m\u00f6glich.<\/p>\n\n\n\n<p>Zudem bieten wir Acrylglasplatten in drei verschiedenen St\u00e4rken an: 3 mm, 5 mm und 10 mm. Je nach Einsatzort und gew\u00fcnschtem Effekt findest du bei uns die beste L\u00f6sung.<\/p>\n\n\n\n<div style=\"height:10px\" aria-hidden=\"true\" class=\"wp-block-spacer\"><\/div>\n<\/div><\/section>\n\n\n\n<section class=\"wp-block-group\"><div class=\"wp-block-group__inner-container is-layout-constrained wp-block-group-is-layout-constrained\">\n<h2 class=\"wp-block-heading\">Wie du dein Lieblingsbild in ein gl\u00e4nzendes Kunstwerk verwandelst<\/h2>\n\n\n\n<div class=\"wp-block-group\"><div class=\"wp-block-group__inner-container is-layout-constrained wp-block-group-is-layout-constrained\">\n<h3 class=\"wp-block-heading\">Die optimale Bildqualit\u00e4t<\/h3>\n\n\n\n<p>Ein gelungenes Acrylglas Foto beginnt mit der Auswahl des passenden Motivs. Dabei solltest du auf eine hohe Aufl\u00f6sung achten, um jedes Detail klar und deutlich abzubilden.<\/p>\n\n\n\n<div class=\"wp-block-columns has-infobox-bg-background-color has-background is-layout-flex wp-container-core-columns-is-layout-9d6595d7 wp-block-columns-is-layout-flex\">\n<div class=\"wp-block-column is-vertically-aligned-center is-layout-flow wp-block-column-is-layout-flow\" style=\"flex-basis:10%\"><style>.kt-svg-icons23468_3ae068-c5 .kt-svg-item-0 .kb-svg-icon-wrap{color:var(--global-palette4, #2D3748);font-size:50px;}.wp-block-kadence-icon.kt-svg-icons23468_3ae068-c5{justify-content:center;}<\/style>\n<div class=\"wp-block-kadence-icon kt-svg-icons kt-svg-icons23468_3ae068-c5 alignnone\"><style>.kt-svg-item-23468_3d2ebb-67 .kb-svg-icon-wrap, .kt-svg-style-stacked.kt-svg-item-23468_3d2ebb-67 .kb-svg-icon-wrap{color:rgb(0, 98, 161);font-size:50px;}<\/style>\n<div class=\"wp-block-kadence-single-icon kt-svg-style-default kt-svg-icon-wrap kt-svg-item-23468_3d2ebb-67\"><span class=\"kb-svg-icon-wrap kb-svg-icon-fas_info-circle\"><svg viewBox=\"0 0 512 512\"  fill=\"currentColor\" xmlns=\"http:\/\/www.w3.org\/2000\/svg\"  aria-hidden=\"true\"><path d=\"M256 8C119.043 8 8 119.083 8 256c0 136.997 111.043 248 248 248s248-111.003 248-248C504 119.083 392.957 8 256 8zm0 110c23.196 0 42 18.804 42 42s-18.804 42-42 42-42-18.804-42-42 18.804-42 42-42zm56 254c0 6.627-5.373 12-12 12h-88c-6.627 0-12-5.373-12-12v-24c0-6.627 5.373-12 12-12h12v-64h-12c-6.627 0-12-5.373-12-12v-24c0-6.627 5.373-12 12-12h64c6.627 0 12 5.373 12 12v100h12c6.627 0 12 5.373 12 12v24z\"\/><\/svg><\/span><\/div>\n<\/div>\n<\/div>\n\n\n\n<div class=\"wp-block-column is-layout-flow wp-block-column-is-layout-flow\" style=\"flex-basis:90%\">\n<h4 class=\"wp-block-heading\">Die Anforderungen zur Bildaufl\u00f6sung richten sich nach der Gr\u00f6\u00dfe deines gew\u00e4hlten Endformats:<\/h4>\n\n\n\n<p>Kantenl\u00e4nge unter 1 Meter<br>Ma\u00dfstab des Fotos 1:1, 80 \u2013 140dpi<\/p>\n\n\n\n<p>Kantenl\u00e4nge \u00fcber 1 Meter<br>Ma\u00dfstab des Fotos 1:10, 800 \u2013 1400dpi<\/p>\n<\/div>\n<\/div>\n\n\n\n<div style=\"height:10px\" aria-hidden=\"true\" class=\"wp-block-spacer\"><\/div>\n\n\n\n<p>Detaillierte Infos dazu findest du auf unseren <a href=\"\/info-support\/visprodesign-druckdaten\/layoutvorlagen\/\">Layoutvorlagen<\/a> direkt auf der Shop-Seite des jeweilgen Produkts.<\/p>\n\n\n\n<div style=\"height:1px\" aria-hidden=\"true\" class=\"wp-block-spacer\"><\/div>\n\n\n\n<div class=\"wp-block-media-text has-media-on-the-right is-stacked-on-mobile no-border\" style=\"grid-template-columns:auto 48%\"><div class=\"wp-block-media-text__content\">\n<p><img loading=\"lazy\" decoding=\"async\" width=\"120\" height=\"81\" class=\"wp-image-15335\" style=\"width: 120px;\" src=\"https:\/\/www.vispronet.de\/blog\/wp-content\/uploads\/vispronet-designtool.jpg\" alt=\"Vispronet Designtool\" srcset=\"https:\/\/www.vispronet.de\/blog\/wp-content\/uploads\/vispronet-designtool.jpg 569w, https:\/\/www.vispronet.de\/blog\/wp-content\/uploads\/vispronet-designtool-300x202.jpg 300w, https:\/\/www.vispronet.de\/blog\/wp-content\/uploads\/vispronet-designtool-440x296.jpg 440w\" sizes=\"auto, (max-width: 120px) 100vw, 120px\" \/>Noch einfacher geht es mit unserem Online Tool. W\u00e4hrend deiner Bestellung kommst du ganz einfach \u00fcber den Button &#8222;Selbst gestalten&#8220; in den Bereich Visprodesign<sup>\u00ae<\/sup>.<\/p>\n\n\n\n<div style=\"height:10px\" aria-hidden=\"true\" class=\"wp-block-spacer\"><\/div>\n\n\n\n<p>Anschlie\u00dfend l\u00e4dst du \u00fcber die Schaltfl\u00e4che &#8222;Upload&#8220; im Men\u00fc auf der linken Seite dein Foto in den Online Designer. \u00dcber die Qualit\u00e4tsampel bist du immer bestens informiert, ob dein Bild den Anforderungen entspricht.<\/p>\n<\/div><figure class=\"wp-block-media-text__media\"><img loading=\"lazy\" decoding=\"async\" width=\"1000\" height=\"750\" src=\"https:\/\/www.vispronet.de\/blog\/wp-content\/uploads\/designtool-qualitaetsampel-1.jpg\" alt=\"Designtool Qualit\u00e4tsampel f\u00fcr Bilddateien\" class=\"wp-image-23614 size-full\" srcset=\"https:\/\/www.vispronet.de\/blog\/wp-content\/uploads\/designtool-qualitaetsampel-1.jpg 1000w, https:\/\/www.vispronet.de\/blog\/wp-content\/uploads\/designtool-qualitaetsampel-1-768x576.jpg 768w, https:\/\/www.vispronet.de\/blog\/wp-content\/uploads\/designtool-qualitaetsampel-1-300x225.jpg 300w, https:\/\/www.vispronet.de\/blog\/wp-content\/uploads\/designtool-qualitaetsampel-1-440x330.jpg 440w\" sizes=\"auto, (max-width: 1000px) 100vw, 1000px\" \/><\/figure><\/div>\n<\/div><\/div>\n\n\n\n<div class=\"wp-block-group\"><div class=\"wp-block-group__inner-container is-layout-constrained wp-block-group-is-layout-constrained\">\n<h3 class=\"wp-block-heading\">Die Wahl des perfekten Motivs<\/h3>\n\n\n\n<p>Farbenfrohe Landschaften, Portr\u00e4ts oder auch abstrakte Kunstwerke kommen auf Acrylglas besonders gut zur Geltung. \u00dcberlege dir, welche Botschaft dein Bild vermitteln soll und passe es an deinen Einrichtungsstil oder die Atmosph\u00e4re des Raumes an.<\/p>\n\n\n\n<div style=\"height:10px\" aria-hidden=\"true\" class=\"wp-block-spacer\"><\/div>\n<\/div><\/div>\n\n\n\n<div class=\"wp-block-group\"><div class=\"wp-block-group__inner-container is-layout-constrained wp-block-group-is-layout-constrained\">\n<div class=\"wp-block-group has-infobox-bg-background-color has-background\"><div class=\"wp-block-group__inner-container is-layout-constrained wp-block-group-is-layout-constrained\">\n<h3 class=\"wp-block-heading\">Perfektes Design mit und ohne Wei\u00dfdruck<\/h3>\n\n\n\n<p>Um den Eindruck deines Acrylglas Fotos noch zu verst\u00e4rken, stehen dir 3 <strong>wirkungsvolle Druck-Optionen<\/strong> zur Auswahl.<\/p>\n\n\n\n<p>Aber was bedeutet das? Wie du bereits wei\u00dft, wird dein Motiv direkt auf die R\u00fcckseite der Acrylglasplatte gedruckt. Damit erscheint dein Foto <strong>leicht transparent und durchscheinend<\/strong>. Ideal, wenn du dein Bild beispielsweise als optisch wirkungsvollen Raumteiler nutzen m\u00f6chtest, der weiterhin Einblicke zul\u00e4sst.<\/p>\n\n\n\n<p>Soll dein Foto jedoch an einer farbigen Wand h\u00e4ngen, w\u00fcrde dieser Hintergrund die Farbigkeit deines Motivs sichtbar ver\u00e4ndern. &nbsp;An dieser Stelle kommt unser <strong>zus\u00e4tzlicher Wei\u00dfdruck<\/strong> zum Einsatz. Du kannst w\u00e4hlen zwischen dem vollfl\u00e4chigen Wei\u00dfdruck des kompletten Motivs oder einem partiellen Wei\u00dfdruck hinter farbigen Fl\u00e4chen.<\/p>\n<\/div><\/div>\n\n\n\n<h4 class=\"wp-block-heading\"><mark style=\"background-color:rgba(0, 0, 0, 0)\" class=\"has-inline-color has-vispronet-blue-color\">Option 1: <strong>Druck ohne Wei\u00dfdruck<\/strong><\/mark><\/h4>\n\n\n\n<p>Beim Druck ohne zus\u00e4tzliches Wei\u00df wird dein Bild direkt auf die Acrylglasplatte gedruckt, ohne mit einer wei\u00dfen Schicht hinterlegt zu werden. Dadurch erh\u00e4lt die mit deinem Foto bedruckte Acrylglasplatte eine leichte Transparenz. Das Ergebnis ist ein dezentes, lichtdurchl\u00e4ssiges Kunstwerk.<\/p>\n\n\n\n<div class=\"wp-block-columns are-vertically-aligned-center is-layout-flex wp-container-core-columns-is-layout-9d6595d7 wp-block-columns-is-layout-flex\">\n<div class=\"wp-block-column is-vertically-aligned-center is-layout-flow wp-block-column-is-layout-flow\">\n<figure class=\"wp-block-embed is-type-video is-provider-youtube wp-block-embed-youtube wp-embed-aspect-16-9 wp-has-aspect-ratio\"><div class=\"wp-block-embed__wrapper\">\n<iframe loading=\"lazy\" title=\"Acrylglas ohne Wei\u00dfdruck - Vispronet\u00ae\" width=\"500\" height=\"281\" src=\"https:\/\/www.youtube.com\/embed\/9t6aJFbqJOQ?feature=oembed\" frameborder=\"0\" allow=\"accelerometer; autoplay; clipboard-write; encrypted-media; gyroscope; picture-in-picture; web-share\" referrerpolicy=\"strict-origin-when-cross-origin\" allowfullscreen><\/iframe>\n<\/div><\/figure>\n<\/div>\n\n\n\n<div class=\"wp-block-column is-vertically-aligned-center is-layout-flow wp-block-column-is-layout-flow\">\n<ul class=\"has-small-font-size wp-block-list\">\n<li><mark style=\"background-color:rgba(0, 0, 0, 0)\" class=\"has-inline-color has-vispronet-blue-color\">Farbige Druckfl\u00e4chen:<\/mark> <br>dezente Farben, durchscheinend<\/li>\n\n\n\n<li><mark style=\"background-color:rgba(0, 0, 0, 0)\" class=\"has-inline-color has-vispronet-blue-color\">Wei\u00dfe Elemente in Fotos und Pixelbildern:<\/mark> <br>durchsichtig, glasklar<\/li>\n\n\n\n<li><mark style=\"background-color:rgba(0, 0, 0, 0)\" class=\"has-inline-color has-vispronet-blue-color\">Wei\u00dfe Schriften, Cliparts und Vektorgrafiken:<\/mark> <br>durchsichtig, glasklar<\/li>\n\n\n\n<li><mark style=\"background-color:rgba(0, 0, 0, 0)\" class=\"has-inline-color has-vispronet-blue-color\">Unbedruckte Fl\u00e4chen:<\/mark> <br>durchsichtig, glasklar<\/li>\n<\/ul>\n<\/div>\n<\/div>\n\n\n\n<hr class=\"wp-block-separator has-alpha-channel-opacity\"\/>\n\n\n\n<h4 class=\"wp-block-heading\"><mark style=\"background-color:rgba(0, 0, 0, 0)\" class=\"has-inline-color has-vispronet-blue-color\">Option 2: <strong>Druck mit partiellem Wei\u00dfdruck hinter Farbfl\u00e4chen<\/strong><\/mark><\/h4>\n\n\n\n<p>Wenn du kr\u00e4ftige, farbintensive Motive bevorzugst, w\u00e4hle die Option &#8222;Wei\u00dfdruck hinter Farbfl\u00e4chen&#8220;. Hierbei wird das Bild hinter den farbigen Fl\u00e4chen mit einer wei\u00dfen Schicht hinterlegt, so das diese leuchtend und satt erscheinen. Gestaltest du dein Motiv beispielsweise als Collage aus mehreren Fotos, bleiben damit die Zwischenr\u00e4ume transparent. Die Fotos hingegen erstrahlen farbintensiv.<\/p>\n\n\n\n<div class=\"wp-block-columns are-vertically-aligned-center is-layout-flex wp-container-core-columns-is-layout-9d6595d7 wp-block-columns-is-layout-flex\">\n<div class=\"wp-block-column is-vertically-aligned-center is-layout-flow wp-block-column-is-layout-flow\" style=\"flex-basis:50%\">\n<figure class=\"wp-block-embed is-type-video is-provider-youtube wp-block-embed-youtube wp-embed-aspect-16-9 wp-has-aspect-ratio\"><div class=\"wp-block-embed__wrapper\">\n<iframe loading=\"lazy\" title=\"Acrylglas mit Wei\u00dfdruck hinter Farbfl\u00e4chen - Vispronet\u00ae\" width=\"500\" height=\"281\" src=\"https:\/\/www.youtube.com\/embed\/WE5GeD00DzY?feature=oembed\" frameborder=\"0\" allow=\"accelerometer; autoplay; clipboard-write; encrypted-media; gyroscope; picture-in-picture; web-share\" referrerpolicy=\"strict-origin-when-cross-origin\" allowfullscreen><\/iframe>\n<\/div><\/figure>\n<\/div>\n\n\n\n<div class=\"wp-block-column is-vertically-aligned-center is-layout-flow wp-block-column-is-layout-flow\" style=\"flex-basis:50%\">\n<ul class=\"has-small-font-size wp-block-list\">\n<li><mark style=\"background-color:rgba(0, 0, 0, 0)\" class=\"has-inline-color has-vispronet-blue-color\">Farbige Druckfl\u00e4chen:<\/mark><br>brillante Farben, blickdicht<\/li>\n\n\n\n<li><mark style=\"background-color:rgba(0, 0, 0, 0)\" class=\"has-inline-color has-vispronet-blue-color\">Wei\u00dfe Elemente in Fotos und Pixelbildern:<\/mark><br>wei\u00df, blickdicht<\/li>\n\n\n\n<li><mark style=\"background-color:rgba(0, 0, 0, 0)\" class=\"has-inline-color has-vispronet-blue-color\">Wei\u00dfe Schriften, Cliparts und Vektorgrafiken:<\/mark><br>durchsichtig, glasklar<\/li>\n\n\n\n<li><mark style=\"background-color:rgba(0, 0, 0, 0)\" class=\"has-inline-color has-vispronet-blue-color\">Unbedruckte Fl\u00e4chen:<\/mark><br>durchsichtig, glasklar<\/li>\n<\/ul>\n<\/div>\n<\/div>\n\n\n<style>.kt-accordion-id23468_baacc4-ed .kt-accordion-inner-wrap{column-gap:var(--global-kb-gap-md, 2rem);row-gap:8px;}.kt-accordion-id23468_baacc4-ed .kt-accordion-panel-inner{padding-top:var(--global-kb-spacing-sm, 1.5rem);padding-right:var(--global-kb-spacing-sm, 1.5rem);padding-bottom:var(--global-kb-spacing-sm, 1.5rem);padding-left:var(--global-kb-spacing-sm, 1.5rem);}.kt-accordion-id23468_baacc4-ed > .kt-accordion-inner-wrap > .wp-block-kadence-pane > .kt-accordion-header-wrap > .kt-blocks-accordion-header{background:#ddf2ff;text-transform:none;color:rgb(0, 98, 161);padding-top:var(--global-kb-spacing-xxs, 0.5rem);padding-right:var(--global-kb-spacing-xs, 1rem);padding-bottom:var(--global-kb-spacing-xxs, 0.5rem);padding-left:var(--global-kb-spacing-xs, 1rem);}.kt-accordion-id23468_baacc4-ed:not( .kt-accodion-icon-style-basiccircle ):not( .kt-accodion-icon-style-xclosecircle ):not( .kt-accodion-icon-style-arrowcircle )  > .kt-accordion-inner-wrap > .wp-block-kadence-pane > .kt-accordion-header-wrap .kt-blocks-accordion-icon-trigger:after, .kt-accordion-id23468_baacc4-ed:not( .kt-accodion-icon-style-basiccircle ):not( .kt-accodion-icon-style-xclosecircle ):not( .kt-accodion-icon-style-arrowcircle )  > .kt-accordion-inner-wrap > .wp-block-kadence-pane > .kt-accordion-header-wrap .kt-blocks-accordion-icon-trigger:before{background:rgb(0, 98, 161);}.kt-accordion-id23468_baacc4-ed:not( .kt-accodion-icon-style-basic ):not( .kt-accodion-icon-style-xclose ):not( .kt-accodion-icon-style-arrow ) .kt-blocks-accordion-icon-trigger{background:rgb(0, 98, 161);}.kt-accordion-id23468_baacc4-ed:not( .kt-accodion-icon-style-basic ):not( .kt-accodion-icon-style-xclose ):not( .kt-accodion-icon-style-arrow ) .kt-blocks-accordion-icon-trigger:after, .kt-accordion-id23468_baacc4-ed:not( .kt-accodion-icon-style-basic ):not( .kt-accodion-icon-style-xclose ):not( .kt-accodion-icon-style-arrow ) .kt-blocks-accordion-icon-trigger:before{background:#ddf2ff;}.kt-accordion-id23468_baacc4-ed > .kt-accordion-inner-wrap > .wp-block-kadence-pane > .kt-accordion-header-wrap > .kt-blocks-accordion-header:hover, \n\t\t\t\tbody:not(.hide-focus-outline) .kt-accordion-id23468_baacc4-ed .kt-blocks-accordion-header:focus-visible{border-top-color:rgb(6, 147, 227);border-top-style:solid;border-right-color:rgb(6, 147, 227);border-right-style:solid;border-bottom-color:rgb(6, 147, 227);border-bottom-style:solid;border-left-color:rgb(6, 147, 227);border-left-style:solid;}.kt-accordion-id23468_baacc4-ed .kt-accordion-header-wrap .kt-blocks-accordion-header:focus-visible,\n\t\t\t\t.kt-accordion-id23468_baacc4-ed > .kt-accordion-inner-wrap > .wp-block-kadence-pane > .kt-accordion-header-wrap > .kt-blocks-accordion-header.kt-accordion-panel-active{border-top-color:rgb(0, 98, 161);border-top-style:solid;border-right-color:rgb(0, 98, 161);border-right-style:solid;border-bottom-color:rgb(0, 98, 161);border-bottom-style:solid;border-left-color:rgb(0, 98, 161);border-left-style:solid;}@media all and (max-width: 1024px){.kt-accordion-id23468_baacc4-ed > .kt-accordion-inner-wrap > .wp-block-kadence-pane > .kt-accordion-header-wrap > .kt-blocks-accordion-header:hover, \n\t\t\t\tbody:not(.hide-focus-outline) .kt-accordion-id23468_baacc4-ed .kt-blocks-accordion-header:focus-visible{border-top-color:rgb(6, 147, 227);border-top-style:solid;border-right-color:rgb(6, 147, 227);border-right-style:solid;border-bottom-color:rgb(6, 147, 227);border-bottom-style:solid;border-left-color:rgb(6, 147, 227);border-left-style:solid;}}@media all and (max-width: 1024px){.kt-accordion-id23468_baacc4-ed .kt-accordion-header-wrap .kt-blocks-accordion-header:focus-visible,\n\t\t\t\t.kt-accordion-id23468_baacc4-ed > .kt-accordion-inner-wrap > .wp-block-kadence-pane > .kt-accordion-header-wrap > .kt-blocks-accordion-header.kt-accordion-panel-active{border-top-color:rgb(0, 98, 161);border-top-style:solid;border-right-color:rgb(0, 98, 161);border-right-style:solid;border-bottom-color:rgb(0, 98, 161);border-bottom-style:solid;border-left-color:rgb(0, 98, 161);border-left-style:solid;}}@media all and (max-width: 767px){.kt-accordion-id23468_baacc4-ed .kt-accordion-inner-wrap{display:block;}.kt-accordion-id23468_baacc4-ed .kt-accordion-inner-wrap .kt-accordion-pane:not(:first-child){margin-top:8px;}.kt-accordion-id23468_baacc4-ed > .kt-accordion-inner-wrap > .wp-block-kadence-pane > .kt-accordion-header-wrap > .kt-blocks-accordion-header{font-size:var(--global-kb-font-size-md, 1.25rem);}.kt-accordion-id23468_baacc4-ed > .kt-accordion-inner-wrap > .wp-block-kadence-pane > .kt-accordion-header-wrap > .kt-blocks-accordion-header:hover, \n\t\t\t\tbody:not(.hide-focus-outline) .kt-accordion-id23468_baacc4-ed .kt-blocks-accordion-header:focus-visible{border-top-color:rgb(6, 147, 227);border-top-style:solid;border-right-color:rgb(6, 147, 227);border-right-style:solid;border-bottom-color:rgb(6, 147, 227);border-bottom-style:solid;border-left-color:rgb(6, 147, 227);border-left-style:solid;}.kt-accordion-id23468_baacc4-ed .kt-accordion-header-wrap .kt-blocks-accordion-header:focus-visible,\n\t\t\t\t.kt-accordion-id23468_baacc4-ed > .kt-accordion-inner-wrap > .wp-block-kadence-pane > .kt-accordion-header-wrap > .kt-blocks-accordion-header.kt-accordion-panel-active{border-top-color:rgb(0, 98, 161);border-top-style:solid;border-right-color:rgb(0, 98, 161);border-right-style:solid;border-bottom-color:rgb(0, 98, 161);border-bottom-style:solid;border-left-color:rgb(0, 98, 161);border-left-style:solid;}}<\/style>\n<div class=\"wp-block-kadence-accordion alignnone\"><div class=\"kt-accordion-wrap kt-accordion-id23468_baacc4-ed kt-accordion-has-2-panes kt-active-pane-0 kt-accordion-block kt-pane-header-alignment-left kt-accodion-icon-style-basic kt-accodion-icon-side-right\" style=\"max-width:none\"><div class=\"kt-accordion-inner-wrap\" data-allow-multiple-open=\"false\" data-start-open=\"none\">\n<div class=\"wp-block-kadence-pane kt-accordion-pane kt-accordion-pane-1 kt-pane23468_ae2ebd-c3\"><div class=\"kt-accordion-header-wrap\"><button class=\"kt-blocks-accordion-header kt-acccordion-button-label-show\"><span class=\"kt-blocks-accordion-title-wrap\"><span class=\"kt-blocks-accordion-title\">Das solltest du \u00fcber <strong>Wei\u00dfdruck hinter Farbfl\u00e4chen<\/strong> unbedingt wissen:<\/span><\/span><span class=\"kt-blocks-accordion-icon-trigger\"><\/span><\/button><\/div><div class=\"kt-accordion-panel kt-accordion-panel-hidden\"><div class=\"kt-accordion-panel-inner\">\n<ul class=\"wp-block-list\">\n<li>Alle farbig angelegten Fl\u00e4chen werden partiell wei\u00df hinter druckt, mit Ausnahme von Schatten und Verl\u00e4ufen.<\/li>\n\n\n\n<li>Fotos und Pixelbilder werden immer komplett mit wei\u00df hinter druckt, auch wenn sich in dem Foto wei\u00dfe oder transparente Bereiche befinden. Das hei\u00dft: wei\u00dfe und transparente Elemente und Bereiche in Fotos und Pixelbildern werden immer wei\u00df dargestellt.<\/li>\n\n\n\n<li>Farbige Elemente und Fotos erscheinen somit stets in brillanten Farben und sind blickdicht.<\/li>\n\n\n\n<li>Wei\u00dfe Design-Elemente wie Schriften oder wei\u00dfe Bereiche in Cliparts oder Vektorgrafiken werden nicht mit gedruckt und erscheinen transparent.<\/li>\n<\/ul>\n<\/div><\/div><\/div>\n\n\n\n<div class=\"wp-block-kadence-pane kt-accordion-pane kt-accordion-pane-2 kt-pane23468_d5ae10-60\"><div class=\"kt-accordion-header-wrap\"><button class=\"kt-blocks-accordion-header kt-acccordion-button-label-show\"><span class=\"kt-blocks-accordion-title-wrap\"><span class=\"kt-blocks-accordion-title\">Diese Elemente sind mit <strong>Wei\u00dfdruck hinter Farbfl\u00e4chen<\/strong> nicht darstellbar:<\/span><\/span><span class=\"kt-blocks-accordion-icon-trigger\"><\/span><\/button><\/div><div class=\"kt-accordion-panel kt-accordion-panel-hidden\"><div class=\"kt-accordion-panel-inner\">\n<ul class=\"wp-block-list\">\n<li>Farbverl\u00e4ufe und Farbraster<\/li>\n\n\n\n<li>Transparenzen (einschlie\u00dflich transparenter Hintergrund in Fotos)<\/li>\n\n\n\n<li>Grafische Effekte auf transparentem Hintergrund (Schlagschatten, Schein nach au\u00dfen etc.)<\/li>\n<\/ul>\n<\/div><\/div><\/div>\n<\/div><\/div><\/div>\n\n\n\n<hr class=\"wp-block-separator has-alpha-channel-opacity\"\/>\n\n\n\n<h4 class=\"wp-block-heading\"><mark style=\"background-color:rgba(0, 0, 0, 0)\" class=\"has-inline-color has-vispronet-blue-color\">Option 3: <strong>Druck mit vollfl\u00e4chigem Wei\u00dfdruck<\/strong><\/mark><\/h4>\n\n\n\n<p>F\u00fcr eine durchg\u00e4ngig hohe Farbdichte und ein einheitliches Erscheinungsbild eignet sich der vollfl\u00e4chige Wei\u00dfdruck. Hierbei wird das Acrylglas Foto komplett mit einer wei\u00dfen Schicht hinterlegt, so das alle Bereiche \u2013 auch die transparenten \u2013 farbecht abgebildet werden. Diese Methode bietet eine maximale Farbbrillanz und sorgt daf\u00fcr, dass dein Motiv vor jedem Hintergrund wirklich strahlt.<\/p>\n\n\n\n<div class=\"wp-block-columns are-vertically-aligned-center is-layout-flex wp-container-core-columns-is-layout-9d6595d7 wp-block-columns-is-layout-flex\">\n<div class=\"wp-block-column is-vertically-aligned-center is-layout-flow wp-block-column-is-layout-flow\">\n<figure class=\"wp-block-embed is-type-video is-provider-youtube wp-block-embed-youtube wp-embed-aspect-16-9 wp-has-aspect-ratio\"><div class=\"wp-block-embed__wrapper\">\n<iframe loading=\"lazy\" title=\"Acrylglas mit Wei\u00dfdruck (vollfl\u00e4chig) - Vispronet\u00ae\" width=\"500\" height=\"281\" src=\"https:\/\/www.youtube.com\/embed\/lvSWOWyuRzc?feature=oembed\" frameborder=\"0\" allow=\"accelerometer; autoplay; clipboard-write; encrypted-media; gyroscope; picture-in-picture; web-share\" referrerpolicy=\"strict-origin-when-cross-origin\" allowfullscreen><\/iframe>\n<\/div><\/figure>\n<\/div>\n\n\n\n<div class=\"wp-block-column is-vertically-aligned-center has-small-font-size is-layout-flow wp-block-column-is-layout-flow\">\n<ul class=\"wp-block-list\">\n<li><mark style=\"background-color:rgba(0, 0, 0, 0)\" class=\"has-inline-color has-vispronet-blue-color\">Farbige Druckfl\u00e4chen:<\/mark> <br>brillante Farben, blickdicht<\/li>\n\n\n\n<li><mark style=\"background-color:rgba(0, 0, 0, 0)\" class=\"has-inline-color has-vispronet-blue-color\">Wei\u00dfe Elemente in Fotos und Pixelbildern:<\/mark> <br>wei\u00df, blickdicht<\/li>\n\n\n\n<li><mark style=\"background-color:rgba(0, 0, 0, 0)\" class=\"has-inline-color has-vispronet-blue-color\">Cliparts und Vektorgrafiken:<\/mark> <br>wei\u00df, blickdicht<\/li>\n\n\n\n<li><mark style=\"background-color:rgba(0, 0, 0, 0)\" class=\"has-inline-color has-vispronet-blue-color\">Unbedruckte Fl\u00e4chen:<\/mark> <br>wei\u00df, blickdicht<\/li>\n<\/ul>\n<\/div>\n<\/div>\n\n\n\n<div style=\"height:20px\" aria-hidden=\"true\" class=\"wp-block-spacer\"><\/div>\n<\/div><\/div>\n<\/div><\/section>\n\n\n\n<section class=\"wp-block-group\"><div class=\"wp-block-group__inner-container is-layout-constrained wp-block-group-is-layout-constrained\">\n<h2 class=\"wp-block-heading\"><strong>Anwendungsbereiche f\u00fcr Acrylglas Fotos<\/strong><\/h2>\n\n\n\n<p>Acrylglasbilder sind wahre Allrounder. Du kannst sie sowohl drinnen als auch drau\u00dfen aufh\u00e4ngen. Ihr hochgl\u00e4nzendes Finish und die Wetterbest\u00e4ndigkeit machen sie ideal f\u00fcr jede Umgebung \u2013 von der schicken Galeriewand im Wohnzimmer bis hin zur anspruchsvollen Pr\u00e4sentation in Gesch\u00e4ftsr\u00e4umen.<\/p>\n\n\n<style>.wp-block-kadence-advancedgallery.kb-gallery-wrap-id-23468_0b64c2-9a{overflow:hidden;}.kb-gallery-id-23468_0b64c2-9a .kadence-blocks-gallery-item .kb-gal-image-radius, .kb-gallery-id-23468_0b64c2-9a .kb-slide-item .kb-gal-image-radius img{border-radius:2px 2px 2px 2px;;}.wp-block-kadence-advancedgallery.kb-gallery-wrap-id-23468_0b64c2-9a{overflow:visible;}.kb-gallery-id-23468_0b64c2-9a .kadence-blocks-gallery-item .kb-gal-image-radius, .kb-gallery-id-23468_0b64c2-9a .kadence-blocks-gallery-thumb-item .kb-gal-image-radius{box-shadow:4px 2px 14px 0px rgba(0, 0, 0, 0.2);}.kb-gallery-id-23468_0b64c2-9a .kadence-blocks-gallery-item:hover .kb-gal-image-radius, .kb-gallery-id-23468_0b64c2-9a .kadence-blocks-gallery-thumb-item:hover .kb-gal-image-radius{box-shadow:4px 2px 14px 0px rgba(0, 0, 0, 0.2);}.kb-gallery-wrap-id-23468_0b64c2-9a.wp-block-kadence-advancedgallery{overflow:visible;}.kb-gallery-wrap-id-23468_0b64c2-9a.wp-block-kadence-advancedgallery .kt-blocks-carousel{overflow:visible;}<\/style><div class=\"kb-gallery-wrap-id-23468_0b64c2-9a alignnone wp-block-kadence-advancedgallery\"><div class=\"kb-gallery-ul kb-gallery-non-static kb-gallery-type-carousel kb-gallery-id-23468_0b64c2-9a kb-gallery-caption-style-bottom-hover kb-gallery-filter-none\" data-image-filter=\"none\" data-lightbox-caption=\"true\"><div class=\"kt-blocks-carousel splide kt-carousel-container-dotstyle-dark kt-carousel-arrowstyle-whiteondark kt-carousel-dotstyle-dark kb-slider-group-arrow kb-slider-arrow-position-center\" data-columns-xxl=\"2\" data-columns-xl=\"2\" data-columns-md=\"2\" data-columns-sm=\"2\" data-columns-xs=\"1\" data-columns-ss=\"1\" data-slider-anim-speed=\"400\" data-slider-scroll=\"all\" data-slider-arrows=\"true\" data-slider-dots=\"true\" data-slider-hover-pause=\"false\" data-slider-auto=\"1\" data-slider-speed=\"4000\" data-slider-gap=\"10px\" data-slider-gap-tablet=\"10px\" data-slider-gap-mobile=\"10px\" data-show-pause-button=\"false\" data-slider-label=\"Photo Gallery Carousel\"><div class=\"splide__track\"><ul class=\"kt-blocks-carousel-init kb-gallery-carousel splide__list\"><li class=\"kb-slide-item kb-gallery-carousel-item splide__slide\"><div class=\"kadence-blocks-gallery-item\"><div class=\"kadence-blocks-gallery-item-inner\"><figure class=\"kb-gallery-figure kadence-blocks-gallery-item-hide-caption\"><div class=\"kb-gal-image-radius\"><div class=\"kb-gallery-image-contain kadence-blocks-gallery-intrinsic kb-gallery-image-ratio-land43 kb-has-image-ratio-land43\" ><img loading=\"lazy\" decoding=\"async\" src=\"data:image\/svg+xml,%3Csvg%20xmlns='http:\/\/www.w3.org\/2000\/svg'%20viewBox='0%200%201000%20667'%3E%3C\/svg%3E\"  data-splide-lazy=\"https:\/\/www.vispronet.de\/blog\/wp-content\/uploads\/acrylglas-foto-sonnenuntergang-schlafzimmer-1.jpg\" width=\"1000\" height=\"750\" alt=\"Acrylglas Foto Motiv Sonnenuntergang\" data-full-image=\"https:\/\/www.vispronet.de\/blog\/wp-content\/uploads\/acrylglas-foto-sonnenuntergang-schlafzimmer-1.jpg\" data-light-image=\"https:\/\/www.vispronet.de\/blog\/wp-content\/uploads\/acrylglas-foto-sonnenuntergang-schlafzimmer-1.jpg\" data-splide-lazy-srcset=\"https:\/\/www.vispronet.de\/blog\/wp-content\/uploads\/acrylglas-foto-sonnenuntergang-schlafzimmer-1.jpg 1000w, https:\/\/www.vispronet.de\/blog\/wp-content\/uploads\/acrylglas-foto-sonnenuntergang-schlafzimmer-1-768x576.jpg 768w, https:\/\/www.vispronet.de\/blog\/wp-content\/uploads\/acrylglas-foto-sonnenuntergang-schlafzimmer-1-300x225.jpg 300w, https:\/\/www.vispronet.de\/blog\/wp-content\/uploads\/acrylglas-foto-sonnenuntergang-schlafzimmer-1-440x330.jpg 440w\" sizes=\"auto, (max-width: 1000px) 100vw, 1000px\"data-id=\"23610\" class=\"wp-image-23610 skip-lazy\"\/><\/div><\/div><\/figure><\/div><\/div><\/li><li class=\"kb-slide-item kb-gallery-carousel-item splide__slide\"><div class=\"kadence-blocks-gallery-item\"><div class=\"kadence-blocks-gallery-item-inner\"><figure class=\"kb-gallery-figure kadence-blocks-gallery-item-hide-caption\"><div class=\"kb-gal-image-radius\"><div class=\"kb-gallery-image-contain kadence-blocks-gallery-intrinsic kb-gallery-image-ratio-land43 kb-has-image-ratio-land43\" ><img loading=\"lazy\" decoding=\"async\" src=\"data:image\/svg+xml,%3Csvg%20xmlns='http:\/\/www.w3.org\/2000\/svg'%20viewBox='0%200%201000%20667'%3E%3C\/svg%3E\"  data-splide-lazy=\"https:\/\/www.vispronet.de\/blog\/wp-content\/uploads\/acrylglas-foto-portrait-wohnzimmer-1.jpg\" width=\"1000\" height=\"750\" alt=\"Acrylglas Foto Motiv Portrait\" data-full-image=\"https:\/\/www.vispronet.de\/blog\/wp-content\/uploads\/acrylglas-foto-portrait-wohnzimmer-1.jpg\" data-light-image=\"https:\/\/www.vispronet.de\/blog\/wp-content\/uploads\/acrylglas-foto-portrait-wohnzimmer-1.jpg\" data-splide-lazy-srcset=\"https:\/\/www.vispronet.de\/blog\/wp-content\/uploads\/acrylglas-foto-portrait-wohnzimmer-1.jpg 1000w, https:\/\/www.vispronet.de\/blog\/wp-content\/uploads\/acrylglas-foto-portrait-wohnzimmer-1-768x576.jpg 768w, https:\/\/www.vispronet.de\/blog\/wp-content\/uploads\/acrylglas-foto-portrait-wohnzimmer-1-300x225.jpg 300w, https:\/\/www.vispronet.de\/blog\/wp-content\/uploads\/acrylglas-foto-portrait-wohnzimmer-1-440x330.jpg 440w\" sizes=\"auto, (max-width: 1000px) 100vw, 1000px\"data-id=\"23608\" class=\"wp-image-23608 skip-lazy\"\/><\/div><\/div><\/figure><\/div><\/div><\/li><li class=\"kb-slide-item kb-gallery-carousel-item splide__slide\"><div class=\"kadence-blocks-gallery-item\"><div class=\"kadence-blocks-gallery-item-inner\"><figure class=\"kb-gallery-figure kadence-blocks-gallery-item-hide-caption\"><div class=\"kb-gal-image-radius\"><div class=\"kb-gallery-image-contain kadence-blocks-gallery-intrinsic kb-gallery-image-ratio-land43 kb-has-image-ratio-land43\" ><img loading=\"lazy\" decoding=\"async\" src=\"data:image\/svg+xml,%3Csvg%20xmlns='http:\/\/www.w3.org\/2000\/svg'%20viewBox='0%200%201000%20667'%3E%3C\/svg%3E\"  data-splide-lazy=\"https:\/\/www.vispronet.de\/blog\/wp-content\/uploads\/acrylglas-foto-landschaft-esszimmer-1.jpg\" width=\"1000\" height=\"750\" alt=\"Acrylglas Foto Motiv Landschaft\" data-full-image=\"https:\/\/www.vispronet.de\/blog\/wp-content\/uploads\/acrylglas-foto-landschaft-esszimmer-1.jpg\" data-light-image=\"https:\/\/www.vispronet.de\/blog\/wp-content\/uploads\/acrylglas-foto-landschaft-esszimmer-1.jpg\" data-splide-lazy-srcset=\"https:\/\/www.vispronet.de\/blog\/wp-content\/uploads\/acrylglas-foto-landschaft-esszimmer-1.jpg 1000w, https:\/\/www.vispronet.de\/blog\/wp-content\/uploads\/acrylglas-foto-landschaft-esszimmer-1-768x576.jpg 768w, https:\/\/www.vispronet.de\/blog\/wp-content\/uploads\/acrylglas-foto-landschaft-esszimmer-1-300x225.jpg 300w, https:\/\/www.vispronet.de\/blog\/wp-content\/uploads\/acrylglas-foto-landschaft-esszimmer-1-440x330.jpg 440w\" sizes=\"auto, (max-width: 1000px) 100vw, 1000px\"data-id=\"23612\" class=\"wp-image-23612 skip-lazy\"\/><\/div><\/div><\/figure><\/div><\/div><\/li><\/ul><\/div><\/div><\/div><\/div><\/div><\/section>\n\n\n\n<div class=\"wp-block-group\"><div class=\"wp-block-group__inner-container is-layout-constrained wp-block-group-is-layout-constrained\">\n<h2 class=\"wp-block-heading\">Fazit<\/h2>\n\n\n\n<p>Ob du nun einen wirkungsvollen Wei\u00dfdruck hinter den Farbfl\u00e4chen w\u00e4hlst, um die Farben zum Strahlen zu bringen oder eine vollfl\u00e4chige wei\u00dfe Deckschicht f\u00fcr ein kr\u00e4ftiges, einheitliches Bild bevorzugst oder dezent und durchscheinend gestaltest &#8211; die M\u00f6glichkeiten sind nahezu grenzenlos. Lass deiner Kreativit\u00e4t freien Lauf und verwandle deine Fotos in atemberaubende Kunstwerke, die nicht nur beeindrucken, sondern auch die Zeiten \u00fcberdauern.<\/p>\n\n\n\n<div class=\"wp-block-group has-background\" style=\"background:radial-gradient(rgba(252,240,0,0) 0%,rgba(181,221,249,0.3) 100%)\"><div class=\"wp-block-group__inner-container is-layout-constrained wp-block-group-is-layout-constrained\">\n<p><strong>Hol dir jetzt dein ganz pers\u00f6nliches Acrylglas Foto \u2013 einfach online bestellen und gestalten!<\/strong><\/p>\n\n\n\n<p>Kein passendes Foto zur Hand? In unserem Online Tool Visprodesign<sup>\u00ae<\/sup> findest du auch lizenzfreie Fotos. W\u00e4hle im Bestellprozess einfach &#8222;Selbst gestalten&#8220; aus.<\/p>\n\n\n<style>.wp-block-kadence-advancedbtn.kb-btns23468_13c26e-d0{gap:var(--global-kb-gap-xs, 0.5rem );justify-content:center;align-items:center;}.kt-btns23468_13c26e-d0 .kt-button{font-weight:normal;font-style:normal;}<\/style>\n<div class=\"wp-block-kadence-advancedbtn kb-buttons-wrap kb-btns23468_13c26e-d0\"><style>ul.menu .wp-block-kadence-advancedbtn .kb-btn23468_770b3e-a4.kb-button{width:initial;}.wp-block-kadence-advancedbtn .kb-btn23468_770b3e-a4.kb-button{color:rgb(255, 255, 255);background:rgb(242, 148, 0);border-top-color:rgb(242, 148, 0);border-top-style:solid;border-right-color:rgb(242, 148, 0);border-right-style:solid;border-bottom-color:rgb(242, 148, 0);border-bottom-style:solid;border-left-color:rgb(242, 148, 0);border-left-style:solid;}.wp-block-kadence-advancedbtn .kb-btn23468_770b3e-a4.kb-button:hover, .wp-block-kadence-advancedbtn .kb-btn23468_770b3e-a4.kb-button:focus{color:#ffffff;background:#444444;border-top-color:#444444;border-top-style:solid;border-right-color:#444444;border-right-style:solid;border-bottom-color:#444444;border-bottom-style:solid;border-left-color:#444444;border-left-style:solid;}@media all and (max-width: 1024px){.wp-block-kadence-advancedbtn .kb-btn23468_770b3e-a4.kb-button{border-top-color:rgb(242, 148, 0);border-top-style:solid;border-right-color:rgb(242, 148, 0);border-right-style:solid;border-bottom-color:rgb(242, 148, 0);border-bottom-style:solid;border-left-color:rgb(242, 148, 0);border-left-style:solid;}}@media all and (max-width: 1024px){.wp-block-kadence-advancedbtn .kb-btn23468_770b3e-a4.kb-button:hover, .wp-block-kadence-advancedbtn .kb-btn23468_770b3e-a4.kb-button:focus{border-top-color:#444444;border-top-style:solid;border-right-color:#444444;border-right-style:solid;border-bottom-color:#444444;border-bottom-style:solid;border-left-color:#444444;border-left-style:solid;}}@media all and (max-width: 767px){.wp-block-kadence-advancedbtn .kb-btn23468_770b3e-a4.kb-button{border-top-color:rgb(242, 148, 0);border-top-style:solid;border-right-color:rgb(242, 148, 0);border-right-style:solid;border-bottom-color:rgb(242, 148, 0);border-bottom-style:solid;border-left-color:rgb(242, 148, 0);border-left-style:solid;}.wp-block-kadence-advancedbtn .kb-btn23468_770b3e-a4.kb-button:hover, .wp-block-kadence-advancedbtn .kb-btn23468_770b3e-a4.kb-button:focus{border-top-color:#444444;border-top-style:solid;border-right-color:#444444;border-right-style:solid;border-bottom-color:#444444;border-bottom-style:solid;border-left-color:#444444;border-left-style:solid;}}<\/style><a class=\"kb-button kt-button button kb-btn23468_770b3e-a4 kt-btn-size-standard kt-btn-width-type-auto kb-btn-global-outline  kt-btn-has-text-true kt-btn-has-svg-false  wp-block-kadence-singlebtn\" href=\"\/eventausstattung-freizeit\/poster\/auf-acrylglasplatten\/\"><span class=\"kt-btn-inner-text\">Acrylglas bedrucken<\/span><\/a><\/div>\n\n\n\n<p><\/p>\n\n\n\n<p>In unserer Motivauswahl in unserer Motivauswahl gibt es \u00fcbrigens eine Auswahl fertig gestalteter Wandbilder und <a href=\"\/motiv-auswahl\/motive-fur-poster\/\">Poster auf Acrylglas<\/a> und Aluverbundplatten.<\/p>\n<\/div><\/div>\n<\/div><\/div>\n","protected":false},"excerpt":{"rendered":"<p>Stell dir vor, du k\u00f6nntest deine Lieblingsmomente nicht nur festhalten, sondern sie in Kunstwerke verwandeln, die die Zeit \u00fcberdauern. Der Druck eines Fotos auf Acrylglas bietet genau diese M\u00f6glichkeit. Also gleich mal reinschauen&#8230;<\/p>\n","protected":false},"author":27,"featured_media":23634,"comment_status":"open","ping_status":"closed","sticky":false,"template":"","format":"standard","meta":{"footnotes":""},"categories":[71],"tags":[1158,1166,927,1198,1162,1196,1164,369,1160,661,217],"class_list":["post-23468","post","type-post","status-publish","format-standard","has-post-thumbnail","hentry","category-creative","tag-acrylglas","tag-bild","tag-foto","tag-gestalten","tag-glas","tag-motiv","tag-plexiglas","tag-poster","tag-wandbild","tag-weissdruck-2","tag-weissdruck"],"_links":{"self":[{"href":"https:\/\/www.vispronet.de\/blog\/wp-json\/wp\/v2\/posts\/23468","targetHints":{"allow":["GET"]}}],"collection":[{"href":"https:\/\/www.vispronet.de\/blog\/wp-json\/wp\/v2\/posts"}],"about":[{"href":"https:\/\/www.vispronet.de\/blog\/wp-json\/wp\/v2\/types\/post"}],"author":[{"embeddable":true,"href":"https:\/\/www.vispronet.de\/blog\/wp-json\/wp\/v2\/users\/27"}],"replies":[{"embeddable":true,"href":"https:\/\/www.vispronet.de\/blog\/wp-json\/wp\/v2\/comments?post=23468"}],"version-history":[{"count":118,"href":"https:\/\/www.vispronet.de\/blog\/wp-json\/wp\/v2\/posts\/23468\/revisions"}],"predecessor-version":[{"id":24792,"href":"https:\/\/www.vispronet.de\/blog\/wp-json\/wp\/v2\/posts\/23468\/revisions\/24792"}],"wp:featuredmedia":[{"embeddable":true,"href":"https:\/\/www.vispronet.de\/blog\/wp-json\/wp\/v2\/media\/23634"}],"wp:attachment":[{"href":"https:\/\/www.vispronet.de\/blog\/wp-json\/wp\/v2\/media?parent=23468"}],"wp:term":[{"taxonomy":"category","embeddable":true,"href":"https:\/\/www.vispronet.de\/blog\/wp-json\/wp\/v2\/categories?post=23468"},{"taxonomy":"post_tag","embeddable":true,"href":"https:\/\/www.vispronet.de\/blog\/wp-json\/wp\/v2\/tags?post=23468"}],"curies":[{"name":"wp","href":"https:\/\/api.w.org\/{rel}","templated":true}]}}