{"id":24968,"date":"2024-09-10T14:00:00","date_gmt":"2024-09-10T12:00:00","guid":{"rendered":"https:\/\/www.vispronet.de\/blog\/?p=24968"},"modified":"2024-09-12T06:57:40","modified_gmt":"2024-09-12T04:57:40","slug":"fogra-color-management-symposium-2024","status":"publish","type":"post","link":"https:\/\/www.vispronet.de\/blog\/fogra-color-management-symposium-2024\/","title":{"rendered":"Fogra &#8211; Color Management Symposium 2024"},"content":{"rendered":"\n<p>Jedes zweite Jahr im Februar veranstaltet die <a href=\"https:\/\/fogra.org\/\" title=\"Fogra - Forschungsinstitut der Druck- und Medienindustrie\" target=\"_blank\" rel=\"noreferrer noopener\">Fogra<\/a>, das Forschungsinstitut der Druck- und Medienindustrie, das Color Management Symposium CMS f\u00fcr interessiertes Fachpublikum. In diesem Jahr trafen sich in M\u00fcnchen Teilnehmer aus 16 L\u00e4ndern. Insgesamt 19 Referenten hielten 30 min\u00fctige Fachvortr\u00e4ge zu verschiedensten Themen aus dem Bereich Color Management. Ich war einer von Ihnen und m\u00f6chte euch heute von meinem Vortrag berichten.<\/p>\n\n\n\n<div class=\"wp-block-columns is-layout-flex wp-container-core-columns-is-layout-9d6595d7 wp-block-columns-is-layout-flex\">\n<div class=\"wp-block-column is-vertically-aligned-center is-layout-flow wp-block-column-is-layout-flow\" style=\"flex-basis:60%\">\n<p>Ich wurde zu dieser Fogra-Veranstaltung eingeladen, um \u00fcber die <strong>Herausforderungen im Textildruck<\/strong> zu sprechen. Der Redner-Block mit 3 Referenten aus den USA, Holland und mir, aus Deutschland, war der Einzige zu diesem Thema. Daraus kann man schon ableiten, wie klein eigentlich der Textildruck im Verh\u00e4ltnis zu allen anderen Druck-Branchen ist. Aber daf\u00fcr k\u00f6nnen wir mit Textildruck wundersch\u00f6ne Sachen herstellen, nicht nur f\u00fcr Werbezwecke, sondern auch jede Menge Wohnaccessoires, Zelte, Pavillons und vieles mehr.<\/p>\n<\/div>\n\n\n\n<div class=\"wp-block-column is-layout-flow wp-block-column-is-layout-flow\" style=\"flex-basis:40%\">\n<figure class=\"wp-block-image size-full\"><img loading=\"lazy\" decoding=\"async\" width=\"1000\" height=\"750\" src=\"https:\/\/www.vispronet.de\/blog\/wp-content\/uploads\/color-management-symposium.jpg\" alt=\"Er\u00f6ffnung Fogra Colour Management-Symposium 2024\" class=\"wp-image-25092\" title=\"\u00a9 Fogra\" srcset=\"https:\/\/www.vispronet.de\/blog\/wp-content\/uploads\/color-management-symposium.jpg 1000w, https:\/\/www.vispronet.de\/blog\/wp-content\/uploads\/color-management-symposium-768x576.jpg 768w, https:\/\/www.vispronet.de\/blog\/wp-content\/uploads\/color-management-symposium-300x225.jpg 300w, https:\/\/www.vispronet.de\/blog\/wp-content\/uploads\/color-management-symposium-440x330.jpg 440w\" sizes=\"auto, (max-width: 1000px) 100vw, 1000px\" \/><\/figure>\n<\/div>\n<\/div>\n\n\n\n<p>Dar\u00fcber hinaus ist diese Veranstaltung nicht nur ideal um in geballter Form Fachvortr\u00e4ge zu h\u00f6ren, auch das Netzwerken in den Pausen war f\u00fcr mich sehr wichtig und so habe ich viele gute Kontakte gekn\u00fcpft.<\/p>\n\n\n\n<h2 class=\"wp-block-heading\"><strong>Wenn Farbgenauigkeit z\u00e4hlt<\/strong><\/h2>\n\n\n\n<p>Prinzipiell beruht Farbprofilierung in allen Branchen auf der gleichen Vorgehensweise. Also brauchte mein Thema <strong>\u201eWenn Farbgenauigkeit z\u00e4hlt: Tipps und Tricks f\u00fcr passgenaue Profilierung im digitalen Textildruck\u201c<\/strong> nat\u00fcrlich das besondere Etwas aus dem Bereich Textil.<br>Denn langweilig sollte f\u00fcr die anderen Teilnehmer nat\u00fcrlich nicht sein. Doch was ist die Besonderheit im Textildruck?<\/p>\n\n\n\n<h3 class=\"wp-block-heading\">Der Grundstein: Vorbehandlung &amp; Tinte<\/h3>\n\n\n\n<p>Wenn man wie ich t\u00e4glich mit dieser Materie zu tun hat, muss man einfach mal \u00fcber die Basics nachdenken. Ein gutes Farbmanagement und stabile Farben sind schon von der richtigen Vorbehandlung der Textilien abh\u00e4ngig. Dabei handelt es sich um eine Ausr\u00fcstung des Textils, welche die Tinte genau an dem Punkt festh\u00e4lt, wo sie aufgedruckt wurde.<\/p>\n\n\n<div class=\"wp-block-image\">\n<figure class=\"aligncenter size-full\"><a href=\"https:\/\/www.vispronet.de\/blog\/wp-content\/uploads\/3-vorbehandlung.png\" data-rel=\"lightbox-image-0\" data-magnific_type=\"image\" data-rl_title=\"\" data-rl_caption=\"\"><img loading=\"lazy\" decoding=\"async\" width=\"1800\" height=\"1010\" src=\"https:\/\/www.vispronet.de\/blog\/wp-content\/uploads\/3-vorbehandlung.png\" alt=\"Vorbehandlung des Bedruckstoffs\" class=\"wp-image-25012\" title=\"\" srcset=\"https:\/\/www.vispronet.de\/blog\/wp-content\/uploads\/3-vorbehandlung.png 1800w, https:\/\/www.vispronet.de\/blog\/wp-content\/uploads\/3-vorbehandlung-768x431.png 768w, https:\/\/www.vispronet.de\/blog\/wp-content\/uploads\/3-vorbehandlung-1024x575.png 1024w, https:\/\/www.vispronet.de\/blog\/wp-content\/uploads\/3-vorbehandlung-288x162.png 288w, https:\/\/www.vispronet.de\/blog\/wp-content\/uploads\/3-vorbehandlung-300x168.png 300w, https:\/\/www.vispronet.de\/blog\/wp-content\/uploads\/3-vorbehandlung-440x247.png 440w, https:\/\/www.vispronet.de\/blog\/wp-content\/uploads\/3-vorbehandlung-1500x842.png 1500w\" sizes=\"auto, (max-width: 1800px) 100vw, 1800px\" \/><\/a><\/figure>\n<\/div>\n\n\n<p>Wenn die Vorbehandlung der Ware gut gemeistert wurde, ist das der Grundstein des Farbmanagements.<\/p>\n\n\n\n<h3 class=\"wp-block-heading\">Die Ausstattung: verf\u00fcgbare Maschinen<\/h3>\n\n\n\n<p>Im n\u00e4chsten Schritt sollte man sich vor Augen f\u00fchren, welche Maschinen man zur Verf\u00fcgung hat und wie diese ausgestattet sind. Vor Jahren waren Digitaldruck-Maschinen, \u00e4hnlich wie die kleinen Drucker im Hausgebrauch, lediglich mit den Farben Cyan, Magenta, Yellow und Black bef\u00fcllt. Mittlerweile bieten Hersteller <strong>zus\u00e4tzliche Druckfarben<\/strong> f\u00fcr diese Drucker an. So stehen, je nach Maschinentyp, beispielsweise Gr\u00fcn, Orange, Rot und Violett oder auch K\u00f6nigsblau zur Verf\u00fcgung.<\/p>\n\n\n\n<p>Bei Vispronet verf\u00fcgen wir \u00fcber einen enormen Maschinenpark:<\/p>\n\n\n<div class=\"wp-block-image\">\n<figure class=\"aligncenter size-full\"><img loading=\"lazy\" decoding=\"async\" width=\"1798\" height=\"1008\" src=\"https:\/\/www.vispronet.de\/blog\/wp-content\/uploads\/2-tinten.png\" alt=\"Verwendete Tinten bei verschiedenen Drucktechnologien\" class=\"wp-image-25010\" title=\"\u00a9 Sachsen Fahnen GmbH &amp; Co. KG\" srcset=\"https:\/\/www.vispronet.de\/blog\/wp-content\/uploads\/2-tinten.png 1798w, https:\/\/www.vispronet.de\/blog\/wp-content\/uploads\/2-tinten-768x431.png 768w, https:\/\/www.vispronet.de\/blog\/wp-content\/uploads\/2-tinten-1024x574.png 1024w, https:\/\/www.vispronet.de\/blog\/wp-content\/uploads\/2-tinten-288x162.png 288w, https:\/\/www.vispronet.de\/blog\/wp-content\/uploads\/2-tinten-300x168.png 300w, https:\/\/www.vispronet.de\/blog\/wp-content\/uploads\/2-tinten-440x247.png 440w, https:\/\/www.vispronet.de\/blog\/wp-content\/uploads\/2-tinten-1500x841.png 1500w\" sizes=\"auto, (max-width: 1798px) 100vw, 1798px\" \/><\/figure>\n<\/div>\n\n\n<p>Und an dieser Stelle wird Farbmanagement schon zu einer echten Herausforderung. Normalerweise m\u00fcsste man ja den kleinsten Farbraum zum Ma\u00df der Dinge erkl\u00e4ren, um alle Maschinen auf allen Materialien gleich abzustimmen. Doch dann sind zus\u00e4tzliche Druckfarben \u00fcberfl\u00fcssig. Denn eben nicht jeder Hersteller bietet alle Zusatzfarben an. Und obwohl alle Produzenten die Bezeichnung Gr\u00fcn, Orange etc. verwenden, sehen diese nicht gleich aus, denn genormt sind diese Farben nicht.<\/p>\n\n\n\n<p>Die Aufgabe besteht also darin, aus diesen zur Verf\u00fcgung stehenden Farben eine Art Druckumgebung zu berechnen, bestehend aus Linearisierung, maximalem Farbauftrag und dem ICC Farbprofil &#8211; und das f\u00fcr jede Maschine und jedes textile Material.<\/p>\n\n\n\n<div class=\"wp-block-columns are-vertically-aligned-center has-infobox-bg-background-color has-background is-layout-flex wp-container-core-columns-is-layout-9d6595d7 wp-block-columns-is-layout-flex\">\n<div class=\"wp-block-column is-vertically-aligned-center is-layout-flow wp-block-column-is-layout-flow\" style=\"flex-basis:10%\"><style>.kt-svg-icons24968_8b206f-1c .kt-svg-item-0 .kb-svg-icon-wrap{color:var(--global-palette4, #2D3748);font-size:50px;}.wp-block-kadence-icon.kt-svg-icons24968_8b206f-1c{justify-content:center;}<\/style>\n<div class=\"wp-block-kadence-icon kt-svg-icons kt-svg-icons24968_8b206f-1c alignnone\"><style>.kt-svg-item-24968_ee5d3e-39 .kb-svg-icon-wrap, .kt-svg-style-stacked.kt-svg-item-24968_ee5d3e-39 .kb-svg-icon-wrap{color:rgb(0, 98, 161);font-size:50px;}<\/style>\n<div class=\"wp-block-kadence-single-icon kt-svg-style-default kt-svg-icon-wrap kt-svg-item-24968_ee5d3e-39\"><span class=\"kb-svg-icon-wrap kb-svg-icon-fas_info-circle\"><svg viewBox=\"0 0 512 512\"  fill=\"currentColor\" xmlns=\"http:\/\/www.w3.org\/2000\/svg\"  aria-hidden=\"true\"><path d=\"M256 8C119.043 8 8 119.083 8 256c0 136.997 111.043 248 248 248s248-111.003 248-248C504 119.083 392.957 8 256 8zm0 110c23.196 0 42 18.804 42 42s-18.804 42-42 42-42-18.804-42-42 18.804-42 42-42zm56 254c0 6.627-5.373 12-12 12h-88c-6.627 0-12-5.373-12-12v-24c0-6.627 5.373-12 12-12h12v-64h-12c-6.627 0-12-5.373-12-12v-24c0-6.627 5.373-12 12-12h64c6.627 0 12 5.373 12 12v100h12c6.627 0 12 5.373 12 12v24z\"\/><\/svg><\/span><\/div>\n<\/div>\n<\/div>\n\n\n\n<div class=\"wp-block-column is-vertically-aligned-center is-layout-flow wp-block-column-is-layout-flow\" style=\"flex-basis:90%\">\n<p>Mehr zum Thema und wie dieser Prozess genau funktioniert, lest Ihr im Beitrag <a href=\"\/blog\/was-ist-colormanagement\/\"><strong>Was ist Colormanagement?<\/strong><\/a><\/p>\n<\/div>\n<\/div>\n\n\n\n<h3 class=\"wp-block-heading\">Die Besonderheit: Bedruckstoffe f\u00fcr Fahnen<\/h3>\n\n\n\n<div class=\"wp-block-columns is-layout-flex wp-container-core-columns-is-layout-9d6595d7 wp-block-columns-is-layout-flex\">\n<div class=\"wp-block-column is-vertically-aligned-center is-layout-flow wp-block-column-is-layout-flow\" style=\"flex-basis:60%\">\n<h4 class=\"wp-block-heading\">Merkmal 1: Materialstruktur<\/h4>\n\n\n\n<p>Textildruck und speziell der Fahnendruck stellen uns vor ganz besondere Herausforderungen. Fahnenmaterial ist ein relativ leichtes Textil mit einer offenen Materialstruktur. Damit stellt sich die Frage: &#8222;Was erkennt das Farbmessger\u00e4t, wenn ich die Farben f\u00fcr die Profilgenerierung einmessen m\u00f6chte?&#8220;.<\/p>\n<\/div>\n\n\n\n<div class=\"wp-block-column is-layout-flow wp-block-column-is-layout-flow\" style=\"flex-basis:40%\">\n<figure class=\"wp-block-image size-full\"><img loading=\"lazy\" decoding=\"async\" width=\"1000\" height=\"750\" src=\"https:\/\/www.vispronet.de\/blog\/wp-content\/uploads\/session-sachsen-fahnen.jpg\" alt=\"Session Sachsen Fahnen zum Thema Textildruck\" class=\"wp-image-25090\" title=\"\u00a9 Fogra\" srcset=\"https:\/\/www.vispronet.de\/blog\/wp-content\/uploads\/session-sachsen-fahnen.jpg 1000w, https:\/\/www.vispronet.de\/blog\/wp-content\/uploads\/session-sachsen-fahnen-768x576.jpg 768w, https:\/\/www.vispronet.de\/blog\/wp-content\/uploads\/session-sachsen-fahnen-300x225.jpg 300w, https:\/\/www.vispronet.de\/blog\/wp-content\/uploads\/session-sachsen-fahnen-440x330.jpg 440w\" sizes=\"auto, (max-width: 1000px) 100vw, 1000px\" \/><\/figure>\n<\/div>\n<\/div>\n\n\n\n<h4 class=\"wp-block-heading\">Merkmal 2: Konturenstand<\/h4>\n\n\n\n<p>Ein weiteres Problem im Textildruck ist das Thema Konturenstand, also die Fragestellung: &#8222;Wie stark verl\u00e4uft die Tinte auf dem Bedruckstoff?&#8220;. Betrachtet man die Struktur des Textils, so d\u00fcrfte jedem klar sein, dass man auf diesem Material keinen vergleichbaren Druck wie auf Folie oder Papier realisieren kann. Die Tinte trifft auf das Material und flie\u00dft anschlie\u00dfend auf den Fasern entlang. Eine gute Vorbehandlung des Materials, wie schon beschrieben, kann diesen Effekt minimieren, aber nicht vollst\u00e4ndig eliminieren.&nbsp;<\/p>\n\n\n\n<p>Hier seht ihr unser Standard Fahnenmaterial in 100-facher Vergr\u00f6\u00dferung:&nbsp;<\/p>\n\n\n<div class=\"wp-block-image\">\n<figure class=\"aligncenter size-full\"><a href=\"https:\/\/www.vispronet.de\/blog\/wp-content\/uploads\/5-druckseite-fahnendruck.png\" data-rel=\"lightbox-image-1\" data-magnific_type=\"image\" data-rl_title=\"\" data-rl_caption=\"\"><img loading=\"lazy\" decoding=\"async\" width=\"1799\" height=\"1009\" src=\"https:\/\/www.vispronet.de\/blog\/wp-content\/uploads\/5-druckseite-fahnendruck.png\" alt=\"Druckseite im Fahnendruck\" class=\"wp-image-25020\" title=\"\" srcset=\"https:\/\/www.vispronet.de\/blog\/wp-content\/uploads\/5-druckseite-fahnendruck.png 1799w, https:\/\/www.vispronet.de\/blog\/wp-content\/uploads\/5-druckseite-fahnendruck-768x431.png 768w, https:\/\/www.vispronet.de\/blog\/wp-content\/uploads\/5-druckseite-fahnendruck-1024x574.png 1024w, https:\/\/www.vispronet.de\/blog\/wp-content\/uploads\/5-druckseite-fahnendruck-288x162.png 288w, https:\/\/www.vispronet.de\/blog\/wp-content\/uploads\/5-druckseite-fahnendruck-300x168.png 300w, https:\/\/www.vispronet.de\/blog\/wp-content\/uploads\/5-druckseite-fahnendruck-440x247.png 440w, https:\/\/www.vispronet.de\/blog\/wp-content\/uploads\/5-druckseite-fahnendruck-1500x841.png 1500w\" sizes=\"auto, (max-width: 1799px) 100vw, 1799px\" \/><\/a><\/figure>\n<\/div>\n\n\n<div class=\"wp-block-group is-border has-white-background-color has-background\"><div class=\"wp-block-group__inner-container is-layout-constrained wp-block-group-is-layout-constrained\">\n<h5 class=\"wp-block-heading has-text-align-center is--border\">Vergleich leichter Fahnenstoff und dichtes Dekomaterial<\/h5>\n\n\n\n<div class=\"wp-block-columns are-vertically-aligned-center is-layout-flex wp-container-core-columns-is-layout-9d6595d7 wp-block-columns-is-layout-flex\">\n<div class=\"wp-block-column is-vertically-aligned-center is-layout-flow wp-block-column-is-layout-flow\" style=\"flex-basis:50%\">\n<p class=\"has-text-align-center\">Vorder- und R\u00fcckseite Fahnenstoff (ca. 110 g\/m<sup>2<\/sup>)<\/p>\n\n\n<div class=\"wp-block-image is-style-default\">\n<figure class=\"aligncenter size-full\"><a href=\"https:\/\/www.vispronet.de\/blog\/wp-content\/uploads\/5-fahnenmaterial.png\" data-rel=\"lightbox-image-2\" data-magnific_type=\"image\" data-rl_title=\"\" data-rl_caption=\"\"><img loading=\"lazy\" decoding=\"async\" width=\"1799\" height=\"1011\" src=\"https:\/\/www.vispronet.de\/blog\/wp-content\/uploads\/5-fahnenmaterial.png\" alt=\"Vorder- und R\u00fcckseite eines unbedruckten Fahnenmaterials\" class=\"wp-image-25022\" style=\"object-fit:cover\" title=\"\" srcset=\"https:\/\/www.vispronet.de\/blog\/wp-content\/uploads\/5-fahnenmaterial.png 1799w, https:\/\/www.vispronet.de\/blog\/wp-content\/uploads\/5-fahnenmaterial-768x432.png 768w, https:\/\/www.vispronet.de\/blog\/wp-content\/uploads\/5-fahnenmaterial-1024x575.png 1024w, https:\/\/www.vispronet.de\/blog\/wp-content\/uploads\/5-fahnenmaterial-288x162.png 288w, https:\/\/www.vispronet.de\/blog\/wp-content\/uploads\/5-fahnenmaterial-300x169.png 300w, https:\/\/www.vispronet.de\/blog\/wp-content\/uploads\/5-fahnenmaterial-440x247.png 440w, https:\/\/www.vispronet.de\/blog\/wp-content\/uploads\/5-fahnenmaterial-1500x843.png 1500w\" sizes=\"auto, (max-width: 1799px) 100vw, 1799px\" \/><\/a><\/figure>\n<\/div><\/div>\n\n\n\n<div class=\"wp-block-column is-vertically-aligned-center is-layout-flow wp-block-column-is-layout-flow\" style=\"flex-basis:50%\">\n<p class=\"has-text-align-center\">Dekomaterial mit geschlossener Stoffstruktur<\/p>\n\n\n<div class=\"wp-block-image\">\n<figure class=\"aligncenter size-full\"><a href=\"https:\/\/www.vispronet.de\/blog\/wp-content\/uploads\/5-dekomaterarial.png\" data-rel=\"lightbox-image-3\" data-magnific_type=\"image\" data-rl_title=\"\" data-rl_caption=\"\"><img loading=\"lazy\" decoding=\"async\" width=\"1801\" height=\"1011\" src=\"https:\/\/www.vispronet.de\/blog\/wp-content\/uploads\/5-dekomaterarial.png\" alt=\"Vorder- und R\u00fcckseite eines Dekomaterials\" class=\"wp-image-25016\" style=\"object-fit:cover\" title=\"\" srcset=\"https:\/\/www.vispronet.de\/blog\/wp-content\/uploads\/5-dekomaterarial.png 1801w, https:\/\/www.vispronet.de\/blog\/wp-content\/uploads\/5-dekomaterarial-768x431.png 768w, https:\/\/www.vispronet.de\/blog\/wp-content\/uploads\/5-dekomaterarial-1024x575.png 1024w, https:\/\/www.vispronet.de\/blog\/wp-content\/uploads\/5-dekomaterarial-288x162.png 288w, https:\/\/www.vispronet.de\/blog\/wp-content\/uploads\/5-dekomaterarial-300x168.png 300w, https:\/\/www.vispronet.de\/blog\/wp-content\/uploads\/5-dekomaterarial-440x247.png 440w, https:\/\/www.vispronet.de\/blog\/wp-content\/uploads\/5-dekomaterarial-1500x842.png 1500w\" sizes=\"auto, (max-width: 1801px) 100vw, 1801px\" \/><\/a><\/figure>\n<\/div><\/div>\n<\/div>\n<\/div><\/div>\n\n\n\n<h4 class=\"wp-block-heading\">Merkmal 3: Durchdruck<\/h4>\n\n\n\n<p>Die n\u00e4chste <strong>riesengro\u00dfe Herausforderung<\/strong> im textilen Digitaldruck: der Durchdruck. So nennen wir es, wenn das gedruckte Bild spiegelbildlich auf der R\u00fcckseite zu sehen sein soll. Hier gibt es 3 Parameter, die direkt aufeinander Einfluss haben:<\/p>\n\n\n\n<ul class=\"wp-block-list\">\n<li>So viel Tinte aufbringen, damit diese das Material durchdringt<\/li>\n\n\n\n<li>So wenig Tinte verwenden, damit die Motivkonturen nicht verlaufen<\/li>\n\n\n\n<li>Perfektes Farbmanagement f\u00fcr hohe Farbtreue<\/li>\n<\/ul>\n\n\n\n<p>Eine wichtige Rolle spielt dabei die Optimierung des Tintenverbrauchs.<\/p>\n\n\n<div class=\"wp-block-image\">\n<figure class=\"aligncenter size-full\"><a href=\"https:\/\/www.vispronet.de\/blog\/wp-content\/uploads\/6-colorserver.png\" data-rel=\"lightbox-image-4\" data-magnific_type=\"image\" data-rl_title=\"\" data-rl_caption=\"\"><img loading=\"lazy\" decoding=\"async\" width=\"1800\" height=\"1013\" src=\"https:\/\/www.vispronet.de\/blog\/wp-content\/uploads\/6-colorserver.png\" alt=\"Der Einsatz eines Colorservers zur Tintenverbrauchsoptimierung\" class=\"wp-image-25024\" title=\"\" srcset=\"https:\/\/www.vispronet.de\/blog\/wp-content\/uploads\/6-colorserver.png 1800w, https:\/\/www.vispronet.de\/blog\/wp-content\/uploads\/6-colorserver-768x432.png 768w, https:\/\/www.vispronet.de\/blog\/wp-content\/uploads\/6-colorserver-1024x576.png 1024w, https:\/\/www.vispronet.de\/blog\/wp-content\/uploads\/6-colorserver-288x162.png 288w, https:\/\/www.vispronet.de\/blog\/wp-content\/uploads\/6-colorserver-300x169.png 300w, https:\/\/www.vispronet.de\/blog\/wp-content\/uploads\/6-colorserver-440x248.png 440w, https:\/\/www.vispronet.de\/blog\/wp-content\/uploads\/6-colorserver-1500x844.png 1500w\" sizes=\"auto, (max-width: 1800px) 100vw, 1800px\" \/><\/a><\/figure>\n<\/div>\n\n\n<p>Auf der n\u00e4chsten Abbildung ist die R\u00fcckseite des bedruckten Textils zu sehen, links unten m\u00fcsste dabei die dunkelste Farbe zu sehen sein. Auf der Vorderseite, im vorhergehenden Bild sichtbar, ist es auch so. Auf der R\u00fcckseite sind jedoch die Auswirkungen eines <strong>Tintensparmodell<\/strong> (eine spezielle Software) erkennbar. Diese rechnet die Buntfarben Cyan, Magenta und Yellow aus den Bildinformationen heraus und gleicht diese mit der 4. Farbe, dem Schwarz, aus.<\/p>\n\n\n\n<p>Eine Tinteneinsparung, die f\u00fcr die meisten Firmen anderer Druckbranchen, durchaus interessant ist. Bei uns aber nicht gebraucht wird, da wir die Menge an Fl\u00fcssigkeit (Tinte) f\u00fcr den Durchdruck ben\u00f6tigen.&nbsp;<\/p>\n\n\n<div class=\"wp-block-image\">\n<figure class=\"aligncenter size-full\"><a href=\"https:\/\/www.vispronet.de\/blog\/wp-content\/uploads\/7-tintenverbrauchsoptimierung.png\" data-rel=\"lightbox-image-5\" data-magnific_type=\"image\" data-rl_title=\"\" data-rl_caption=\"\"><img loading=\"lazy\" decoding=\"async\" width=\"1799\" height=\"1012\" src=\"https:\/\/www.vispronet.de\/blog\/wp-content\/uploads\/7-tintenverbrauchsoptimierung.png\" alt=\"Tintenverbrauchsoptimierung\" class=\"wp-image-25026\" title=\"\" srcset=\"https:\/\/www.vispronet.de\/blog\/wp-content\/uploads\/7-tintenverbrauchsoptimierung.png 1799w, https:\/\/www.vispronet.de\/blog\/wp-content\/uploads\/7-tintenverbrauchsoptimierung-768x432.png 768w, https:\/\/www.vispronet.de\/blog\/wp-content\/uploads\/7-tintenverbrauchsoptimierung-1024x576.png 1024w, https:\/\/www.vispronet.de\/blog\/wp-content\/uploads\/7-tintenverbrauchsoptimierung-288x162.png 288w, https:\/\/www.vispronet.de\/blog\/wp-content\/uploads\/7-tintenverbrauchsoptimierung-300x169.png 300w, https:\/\/www.vispronet.de\/blog\/wp-content\/uploads\/7-tintenverbrauchsoptimierung-440x248.png 440w, https:\/\/www.vispronet.de\/blog\/wp-content\/uploads\/7-tintenverbrauchsoptimierung-1500x844.png 1500w\" sizes=\"auto, (max-width: 1799px) 100vw, 1799px\" \/><\/a><\/figure>\n<\/div>\n\n\n<h3 class=\"wp-block-heading\">Die Besonderheit: Sonderfarben<\/h3>\n\n\n\n<p>Fast am Ende meines Vortrages angekommen, m\u00f6chte ich euch noch das Thema Sonderfarben vorstellen. Diese haben zwar nicht direkt mit der Profilierung zu tun, aber je genauer ein Material auf einer Druckmaschine charakterisiert wird, um so genauer lassen sich Sonderfarben darstellen. <\/p>\n\n\n\n<div class=\"wp-block-columns are-vertically-aligned-center is-layout-flex wp-container-core-columns-is-layout-9d6595d7 wp-block-columns-is-layout-flex\">\n<div class=\"wp-block-column is-vertically-aligned-center is-layout-flow wp-block-column-is-layout-flow\" style=\"flex-basis:25%\">\n<figure class=\"wp-block-image size-full\"><img loading=\"lazy\" decoding=\"async\" width=\"600\" height=\"400\" src=\"https:\/\/www.vispronet.de\/blog\/wp-content\/uploads\/Farbfaecher-Pantone-RAL-HKS.jpg\" alt=\"Farbf\u00e4cher Pantone RAL HKS\" class=\"wp-image-2421\" srcset=\"https:\/\/www.vispronet.de\/blog\/wp-content\/uploads\/Farbfaecher-Pantone-RAL-HKS.jpg 600w, https:\/\/www.vispronet.de\/blog\/wp-content\/uploads\/Farbfaecher-Pantone-RAL-HKS-300x200.jpg 300w, https:\/\/www.vispronet.de\/blog\/wp-content\/uploads\/Farbfaecher-Pantone-RAL-HKS-440x293.jpg 440w\" sizes=\"auto, (max-width: 600px) 100vw, 600px\" \/><\/figure>\n<\/div>\n\n\n\n<div class=\"wp-block-column is-vertically-aligned-center is-layout-flow wp-block-column-is-layout-flow\" style=\"flex-basis:75%\">\n<p>Am gebr\u00e4uchlichsten sind dabei die Farbmodelle RAL, HKS oder auch Pantone. Farbnamen wie RAL oder HKS sind <strong>genormte Farbstandards<\/strong>. Jeder kann eine Maschine, ein Hausanstrich, Fahrzeuge oder Fahrzeugteile nach solchen Farbnamen bestellen &#8211; und sollte dann auch exakt das bestellte Teil in dieser Farbe erhalten.&nbsp;<\/p>\n<\/div>\n<\/div>\n\n\n<div class=\"wp-block-image\">\n<figure class=\"aligncenter size-full\"><a href=\"https:\/\/www.vispronet.de\/blog\/wp-content\/uploads\/9-sonderfarbentabelle.png\" data-rel=\"lightbox-image-6\" data-magnific_type=\"image\" data-rl_title=\"\" data-rl_caption=\"\"><img loading=\"lazy\" decoding=\"async\" width=\"1802\" height=\"1012\" src=\"https:\/\/www.vispronet.de\/blog\/wp-content\/uploads\/9-sonderfarbentabelle.png\" alt=\"Colorbar zur Auswertung von zus\u00e4tzlichen Sonderfarben\" class=\"wp-image-25006\" title=\"\" srcset=\"https:\/\/www.vispronet.de\/blog\/wp-content\/uploads\/9-sonderfarbentabelle.png 1802w, https:\/\/www.vispronet.de\/blog\/wp-content\/uploads\/9-sonderfarbentabelle-768x431.png 768w, https:\/\/www.vispronet.de\/blog\/wp-content\/uploads\/9-sonderfarbentabelle-1024x575.png 1024w, https:\/\/www.vispronet.de\/blog\/wp-content\/uploads\/9-sonderfarbentabelle-288x162.png 288w, https:\/\/www.vispronet.de\/blog\/wp-content\/uploads\/9-sonderfarbentabelle-300x168.png 300w, https:\/\/www.vispronet.de\/blog\/wp-content\/uploads\/9-sonderfarbentabelle-440x247.png 440w, https:\/\/www.vispronet.de\/blog\/wp-content\/uploads\/9-sonderfarbentabelle-1500x842.png 1500w\" sizes=\"auto, (max-width: 1802px) 100vw, 1802px\" \/><\/a><\/figure>\n<\/div>\n\n\n<p>F\u00fcr uns bedeutet die Verwendung von Sonderfarben einen <strong>riesigen Vorteil<\/strong>, denn viele unserer Maschinen besitzen sehr unterschiedliche Tintensetups. Wie am Anfang erw\u00e4hnt, arbeiten Digitaldruck-Maschinen mit Tinten in den Farben Cyan, Magenta, Yellow und Black, aber zus\u00e4tzlich auch mit Orange, Violett oder Rot.<\/p>\n\n\n\n<div class=\"wp-block-columns is-layout-flex wp-container-core-columns-is-layout-9d6595d7 wp-block-columns-is-layout-flex\">\n<div class=\"wp-block-column is-vertically-aligned-center is-layout-flow wp-block-column-is-layout-flow\" style=\"flex-basis:66.66%\">\n<p>Selbst die Grundfarben Yellow, Magenta, Cyan und Black sind leider nicht standardisiert. Jeder Hersteller produziert diese in etwas voneinander abweichenden Farbt\u00f6nen. Da das vielen nicht bewusst ist, lassen sich Farbangaben im CMYK-Farbsystem sehr schwierig pr\u00e4zise auf den Bedruckstoff \u00fcbertragen.&nbsp;<\/p>\n<\/div>\n\n\n\n<div class=\"wp-block-column is-layout-flow wp-block-column-is-layout-flow\" style=\"flex-basis:25%\">\n<figure class=\"wp-block-image size-full\"><img loading=\"lazy\" decoding=\"async\" width=\"1000\" height=\"750\" src=\"https:\/\/www.vispronet.de\/blog\/wp-content\/uploads\/cmyk-drucktinte.jpg\" alt=\"CMYK Druckfarbe\" class=\"wp-image-13557\" srcset=\"https:\/\/www.vispronet.de\/blog\/wp-content\/uploads\/cmyk-drucktinte.jpg 1000w, https:\/\/www.vispronet.de\/blog\/wp-content\/uploads\/cmyk-drucktinte-768x576.jpg 768w, https:\/\/www.vispronet.de\/blog\/wp-content\/uploads\/cmyk-drucktinte-300x225.jpg 300w, https:\/\/www.vispronet.de\/blog\/wp-content\/uploads\/cmyk-drucktinte-440x330.jpg 440w\" sizes=\"auto, (max-width: 1000px) 100vw, 1000px\" \/><\/figure>\n<\/div>\n<\/div>\n\n\n\n<h4 class=\"wp-block-heading\">Farbtabellen anlegen<\/h4>\n\n\n\n<p>Die Farbstabilit\u00e4t der einzelnen Maschinen wird kontinuierlich \u00fcberpr\u00fcft. Daf\u00fcr haben wir uns <strong>spezielle Hilfsmittel<\/strong> geschaffen. Diese Farbtafeln werden in regelm\u00e4\u00dfigen Abst\u00e4nden gedruckt und die Einstellwerte der Sonderfarben \u00fcberpr\u00fcft. Sie werden in &#8222;benannten Farbtabellen&#8220; direkt am RIP hinterlegt und k\u00f6nnen bei Bedarf jederzeit editiert werden.<\/p>\n\n\n\n<p class=\"index --technical-terms\">Anschlie\u00dfend werden die gelieferten Druckdaten mit Hilfe einer RIP Software f\u00fcr die jeweilige Druckmaschine verst\u00e4ndlich berechnet. Die auf diesen RIP Servern hinterlegten Sonderfarben-Tabellen sorgen f\u00fcr eine <strong>pr\u00e4zise Farbwiedergabe<\/strong>. Vor allem bei der Reproduktion sensibler Logo- oder Firmenfarben auf unterschiedlichen Materialien sichert diese Option konstante Ergebnisse.<\/p>\n\n\n\n<div class=\"wp-block-columns are-vertically-aligned-center has-infobox-bg-background-color has-background is-layout-flex wp-container-core-columns-is-layout-9d6595d7 wp-block-columns-is-layout-flex\">\n<div class=\"wp-block-column is-vertically-aligned-center is-layout-flow wp-block-column-is-layout-flow\" style=\"flex-basis:10%\"><style>.kt-svg-icons24968_a223a2-81 .kt-svg-item-0 .kb-svg-icon-wrap{color:var(--global-palette4, #2D3748);font-size:50px;}.wp-block-kadence-icon.kt-svg-icons24968_a223a2-81{justify-content:center;}<\/style>\n<div class=\"wp-block-kadence-icon kt-svg-icons kt-svg-icons24968_a223a2-81 alignnone\"><style>.kt-svg-item-24968_535a28-59 .kb-svg-icon-wrap, .kt-svg-style-stacked.kt-svg-item-24968_535a28-59 .kb-svg-icon-wrap{color:rgb(0, 98, 161);font-size:50px;}<\/style>\n<div class=\"wp-block-kadence-single-icon kt-svg-style-default kt-svg-icon-wrap kt-svg-item-24968_535a28-59\"><span class=\"kb-svg-icon-wrap kb-svg-icon-fas_info-circle\"><svg viewBox=\"0 0 512 512\"  fill=\"currentColor\" xmlns=\"http:\/\/www.w3.org\/2000\/svg\"  aria-hidden=\"true\"><path d=\"M256 8C119.043 8 8 119.083 8 256c0 136.997 111.043 248 248 248s248-111.003 248-248C504 119.083 392.957 8 256 8zm0 110c23.196 0 42 18.804 42 42s-18.804 42-42 42-42-18.804-42-42 18.804-42 42-42zm56 254c0 6.627-5.373 12-12 12h-88c-6.627 0-12-5.373-12-12v-24c0-6.627 5.373-12 12-12h12v-64h-12c-6.627 0-12-5.373-12-12v-24c0-6.627 5.373-12 12-12h64c6.627 0 12 5.373 12 12v100h12c6.627 0 12 5.373 12 12v24z\"\/><\/svg><\/span><\/div>\n<\/div>\n<\/div>\n\n\n\n<div class=\"wp-block-column is-vertically-aligned-center is-layout-flow wp-block-column-is-layout-flow\" style=\"flex-basis:90%\">\n<p>Ein <strong>RIP Server <\/strong>(Raster Image Prozessor) ist ein leistungsstarker PC auf dem die eigentliche RIP Software installiert ist. Kaufen kann man diese Software von verschiedenen Herstellern wie z.B. Caldera, ColorGATE, Onyx oder Ergosoft und vielen weiteren. Ganz grob gesagt, wandelt ein RIP die Kundendatei in die Druckersprache um.<\/p>\n<\/div>\n<\/div>\n\n\n\n<p>Wird die gelieferte Kundendatei nun auf dieses System kopiert erfolgt bei uns eine Skalierung vom Ma\u00dfstab 1:10 auf 1:1. Nach der Konvertierung in den entsprechenden Druckerfarbraum landet diese Druckdatei <strong>automatisch<\/strong> an der jeweiligen Druckmaschine, wo wir dann eure sch\u00f6nen Produkte drucken.<\/p>\n\n\n\n<h3 class=\"wp-block-heading\">Kontrolle &#8211; Kontrolle &#8211; Kontrolle<\/h3>\n\n\n\n<p>Zum Schluss habe ich noch ein ganz wichtiges Thema. Ein gutes Farbmanagement ist nur so gut, wenn man es st\u00e4ndig <strong>pflegt und \u00fcberpr\u00fcft<\/strong>. Das hei\u00dft, in regelm\u00e4\u00dfigen Abst\u00e4nden drucken wir kleine Testformen, so genannte Medienkeile, mit auf das Material. Hier kommt auch die <strong>FOGRA<\/strong> wieder ins Spiel. Das Institut erstellt diese Pr\u00fcfmittel und arbeitet auch gern mit Industriekunden zusammen. So entstehen mitunter interessante gemeinsame Projekte. Die Seite <a href=\"https:\/\/fogra.org\/digitaler-textildruck\" title=\"Textildruck bei der Fogra\" target=\"_blank\" rel=\"noreferrer noopener\">Textildruck bei der Fogra<\/a> gibt dar\u00fcber Auskunft.<\/p>\n\n\n\n<div class=\"wp-block-columns are-vertically-aligned-center is-layout-flex wp-container-core-columns-is-layout-9d6595d7 wp-block-columns-is-layout-flex\">\n<div class=\"wp-block-column is-vertically-aligned-center is-layout-flow wp-block-column-is-layout-flow\" style=\"flex-basis:75%\">\n<p><br>Die gedruckten Medienkeile werden mit einem <strong>Spektralphotometer<\/strong> eingemessen und mit Hilfe einer speziellen Software mit dem jeweilgen Standard verglichen. In der Auswertung kann man sehen, ob sich (aus welchen Grund auch immer) die Farbigkeit im Druck ver\u00e4ndert hat oder geblieben ist. Auftretende Farbabweichungen werden in der Farbmetrik mit dem Wert Delta E bezeichnet.<\/p>\n<\/div>\n\n\n\n<div class=\"wp-block-column is-vertically-aligned-center is-layout-flow wp-block-column-is-layout-flow\" style=\"flex-basis:25%\">\n<figure class=\"wp-block-image size-full\"><img loading=\"lazy\" decoding=\"async\" width=\"1000\" height=\"667\" src=\"https:\/\/www.vispronet.de\/blog\/wp-content\/uploads\/Spectralfotometer.jpg\" alt=\"Spectralfotometer\" class=\"wp-image-2427\" srcset=\"https:\/\/www.vispronet.de\/blog\/wp-content\/uploads\/Spectralfotometer.jpg 1000w, https:\/\/www.vispronet.de\/blog\/wp-content\/uploads\/Spectralfotometer-768x512.jpg 768w, https:\/\/www.vispronet.de\/blog\/wp-content\/uploads\/Spectralfotometer-300x200.jpg 300w, https:\/\/www.vispronet.de\/blog\/wp-content\/uploads\/Spectralfotometer-440x293.jpg 440w\" sizes=\"auto, (max-width: 1000px) 100vw, 1000px\" \/><figcaption class=\"wp-element-caption\">Barbieri Spectro LFP qb<\/figcaption><\/figure>\n<\/div>\n<\/div>\n\n\n<div class=\"wp-block-image\">\n<figure class=\"aligncenter size-full\"><a href=\"https:\/\/www.vispronet.de\/blog\/wp-content\/uploads\/10-ueberpruefung.png\" data-rel=\"lightbox-image-7\" data-magnific_type=\"image\" data-rl_title=\"\" data-rl_caption=\"\"><img loading=\"lazy\" decoding=\"async\" width=\"1803\" height=\"1012\" src=\"https:\/\/www.vispronet.de\/blog\/wp-content\/uploads\/10-ueberpruefung.png\" alt=\"\u00dcberpr\u00fcfung mittels Medienkeil\" class=\"wp-image-25008\" title=\"\" srcset=\"https:\/\/www.vispronet.de\/blog\/wp-content\/uploads\/10-ueberpruefung.png 1803w, https:\/\/www.vispronet.de\/blog\/wp-content\/uploads\/10-ueberpruefung-768x431.png 768w, https:\/\/www.vispronet.de\/blog\/wp-content\/uploads\/10-ueberpruefung-1024x575.png 1024w, https:\/\/www.vispronet.de\/blog\/wp-content\/uploads\/10-ueberpruefung-288x162.png 288w, https:\/\/www.vispronet.de\/blog\/wp-content\/uploads\/10-ueberpruefung-300x168.png 300w, https:\/\/www.vispronet.de\/blog\/wp-content\/uploads\/10-ueberpruefung-440x247.png 440w, https:\/\/www.vispronet.de\/blog\/wp-content\/uploads\/10-ueberpruefung-1500x842.png 1500w\" sizes=\"auto, (max-width: 1803px) 100vw, 1803px\" \/><\/a><\/figure>\n<\/div>\n\n\n<p>An dieser Stelle, der \u00dcberpr\u00fcfung der Drucke endete mein Vortrag. Ich hoffe, ich konnte damit dem Fachpublikum und euch Blog-Lesern einen Einblick in die digitale textile Druckwelt geben.<\/p>\n\n\n\n<h2 class=\"wp-block-heading\">Fazit<\/h2>\n\n\n\n<div class=\"wp-block-columns are-vertically-aligned-center is-layout-flex wp-container-core-columns-is-layout-9d6595d7 wp-block-columns-is-layout-flex\">\n<div class=\"wp-block-column is-vertically-aligned-center is-layout-flow wp-block-column-is-layout-flow\" style=\"flex-basis:25%\">\n<figure class=\"wp-block-image size-full\"><img loading=\"lazy\" decoding=\"async\" width=\"1000\" height=\"750\" src=\"https:\/\/www.vispronet.de\/blog\/wp-content\/uploads\/referat-erfolgreich.jpg\" alt=\"Erfolgreiches Referat\" class=\"wp-image-25088\" title=\"\u00a9 Fogra\" srcset=\"https:\/\/www.vispronet.de\/blog\/wp-content\/uploads\/referat-erfolgreich.jpg 1000w, https:\/\/www.vispronet.de\/blog\/wp-content\/uploads\/referat-erfolgreich-768x576.jpg 768w, https:\/\/www.vispronet.de\/blog\/wp-content\/uploads\/referat-erfolgreich-300x225.jpg 300w, https:\/\/www.vispronet.de\/blog\/wp-content\/uploads\/referat-erfolgreich-440x330.jpg 440w\" sizes=\"auto, (max-width: 1000px) 100vw, 1000px\" \/><\/figure>\n<\/div>\n\n\n\n<div class=\"wp-block-column is-vertically-aligned-center is-layout-flow wp-block-column-is-layout-flow\" style=\"flex-basis:75%\">\n<p>An diesem Event teilzunehmen, speziell auch als Referent da aufzutreten, war f\u00fcr mich eine gro\u00dfe Herausforderung aber auch eine Bereicherung.<\/p>\n<\/div>\n<\/div>\n\n\n\n<p>In der Vergangenheit dachte ich immer die Schwierigkeiten, die wir t\u00e4glich stemmen, haben nur die Textildrucker. Aber nun in einem anderen Vortrag auf dieser Veranstaltung wurde \u00fcber das Erstellen eines neuen Designs f\u00fcr Fu\u00dfboden Laminate referiert. Die Entwicklung f\u00fcr ein solches Design dauert circa 1,5 Jahre und das gr\u00f6\u00dfte Problem dabei ist das Licht. Denn bei der Betrachtung des Motivs auf dem Laminat aus unterschiedlichen Blickrichtungen d\u00fcrfen keine unterschiedlichen Farbeindr\u00fccke entstehen. Die unterschiedlichen Lichtverh\u00e4ltnisse von Kunstlicht am Abend, \u00fcber das Sonnenlicht am Tag oder auch an einem grauen Regentag kann <strong>extremen Einfluss<\/strong> auf die farbliche Wiedergabe des Fu\u00dfbodenbelags haben.<\/p>\n\n\n\n<div class=\"wp-block-columns are-vertically-aligned-center is-layout-flex wp-container-core-columns-is-layout-9d6595d7 wp-block-columns-is-layout-flex\">\n<div class=\"wp-block-column is-vertically-aligned-center is-layout-flow wp-block-column-is-layout-flow\" style=\"flex-basis:60%\">\n<p>Bei den von uns eingesetzten Materialien verh\u00e4lt es sich \u00e4hnlich, beispielsweise der Fahne drau\u00dfen am Mast. Wir haben sonnige Tage, bew\u00f6lkten Himmel, aber auch Regentage und immer soll das Firmenlogo im gleichen Farbton erstrahlen, obwohl das Material lichtdurchl\u00e4ssig ist? Das ist wirklich <strong>eine schwierige Aufgabe<\/strong>.<\/p>\n<\/div>\n\n\n\n<div class=\"wp-block-column is-vertically-aligned-center is-layout-flow wp-block-column-is-layout-flow\" style=\"flex-basis:40%\">\n<figure class=\"wp-block-image size-full\"><img loading=\"lazy\" decoding=\"async\" width=\"1000\" height=\"750\" src=\"https:\/\/www.vispronet.de\/blog\/wp-content\/uploads\/fahnen-aussenbereich.jpg\" alt=\"Fahnen im Au\u00dfenbereich\" class=\"wp-image-25172\" srcset=\"https:\/\/www.vispronet.de\/blog\/wp-content\/uploads\/fahnen-aussenbereich.jpg 1000w, https:\/\/www.vispronet.de\/blog\/wp-content\/uploads\/fahnen-aussenbereich-768x576.jpg 768w, https:\/\/www.vispronet.de\/blog\/wp-content\/uploads\/fahnen-aussenbereich-300x225.jpg 300w, https:\/\/www.vispronet.de\/blog\/wp-content\/uploads\/fahnen-aussenbereich-440x330.jpg 440w\" sizes=\"auto, (max-width: 1000px) 100vw, 1000px\" \/><\/figure>\n<\/div>\n<\/div>\n\n\n\n<p>Dar\u00fcber hinaus reflektiert jedes Material das Licht anders und damit nimmt man die Farbe anders wahr. Wenn man dann noch um das Produkt herum l\u00e4uft, entsteht auch durch die verschiedenen Blickwinkel und der \u201e3D Struktur\u201c des Materials eine andere Farbreflexion.<\/p>\n\n\n\n<div class=\"wp-block-columns is-layout-flex wp-container-core-columns-is-layout-9d6595d7 wp-block-columns-is-layout-flex\">\n<div class=\"wp-block-column is-layout-flow wp-block-column-is-layout-flow\" style=\"flex-basis:40%\">\n<figure class=\"wp-block-image size-full\"><img loading=\"lazy\" decoding=\"async\" width=\"1000\" height=\"750\" src=\"https:\/\/www.vispronet.de\/blog\/wp-content\/uploads\/jens-profilbild.jpg\" alt=\"\" class=\"wp-image-25086\" title=\"\u00a9 Sachsen Fahnen GmbH &amp; Co. KG\" srcset=\"https:\/\/www.vispronet.de\/blog\/wp-content\/uploads\/jens-profilbild.jpg 1000w, https:\/\/www.vispronet.de\/blog\/wp-content\/uploads\/jens-profilbild-768x576.jpg 768w, https:\/\/www.vispronet.de\/blog\/wp-content\/uploads\/jens-profilbild-300x225.jpg 300w, https:\/\/www.vispronet.de\/blog\/wp-content\/uploads\/jens-profilbild-440x330.jpg 440w\" sizes=\"auto, (max-width: 1000px) 100vw, 1000px\" \/><\/figure>\n<\/div>\n\n\n\n<div class=\"wp-block-column is-vertically-aligned-center is-layout-flow wp-block-column-is-layout-flow\" style=\"flex-basis:60%\">\n<p>Legt man hohen Wert auf exakte Farbwerte, dann muss man ein <strong>Spektralphotometer<\/strong> verwenden. M\u00f6chte ein Mensch die Farben bestm\u00f6glich betrachten, dann sollte es ein neutraler, grauer Raum ohne Fenster sein, der mit einem speziellen Normlicht beleuchtet wird. Das finden wir leider nie in der Natur, wo unsere Au\u00dfenfahnen zum Einsatz kommen.<\/p>\n<\/div>\n<\/div>\n\n\n\n<p>Farbmanagement ist ein sehr interessantes Thema mit vielen gro\u00dfen Herausforderungen. Es bleibt also immer spannend!<\/p>\n\n\n\n<hr class=\"wp-block-separator has-alpha-channel-opacity\"\/>\n\n\n\n<p>Bilder:<\/p>\n\n\n\n<p>Event-Fotos: zur Verf\u00fcgung gestellt von \u00a9 Fogra<\/p>\n\n\n\n<p>Grafiken\/Fotos zum Vortrag: Jens Deutschmann, \u00a9 Sachsen Fahnen GmbH &amp; Co. KG<\/p>\n","protected":false},"excerpt":{"rendered":"<p>Jedes zweite Jahr veranstaltet die Fogra, das Forschungsinstitut der Druck- und Medienindustrie, das Color Management Symposium CMS. Unser Farbmanagement-Profi Jens durfte in diesem Jahr einen Fachvortrag beisteuern und erz\u00e4hlt Euch von seinen Erfahrungen.<\/p>\n","protected":false},"author":15,"featured_media":25226,"comment_status":"open","ping_status":"open","sticky":false,"template":"","format":"standard","meta":{"footnotes":""},"categories":[63],"tags":[1208,161,1206,163,1204,1214,1212],"class_list":["post-24968","post","type-post","status-publish","format-standard","has-post-thumbnail","hentry","category-insight","tag-color","tag-colormanagement","tag-colour","tag-farbmanagement","tag-fogra","tag-referent","tag-spezialist"],"_links":{"self":[{"href":"https:\/\/www.vispronet.de\/blog\/wp-json\/wp\/v2\/posts\/24968","targetHints":{"allow":["GET"]}}],"collection":[{"href":"https:\/\/www.vispronet.de\/blog\/wp-json\/wp\/v2\/posts"}],"about":[{"href":"https:\/\/www.vispronet.de\/blog\/wp-json\/wp\/v2\/types\/post"}],"author":[{"embeddable":true,"href":"https:\/\/www.vispronet.de\/blog\/wp-json\/wp\/v2\/users\/15"}],"replies":[{"embeddable":true,"href":"https:\/\/www.vispronet.de\/blog\/wp-json\/wp\/v2\/comments?post=24968"}],"version-history":[{"count":74,"href":"https:\/\/www.vispronet.de\/blog\/wp-json\/wp\/v2\/posts\/24968\/revisions"}],"predecessor-version":[{"id":25260,"href":"https:\/\/www.vispronet.de\/blog\/wp-json\/wp\/v2\/posts\/24968\/revisions\/25260"}],"wp:featuredmedia":[{"embeddable":true,"href":"https:\/\/www.vispronet.de\/blog\/wp-json\/wp\/v2\/media\/25226"}],"wp:attachment":[{"href":"https:\/\/www.vispronet.de\/blog\/wp-json\/wp\/v2\/media?parent=24968"}],"wp:term":[{"taxonomy":"category","embeddable":true,"href":"https:\/\/www.vispronet.de\/blog\/wp-json\/wp\/v2\/categories?post=24968"},{"taxonomy":"post_tag","embeddable":true,"href":"https:\/\/www.vispronet.de\/blog\/wp-json\/wp\/v2\/tags?post=24968"}],"curies":[{"name":"wp","href":"https:\/\/api.w.org\/{rel}","templated":true}]}}