{"id":26176,"date":"2025-01-08T10:42:09","date_gmt":"2025-01-08T09:42:09","guid":{"rendered":"https:\/\/www.vispronet.de\/blog\/?p=26176"},"modified":"2025-01-09T15:30:10","modified_gmt":"2025-01-09T14:30:10","slug":"jahresrueckblick-2024","status":"publish","type":"post","link":"https:\/\/www.vispronet.de\/blog\/jahresrueckblick-2024\/","title":{"rendered":"Unser Jahresr\u00fcckblick 2024"},"content":{"rendered":"\n<p>Verr\u00fcckt &#8211; schon wieder ein Jahr vorbei. Diesen Spruch haben wohl viele von uns im Kopf, wenn sie an die letzten 12 Monate denken. Auch in unserem Haus ist wieder eine Menge passiert, lasst uns noch einmal einige Highlights in unserem Jahresr\u00fcckblick 2024 Revue passieren.<\/p>\n\n\n\n<div class=\"wp-block-media-text has-media-on-the-right is-stacked-on-mobile no-border\" style=\"grid-template-columns:auto 31.5%\"><div class=\"wp-block-media-text__content\">\n<h2 class=\"wp-block-heading\">Februar: Gesundheitswoche<\/h2>\n\n\n\n<p>Mit guten Vors\u00e4tzen ins neue Jahr \u2013 das Ph\u00e4nomen kennt ja irgendwie auch jeder. Damit es nicht bei den Vors\u00e4tzen bleibt, bot unsere Gesundheitswoche jede Menge Startpunkte f\u00fcr eine gesunde Lebensweise: vom Power-Spaziergang in der Mittagspause \u00fcber Faszien-Training bis hin zur Arbeitsplatzgymnastik.<\/p>\n<\/div><figure class=\"wp-block-media-text__media\"><a href=\"https:\/\/www.vispronet.de\/blog\/wp-content\/uploads\/mittagspausem-powerrunde.jpg\" data-rel=\"lightbox-image-0\" data-magnific_type=\"image\" data-rl_title=\"\" data-rl_caption=\"\" title=\"\"><img loading=\"lazy\" decoding=\"async\" width=\"1000\" height=\"750\" src=\"https:\/\/www.vispronet.de\/blog\/wp-content\/uploads\/mittagspausem-powerrunde.jpg\" alt=\"Jahresr\u00fcckblick 2024: Power-Spaziergang in der Mittagspause\" class=\"wp-image-26232 size-full\" srcset=\"https:\/\/www.vispronet.de\/blog\/wp-content\/uploads\/mittagspausem-powerrunde.jpg 1000w, https:\/\/www.vispronet.de\/blog\/wp-content\/uploads\/mittagspausem-powerrunde-768x576.jpg 768w, https:\/\/www.vispronet.de\/blog\/wp-content\/uploads\/mittagspausem-powerrunde-300x225.jpg 300w, https:\/\/www.vispronet.de\/blog\/wp-content\/uploads\/mittagspausem-powerrunde-440x330.jpg 440w\" sizes=\"auto, (max-width: 1000px) 100vw, 1000px\" \/><\/a><\/figure><\/div>\n\n\n\n<p>Unterst\u00fctzt wurden wir bei dieser Aktion durch das <a href=\"https:\/\/www.mygym-prime.de\/kamenz\" target=\"_blank\" rel=\"noreferrer noopener\">Kamenzer Fitness-Studio &#8222;MyGym&#8220;<\/a> und die Barmer-Krankenkasse. Als kleinen Gesundheits-Check-Up gab es f\u00fcr unsere Mitarbeitern die M\u00f6glichkeit f\u00fcr einen Balance-Check oder eine K\u00f6rpersubstanzanalyse.<\/p>\n\n\n\n<div class=\"wp-block-columns has-background is-layout-flex wp-container-core-columns-is-layout-9d6595d7 wp-block-columns-is-layout-flex\" style=\"background:linear-gradient(135deg,rgba(202,247,129,0.49) 0%,rgba(114,207,126,0.49) 100%)\">\n<div class=\"wp-block-column is-vertically-aligned-center is-layout-flow wp-block-column-is-layout-flow\" style=\"flex-basis:10%\"><style>.kt-svg-icons26176_3110e9-c1 .kt-svg-item-0 .kb-svg-icon-wrap{color:var(--global-palette4, #2D3748);font-size:50px;}.wp-block-kadence-icon.kt-svg-icons26176_3110e9-c1{justify-content:center;}<\/style>\n<div class=\"wp-block-kadence-icon kt-svg-icons kt-svg-icons26176_3110e9-c1 alignnone\"><style>.kt-svg-item-26176_6783ad-df .kb-svg-icon-wrap, .kt-svg-style-stacked.kt-svg-item-26176_6783ad-df .kb-svg-icon-wrap{color:rgb(121, 181, 28);font-size:50px;}<\/style>\n<div class=\"wp-block-kadence-single-icon kt-svg-style-default kt-svg-icon-wrap kt-svg-item-26176_6783ad-df\"><span class=\"kb-svg-icon-wrap kb-svg-icon-ic_check\"><svg viewBox=\"0 0 8 8\"  fill=\"currentColor\" xmlns=\"http:\/\/www.w3.org\/2000\/svg\"  aria-hidden=\"true\"><path d=\"M6.41 0l-.69.72-2.78 2.78-.81-.78-.72-.72-1.41 1.41.72.72 1.5 1.5.69.72.72-.72 3.5-3.5.72-.72-1.44-1.41z\" transform=\"translate(0 1)\"\/><\/svg><\/span><\/div>\n<\/div>\n<\/div>\n\n\n\n<div class=\"wp-block-column is-vertically-aligned-center is-layout-flow wp-block-column-is-layout-flow\" style=\"flex-basis:90%\">\n<p class=\"has-text-align-center\">Zu einer gesunden Lebensweise geh\u00f6rt nat\u00fcrlich auch schmackhaftes Essen. Mit unserem neuen Partner &#8222;Gourmetta&#8220; steht nun auch t\u00e4glich ein frisch zubereitetes Mittagessen und leckere Salate zur Auswahl. Guten Appetit!<\/p>\n<\/div>\n<\/div>\n\n\n\n<div class=\"wp-block-media-text is-stacked-on-mobile no-border\" style=\"grid-template-columns:32% auto\"><figure class=\"wp-block-media-text__media\"><a href=\"https:\/\/www.vispronet.de\/blog\/wp-content\/uploads\/weiberfastnacht.jpg\" data-rel=\"lightbox-image-1\" data-magnific_type=\"image\" data-rl_title=\"\" data-rl_caption=\"\" title=\"\"><img loading=\"lazy\" decoding=\"async\" width=\"1000\" height=\"750\" src=\"https:\/\/www.vispronet.de\/blog\/wp-content\/uploads\/weiberfastnacht.jpg\" alt=\"Weiberfastnacht beim Gesch\u00e4ftsf\u00fchrer\" class=\"wp-image-26236 size-full\" srcset=\"https:\/\/www.vispronet.de\/blog\/wp-content\/uploads\/weiberfastnacht.jpg 1000w, https:\/\/www.vispronet.de\/blog\/wp-content\/uploads\/weiberfastnacht-768x576.jpg 768w, https:\/\/www.vispronet.de\/blog\/wp-content\/uploads\/weiberfastnacht-300x225.jpg 300w, https:\/\/www.vispronet.de\/blog\/wp-content\/uploads\/weiberfastnacht-440x330.jpg 440w\" sizes=\"auto, (max-width: 1000px) 100vw, 1000px\" \/><\/a><\/figure><div class=\"wp-block-media-text__content\">\n<h2 class=\"wp-block-heading\">Februar: Helau und Alaaf<\/h2>\n\n\n\n<p>Wer schleicht denn da ins Chef-B\u00fcro? Zur Weiberfastnacht hatten sich unsere Azubis Fiona und Scala mit der obligatorischen Schere bewaffnet. Da unser Gesch\u00e4ftsf\u00fchrer legere Kleidung bevorzugt, musste statt einer Krawatte dieses Mal kurzerhand sein Pullover dran glauben.<\/p>\n<\/div><\/div>\n\n\n\n<hr class=\"wp-block-separator has-alpha-channel-opacity is-style-default\"\/>\n\n\n\n<div class=\"wp-block-group has-infobox-bg-background-color has-background\"><div class=\"wp-block-group__inner-container is-layout-constrained wp-block-group-is-layout-constrained\">\n<h2 class=\"wp-block-heading\">Produktneuheiten 2024<\/h2>\n\n\n<style>.wp-block-kadence-advancedgallery.kb-gallery-wrap-id-26176_b44fc7-9f{overflow:hidden;}.kb-gallery-id-26176_b44fc7-9f .kadence-blocks-gallery-item .kb-gal-image-radius, .kb-gallery-id-26176_b44fc7-9f .kb-slide-item .kb-gal-image-radius img{border-radius:0px 0px 0px 0px;;}.kb-gallery-id-26176_b44fc7-9f .kadence-blocks-gallery-item .kadence-blocks-gallery-item-inner .kadence-blocks-gallery-item__caption{font-size:var(--global-kb-font-size-sm, 0.9rem);font-weight:bold;color:rgb(255, 255, 255);}.kb-gallery-caption-style-bottom.kb-gallery-id-26176_b44fc7-9f .kadence-blocks-gallery-item .kadence-blocks-gallery-item-inner .kadence-blocks-gallery-item__caption, .kb-gallery-caption-style-bottom-hover.kb-gallery-id-26176_b44fc7-9f .kadence-blocks-gallery-item .kadence-blocks-gallery-item-inner .kadence-blocks-gallery-item__caption{background:linear-gradient(0deg, rgb(49, 49, 49) 0, rgba(0, 0, 0, 0) 100%);}.kb-gallery-wrap-id-26176_b44fc7-9f.wp-block-kadence-advancedgallery{overflow:visible;}.kb-gallery-wrap-id-26176_b44fc7-9f.wp-block-kadence-advancedgallery .kt-blocks-carousel{overflow:visible;}<\/style><div class=\"kb-gallery-wrap-id-26176_b44fc7-9f alignnone wp-block-kadence-advancedgallery\"><div class=\"kb-gallery-ul kb-gallery-non-static kb-gallery-type-carousel kb-gallery-id-26176_b44fc7-9f kb-gallery-caption-style-bottom kb-gallery-filter-none\" data-image-filter=\"none\" data-lightbox-caption=\"true\"><div class=\"kt-blocks-carousel splide kt-carousel-container-dotstyle-dark kt-carousel-arrowstyle-whiteondark kt-carousel-dotstyle-dark kb-slider-group-arrow kb-slider-arrow-position-center\" data-columns-xxl=\"4\" data-columns-xl=\"4\" data-columns-md=\"4\" data-columns-sm=\"3\" data-columns-xs=\"2\" data-columns-ss=\"2\" data-slider-anim-speed=\"400\" data-slider-scroll=\"1\" data-slider-arrows=\"true\" data-slider-dots=\"true\" data-slider-hover-pause=\"false\" data-slider-auto=\"\" data-slider-speed=\"7000\" data-slider-gap=\"10px\" data-slider-gap-tablet=\"5px\" data-slider-gap-mobile=\"5px\" data-show-pause-button=\"false\" data-slider-label=\"Photo Gallery Carousel\"><div class=\"splide__track\"><ul class=\"kt-blocks-carousel-init kb-gallery-carousel splide__list\"><li class=\"kb-slide-item kb-gallery-carousel-item splide__slide\"><div class=\"kadence-blocks-gallery-item\"><div class=\"kadence-blocks-gallery-item-inner\"><figure class=\"kb-gallery-figure kb-gallery-item-has-link kadence-blocks-gallery-item-has-caption\"><a href=\"\/fahnen-masten\/tischaufsteller\/fotoaufsteller\/\" class=\"kb-gallery-item-link\" target=\"_blank\" rel=\"noopener noreferrer\"><div class=\"kb-gal-image-radius\"><div class=\"kb-gallery-image-contain kadence-blocks-gallery-intrinsic kb-gallery-image-ratio-square kb-has-image-ratio-square\" ><img loading=\"lazy\" decoding=\"async\" src=\"data:image\/svg+xml,%3Csvg%20xmlns='http:\/\/www.w3.org\/2000\/svg'%20viewBox='0%200%201000%20667'%3E%3C\/svg%3E\"  data-splide-lazy=\"https:\/\/www.vispronet.de\/blog\/wp-content\/uploads\/tischaufsteller-acrylglas-a4-querformat-weissdruck-vollflaechig-1024x1024.jpg\" width=\"1024\" height=\"1024\" alt=\"Fotoaufsteller\" data-full-image=\"https:\/\/www.vispronet.de\/blog\/wp-content\/uploads\/tischaufsteller-acrylglas-a4-querformat-weissdruck-vollflaechig.jpg\" data-light-image=\"https:\/\/www.vispronet.de\/blog\/wp-content\/uploads\/tischaufsteller-acrylglas-a4-querformat-weissdruck-vollflaechig.jpg\" data-splide-lazy-srcset=\"https:\/\/www.vispronet.de\/blog\/wp-content\/uploads\/tischaufsteller-acrylglas-a4-querformat-weissdruck-vollflaechig-1024x1024.jpg 1024w, https:\/\/www.vispronet.de\/blog\/wp-content\/uploads\/tischaufsteller-acrylglas-a4-querformat-weissdruck-vollflaechig-768x768.jpg 768w, https:\/\/www.vispronet.de\/blog\/wp-content\/uploads\/tischaufsteller-acrylglas-a4-querformat-weissdruck-vollflaechig-150x150.jpg 150w, https:\/\/www.vispronet.de\/blog\/wp-content\/uploads\/tischaufsteller-acrylglas-a4-querformat-weissdruck-vollflaechig-300x300.jpg 300w, https:\/\/www.vispronet.de\/blog\/wp-content\/uploads\/tischaufsteller-acrylglas-a4-querformat-weissdruck-vollflaechig-440x440.jpg 440w, https:\/\/www.vispronet.de\/blog\/wp-content\/uploads\/tischaufsteller-acrylglas-a4-querformat-weissdruck-vollflaechig-1500x1500.jpg 1500w, https:\/\/www.vispronet.de\/blog\/wp-content\/uploads\/tischaufsteller-acrylglas-a4-querformat-weissdruck-vollflaechig.jpg 1600w\" sizes=\"auto, (max-width: 1024px) 100vw, 1024px\"data-id=\"26340\" class=\"wp-image-26340 skip-lazy\"\/><\/div><div class=\"kadence-blocks-gallery-item__caption\">Fotoaufsteller &gt;&gt;<\/div><\/div><\/a><\/figure><\/div><\/div><\/li><li class=\"kb-slide-item kb-gallery-carousel-item splide__slide\"><div class=\"kadence-blocks-gallery-item\"><div class=\"kadence-blocks-gallery-item-inner\"><figure class=\"kb-gallery-figure kb-gallery-item-has-link kadence-blocks-gallery-item-has-caption\"><a href=\"\/eventausstattung-freizeit\/sitzelemente\/wuerfel-zylinder\/flatcube\/\" class=\"kb-gallery-item-link\" target=\"_blank\" rel=\"noopener noreferrer\"><div class=\"kb-gal-image-radius\"><div class=\"kb-gallery-image-contain kadence-blocks-gallery-intrinsic kb-gallery-image-ratio-square kb-has-image-ratio-square\" ><img loading=\"lazy\" decoding=\"async\" src=\"data:image\/svg+xml,%3Csvg%20xmlns='http:\/\/www.w3.org\/2000\/svg'%20viewBox='0%200%201000%20667'%3E%3C\/svg%3E\"  data-splide-lazy=\"https:\/\/www.vispronet.de\/blog\/wp-content\/uploads\/flatcube-mit-husse-1024x1024.jpg\" width=\"1024\" height=\"1024\" alt=\"Flatcube mit Husse\" data-full-image=\"https:\/\/www.vispronet.de\/blog\/wp-content\/uploads\/flatcube-mit-husse.jpg\" data-light-image=\"https:\/\/www.vispronet.de\/blog\/wp-content\/uploads\/flatcube-mit-husse.jpg\" data-splide-lazy-srcset=\"https:\/\/www.vispronet.de\/blog\/wp-content\/uploads\/flatcube-mit-husse-1024x1024.jpg 1024w, https:\/\/www.vispronet.de\/blog\/wp-content\/uploads\/flatcube-mit-husse-768x768.jpg 768w, https:\/\/www.vispronet.de\/blog\/wp-content\/uploads\/flatcube-mit-husse-150x150.jpg 150w, https:\/\/www.vispronet.de\/blog\/wp-content\/uploads\/flatcube-mit-husse-300x300.jpg 300w, https:\/\/www.vispronet.de\/blog\/wp-content\/uploads\/flatcube-mit-husse-440x440.jpg 440w, https:\/\/www.vispronet.de\/blog\/wp-content\/uploads\/flatcube-mit-husse-1500x1500.jpg 1500w, https:\/\/www.vispronet.de\/blog\/wp-content\/uploads\/flatcube-mit-husse.jpg 1600w\" sizes=\"auto, (max-width: 1024px) 100vw, 1024px\"data-id=\"26326\" class=\"wp-image-26326 skip-lazy\"\/><\/div><div class=\"kadence-blocks-gallery-item__caption\">Flatcube mit Husse &gt;&gt;<\/div><\/div><\/a><\/figure><\/div><\/div><\/li><li class=\"kb-slide-item kb-gallery-carousel-item splide__slide\"><div class=\"kadence-blocks-gallery-item\"><div class=\"kadence-blocks-gallery-item-inner\"><figure class=\"kb-gallery-figure kb-gallery-item-has-link kadence-blocks-gallery-item-has-caption\"><a href=\"\/eventausstattung-freizeit\/sitzelemente\/liegestuehle\/doppelliegestuhle-holz-ohne-armlehne\/\" class=\"kb-gallery-item-link\" target=\"_blank\" rel=\"noopener noreferrer\"><div class=\"kb-gal-image-radius\"><div class=\"kb-gallery-image-contain kadence-blocks-gallery-intrinsic kb-gallery-image-ratio-square kb-has-image-ratio-square\" ><img loading=\"lazy\" decoding=\"async\" src=\"data:image\/svg+xml,%3Csvg%20xmlns='http:\/\/www.w3.org\/2000\/svg'%20viewBox='0%200%201000%20667'%3E%3C\/svg%3E\"  data-splide-lazy=\"https:\/\/www.vispronet.de\/blog\/wp-content\/uploads\/doppelliegestuhl-einteilig-textil-1024x1024.jpg\" width=\"1024\" height=\"1024\" alt=\"bedruckter Doppelliegestuhl\" data-full-image=\"https:\/\/www.vispronet.de\/blog\/wp-content\/uploads\/doppelliegestuhl-einteilig-textil.jpg\" data-light-image=\"https:\/\/www.vispronet.de\/blog\/wp-content\/uploads\/doppelliegestuhl-einteilig-textil.jpg\" data-splide-lazy-srcset=\"https:\/\/www.vispronet.de\/blog\/wp-content\/uploads\/doppelliegestuhl-einteilig-textil-1024x1024.jpg 1024w, https:\/\/www.vispronet.de\/blog\/wp-content\/uploads\/doppelliegestuhl-einteilig-textil-768x768.jpg 768w, https:\/\/www.vispronet.de\/blog\/wp-content\/uploads\/doppelliegestuhl-einteilig-textil-150x150.jpg 150w, https:\/\/www.vispronet.de\/blog\/wp-content\/uploads\/doppelliegestuhl-einteilig-textil-300x300.jpg 300w, https:\/\/www.vispronet.de\/blog\/wp-content\/uploads\/doppelliegestuhl-einteilig-textil-440x440.jpg 440w, https:\/\/www.vispronet.de\/blog\/wp-content\/uploads\/doppelliegestuhl-einteilig-textil-1500x1500.jpg 1500w, https:\/\/www.vispronet.de\/blog\/wp-content\/uploads\/doppelliegestuhl-einteilig-textil.jpg 1600w\" sizes=\"auto, (max-width: 1024px) 100vw, 1024px\"data-id=\"26322\" class=\"wp-image-26322 skip-lazy\"\/><\/div><div class=\"kadence-blocks-gallery-item__caption\">Doppelliegestuhl &gt;&gt;<\/div><\/div><\/a><\/figure><\/div><\/div><\/li><li class=\"kb-slide-item kb-gallery-carousel-item splide__slide\"><div class=\"kadence-blocks-gallery-item\"><div class=\"kadence-blocks-gallery-item-inner\"><figure class=\"kb-gallery-figure kb-gallery-item-has-link kadence-blocks-gallery-item-has-caption\"><a href=\"\/eventausstattung-freizeit\/wohnen-lifestyle\/fotokissen\/\" class=\"kb-gallery-item-link\" target=\"_blank\" rel=\"noopener noreferrer\"><div class=\"kb-gal-image-radius\"><div class=\"kb-gallery-image-contain kadence-blocks-gallery-intrinsic kb-gallery-image-ratio-square kb-has-image-ratio-square\" ><img loading=\"lazy\" decoding=\"async\" src=\"data:image\/svg+xml,%3Csvg%20xmlns='http:\/\/www.w3.org\/2000\/svg'%20viewBox='0%200%201000%20667'%3E%3C\/svg%3E\"  data-splide-lazy=\"https:\/\/www.vispronet.de\/blog\/wp-content\/uploads\/fotokissen-doppelseitig-1024x1024.jpg\" width=\"1024\" height=\"1024\" alt=\"Fotokissen\" data-full-image=\"https:\/\/www.vispronet.de\/blog\/wp-content\/uploads\/fotokissen-doppelseitig.jpg\" data-light-image=\"https:\/\/www.vispronet.de\/blog\/wp-content\/uploads\/fotokissen-doppelseitig.jpg\" data-splide-lazy-srcset=\"https:\/\/www.vispronet.de\/blog\/wp-content\/uploads\/fotokissen-doppelseitig-1024x1024.jpg 1024w, https:\/\/www.vispronet.de\/blog\/wp-content\/uploads\/fotokissen-doppelseitig-768x768.jpg 768w, https:\/\/www.vispronet.de\/blog\/wp-content\/uploads\/fotokissen-doppelseitig-150x150.jpg 150w, https:\/\/www.vispronet.de\/blog\/wp-content\/uploads\/fotokissen-doppelseitig-300x300.jpg 300w, https:\/\/www.vispronet.de\/blog\/wp-content\/uploads\/fotokissen-doppelseitig-440x440.jpg 440w, https:\/\/www.vispronet.de\/blog\/wp-content\/uploads\/fotokissen-doppelseitig-1500x1500.jpg 1500w, https:\/\/www.vispronet.de\/blog\/wp-content\/uploads\/fotokissen-doppelseitig.jpg 1600w\" sizes=\"auto, (max-width: 1024px) 100vw, 1024px\"data-id=\"26328\" class=\"wp-image-26328 skip-lazy\"\/><\/div><div class=\"kadence-blocks-gallery-item__caption\">Fotokissen &gt;&gt;<\/div><\/div><\/a><\/figure><\/div><\/div><\/li><li class=\"kb-slide-item kb-gallery-carousel-item splide__slide\"><div class=\"kadence-blocks-gallery-item\"><div class=\"kadence-blocks-gallery-item-inner\"><figure class=\"kb-gallery-figure kb-gallery-item-has-link kadence-blocks-gallery-item-has-caption\"><a href=\"\/eventausstattung-freizeit\/wohnen-lifestyle\/fotobettwaesche\/\" class=\"kb-gallery-item-link\" target=\"_blank\" rel=\"noopener noreferrer\"><div class=\"kb-gal-image-radius\"><div class=\"kb-gallery-image-contain kadence-blocks-gallery-intrinsic kb-gallery-image-ratio-square kb-has-image-ratio-square\" ><img loading=\"lazy\" decoding=\"async\" src=\"data:image\/svg+xml,%3Csvg%20xmlns='http:\/\/www.w3.org\/2000\/svg'%20viewBox='0%200%201000%20667'%3E%3C\/svg%3E\"  data-splide-lazy=\"https:\/\/www.vispronet.de\/blog\/wp-content\/uploads\/04-fotobettwaesche-beidseitig-mit-eigenem-motiv-bedruckt-1024x1024.jpg\" width=\"1024\" height=\"1024\" alt=\"Fotobettw\u00e4sche individuell bedruckt\" data-full-image=\"https:\/\/www.vispronet.de\/blog\/wp-content\/uploads\/04-fotobettwaesche-beidseitig-mit-eigenem-motiv-bedruckt.jpg\" data-light-image=\"https:\/\/www.vispronet.de\/blog\/wp-content\/uploads\/04-fotobettwaesche-beidseitig-mit-eigenem-motiv-bedruckt.jpg\" data-splide-lazy-srcset=\"https:\/\/www.vispronet.de\/blog\/wp-content\/uploads\/04-fotobettwaesche-beidseitig-mit-eigenem-motiv-bedruckt-1024x1024.jpg 1024w, https:\/\/www.vispronet.de\/blog\/wp-content\/uploads\/04-fotobettwaesche-beidseitig-mit-eigenem-motiv-bedruckt-768x768.jpg 768w, https:\/\/www.vispronet.de\/blog\/wp-content\/uploads\/04-fotobettwaesche-beidseitig-mit-eigenem-motiv-bedruckt-150x150.jpg 150w, https:\/\/www.vispronet.de\/blog\/wp-content\/uploads\/04-fotobettwaesche-beidseitig-mit-eigenem-motiv-bedruckt-300x300.jpg 300w, https:\/\/www.vispronet.de\/blog\/wp-content\/uploads\/04-fotobettwaesche-beidseitig-mit-eigenem-motiv-bedruckt-440x440.jpg 440w, https:\/\/www.vispronet.de\/blog\/wp-content\/uploads\/04-fotobettwaesche-beidseitig-mit-eigenem-motiv-bedruckt-1500x1500.jpg 1500w, https:\/\/www.vispronet.de\/blog\/wp-content\/uploads\/04-fotobettwaesche-beidseitig-mit-eigenem-motiv-bedruckt.jpg 1600w\" sizes=\"auto, (max-width: 1024px) 100vw, 1024px\"data-id=\"26320\" class=\"wp-image-26320 skip-lazy\"\/><\/div><div class=\"kadence-blocks-gallery-item__caption\">Fotobettw\u00e4sche &gt;&gt;<\/div><\/div><\/a><\/figure><\/div><\/div><\/li><li class=\"kb-slide-item kb-gallery-carousel-item splide__slide\"><div class=\"kadence-blocks-gallery-item\"><div class=\"kadence-blocks-gallery-item-inner\"><figure class=\"kb-gallery-figure kb-gallery-item-has-link kadence-blocks-gallery-item-has-caption\"><a href=\"\/eventausstattung-freizeit\/sitzelemente\/wuerfel-zylinder\/papphocker-mit-bedruckter-husse\/\" class=\"kb-gallery-item-link\" target=\"_blank\" rel=\"noopener noreferrer\"><div class=\"kb-gal-image-radius\"><div class=\"kb-gallery-image-contain kadence-blocks-gallery-intrinsic kb-gallery-image-ratio-square kb-has-image-ratio-square\" ><img loading=\"lazy\" decoding=\"async\" src=\"data:image\/svg+xml,%3Csvg%20xmlns='http:\/\/www.w3.org\/2000\/svg'%20viewBox='0%200%201000%20667'%3E%3C\/svg%3E\"  data-splide-lazy=\"https:\/\/www.vispronet.de\/blog\/wp-content\/uploads\/papphocker-mit-husse-1024x1024.jpg\" width=\"1024\" height=\"1024\" alt=\"Papphocker mit individuell bedruckter Husse\" data-full-image=\"https:\/\/www.vispronet.de\/blog\/wp-content\/uploads\/papphocker-mit-husse.jpg\" data-light-image=\"https:\/\/www.vispronet.de\/blog\/wp-content\/uploads\/papphocker-mit-husse.jpg\" data-splide-lazy-srcset=\"https:\/\/www.vispronet.de\/blog\/wp-content\/uploads\/papphocker-mit-husse-1024x1024.jpg 1024w, https:\/\/www.vispronet.de\/blog\/wp-content\/uploads\/papphocker-mit-husse-768x768.jpg 768w, https:\/\/www.vispronet.de\/blog\/wp-content\/uploads\/papphocker-mit-husse-150x150.jpg 150w, https:\/\/www.vispronet.de\/blog\/wp-content\/uploads\/papphocker-mit-husse-300x300.jpg 300w, https:\/\/www.vispronet.de\/blog\/wp-content\/uploads\/papphocker-mit-husse-440x440.jpg 440w, https:\/\/www.vispronet.de\/blog\/wp-content\/uploads\/papphocker-mit-husse-1500x1500.jpg 1500w, https:\/\/www.vispronet.de\/blog\/wp-content\/uploads\/papphocker-mit-husse.jpg 1600w\" sizes=\"auto, (max-width: 1024px) 100vw, 1024px\"data-id=\"26338\" class=\"wp-image-26338 skip-lazy\"\/><\/div><div class=\"kadence-blocks-gallery-item__caption\">Papphocker mit Husse &gt;&gt;<\/div><\/div><\/a><\/figure><\/div><\/div><\/li><li class=\"kb-slide-item kb-gallery-carousel-item splide__slide\"><div class=\"kadence-blocks-gallery-item\"><div class=\"kadence-blocks-gallery-item-inner\"><figure class=\"kb-gallery-figure kb-gallery-item-has-link kadence-blocks-gallery-item-has-caption\"><a href=\"\/werbetechnik\/leuchtrahmen\/messesystem-lightbox-flex\/lightbox-messewand-flex-curved\/\" class=\"kb-gallery-item-link\" target=\"_blank\" rel=\"noopener noreferrer\"><div class=\"kb-gal-image-radius\"><div class=\"kb-gallery-image-contain kadence-blocks-gallery-intrinsic kb-gallery-image-ratio-square kb-has-image-ratio-square\" ><img loading=\"lazy\" decoding=\"async\" src=\"data:image\/svg+xml,%3Csvg%20xmlns='http:\/\/www.w3.org\/2000\/svg'%20viewBox='0%200%201000%20667'%3E%3C\/svg%3E\"  data-splide-lazy=\"https:\/\/www.vispronet.de\/blog\/wp-content\/uploads\/messewand-lightbox-curved-flex-3m-beleuchtet-1024x1024.jpg\" width=\"1024\" height=\"1024\" alt=\"Messewand Lighbox flex gebogen\" data-full-image=\"https:\/\/www.vispronet.de\/blog\/wp-content\/uploads\/messewand-lightbox-curved-flex-3m-beleuchtet.jpg\" data-light-image=\"https:\/\/www.vispronet.de\/blog\/wp-content\/uploads\/messewand-lightbox-curved-flex-3m-beleuchtet.jpg\" data-splide-lazy-srcset=\"https:\/\/www.vispronet.de\/blog\/wp-content\/uploads\/messewand-lightbox-curved-flex-3m-beleuchtet-1024x1024.jpg 1024w, https:\/\/www.vispronet.de\/blog\/wp-content\/uploads\/messewand-lightbox-curved-flex-3m-beleuchtet-768x768.jpg 768w, https:\/\/www.vispronet.de\/blog\/wp-content\/uploads\/messewand-lightbox-curved-flex-3m-beleuchtet-150x150.jpg 150w, https:\/\/www.vispronet.de\/blog\/wp-content\/uploads\/messewand-lightbox-curved-flex-3m-beleuchtet-300x300.jpg 300w, https:\/\/www.vispronet.de\/blog\/wp-content\/uploads\/messewand-lightbox-curved-flex-3m-beleuchtet-440x440.jpg 440w, https:\/\/www.vispronet.de\/blog\/wp-content\/uploads\/messewand-lightbox-curved-flex-3m-beleuchtet-1500x1500.jpg 1500w, https:\/\/www.vispronet.de\/blog\/wp-content\/uploads\/messewand-lightbox-curved-flex-3m-beleuchtet.jpg 1600w\" sizes=\"auto, (max-width: 1024px) 100vw, 1024px\"data-id=\"26336\" class=\"wp-image-26336 skip-lazy\"\/><\/div><div class=\"kadence-blocks-gallery-item__caption\">Messewand Lightbox flex gebogen &gt;&gt;<\/div><\/div><\/a><\/figure><\/div><\/div><\/li><li class=\"kb-slide-item kb-gallery-carousel-item splide__slide\"><div class=\"kadence-blocks-gallery-item\"><div class=\"kadence-blocks-gallery-item-inner\"><figure class=\"kb-gallery-figure kb-gallery-item-has-link kadence-blocks-gallery-item-has-caption\"><a href=\"\/werbetechnik\/leuchtrahmen\/messesystem-lightbox-flex\/messetheke-lightbox-flex-basic\/\" class=\"kb-gallery-item-link\" target=\"_blank\" rel=\"noopener noreferrer\"><div class=\"kb-gal-image-radius\"><div class=\"kb-gallery-image-contain kadence-blocks-gallery-intrinsic kb-gallery-image-ratio-square kb-has-image-ratio-square\" ><img loading=\"lazy\" decoding=\"async\" src=\"data:image\/svg+xml,%3Csvg%20xmlns='http:\/\/www.w3.org\/2000\/svg'%20viewBox='0%200%201000%20667'%3E%3C\/svg%3E\"  data-splide-lazy=\"https:\/\/www.vispronet.de\/blog\/wp-content\/uploads\/lightbox-messetheke-basic-flex-mit-frau-1024x1024.jpg\" width=\"1024\" height=\"1024\" alt=\"Messetheke Lightbox flex\" data-full-image=\"https:\/\/www.vispronet.de\/blog\/wp-content\/uploads\/lightbox-messetheke-basic-flex-mit-frau.jpg\" data-light-image=\"https:\/\/www.vispronet.de\/blog\/wp-content\/uploads\/lightbox-messetheke-basic-flex-mit-frau.jpg\" data-splide-lazy-srcset=\"https:\/\/www.vispronet.de\/blog\/wp-content\/uploads\/lightbox-messetheke-basic-flex-mit-frau-1024x1024.jpg 1024w, https:\/\/www.vispronet.de\/blog\/wp-content\/uploads\/lightbox-messetheke-basic-flex-mit-frau-768x768.jpg 768w, https:\/\/www.vispronet.de\/blog\/wp-content\/uploads\/lightbox-messetheke-basic-flex-mit-frau-150x150.jpg 150w, https:\/\/www.vispronet.de\/blog\/wp-content\/uploads\/lightbox-messetheke-basic-flex-mit-frau-300x300.jpg 300w, https:\/\/www.vispronet.de\/blog\/wp-content\/uploads\/lightbox-messetheke-basic-flex-mit-frau-440x440.jpg 440w, https:\/\/www.vispronet.de\/blog\/wp-content\/uploads\/lightbox-messetheke-basic-flex-mit-frau-1500x1500.jpg 1500w, https:\/\/www.vispronet.de\/blog\/wp-content\/uploads\/lightbox-messetheke-basic-flex-mit-frau.jpg 1600w\" sizes=\"auto, (max-width: 1024px) 100vw, 1024px\"data-id=\"26334\" class=\"wp-image-26334 skip-lazy\"\/><\/div><div class=\"kadence-blocks-gallery-item__caption\">Messetheke Lightbox flex &gt;&gt;<\/div><\/div><\/a><\/figure><\/div><\/div><\/li><li class=\"kb-slide-item kb-gallery-carousel-item splide__slide\"><div class=\"kadence-blocks-gallery-item\"><div class=\"kadence-blocks-gallery-item-inner\"><figure class=\"kb-gallery-figure kb-gallery-item-has-link kadence-blocks-gallery-item-has-caption\"><a href=\"\/werbetechnik\/messewand\/kederrahmen-flex-messewand\/\" class=\"kb-gallery-item-link\" target=\"_blank\" rel=\"noopener noreferrer\"><div class=\"kb-gal-image-radius\"><div class=\"kb-gallery-image-contain kadence-blocks-gallery-intrinsic kb-gallery-image-ratio-square kb-has-image-ratio-square\" ><img loading=\"lazy\" decoding=\"async\" src=\"data:image\/svg+xml,%3Csvg%20xmlns='http:\/\/www.w3.org\/2000\/svg'%20viewBox='0%200%201000%20667'%3E%3C\/svg%3E\"  data-splide-lazy=\"https:\/\/www.vispronet.de\/blog\/wp-content\/uploads\/kederrahmen-flex-200x250-druckteil-1024x1024.jpg\" width=\"1024\" height=\"1024\" alt=\"Messewand Kederrahmen Flex\" data-full-image=\"https:\/\/www.vispronet.de\/blog\/wp-content\/uploads\/kederrahmen-flex-200x250-druckteil.jpg\" data-light-image=\"https:\/\/www.vispronet.de\/blog\/wp-content\/uploads\/kederrahmen-flex-200x250-druckteil.jpg\" data-splide-lazy-srcset=\"https:\/\/www.vispronet.de\/blog\/wp-content\/uploads\/kederrahmen-flex-200x250-druckteil-1024x1024.jpg 1024w, https:\/\/www.vispronet.de\/blog\/wp-content\/uploads\/kederrahmen-flex-200x250-druckteil-768x768.jpg 768w, https:\/\/www.vispronet.de\/blog\/wp-content\/uploads\/kederrahmen-flex-200x250-druckteil-150x150.jpg 150w, https:\/\/www.vispronet.de\/blog\/wp-content\/uploads\/kederrahmen-flex-200x250-druckteil-300x300.jpg 300w, https:\/\/www.vispronet.de\/blog\/wp-content\/uploads\/kederrahmen-flex-200x250-druckteil-440x440.jpg 440w, https:\/\/www.vispronet.de\/blog\/wp-content\/uploads\/kederrahmen-flex-200x250-druckteil-1500x1500.jpg 1500w, https:\/\/www.vispronet.de\/blog\/wp-content\/uploads\/kederrahmen-flex-200x250-druckteil.jpg 1600w\" sizes=\"auto, (max-width: 1024px) 100vw, 1024px\"data-id=\"26332\" class=\"wp-image-26332 skip-lazy\"\/><\/div><div class=\"kadence-blocks-gallery-item__caption\">Kederrahmen flex &gt;&gt;<\/div><\/div><\/a><\/figure><\/div><\/div><\/li><li class=\"kb-slide-item kb-gallery-carousel-item splide__slide\"><div class=\"kadence-blocks-gallery-item\"><div class=\"kadence-blocks-gallery-item-inner\"><figure class=\"kb-gallery-figure kb-gallery-item-has-link kadence-blocks-gallery-item-has-caption\"><a href=\"\/werbetechnik\/roll-up-display-systeme\/kederdisplay-flex\/\" class=\"kb-gallery-item-link\" target=\"_blank\" rel=\"noopener noreferrer\"><div class=\"kb-gal-image-radius\"><div class=\"kb-gallery-image-contain kadence-blocks-gallery-intrinsic kb-gallery-image-ratio-square kb-has-image-ratio-square\" ><img loading=\"lazy\" decoding=\"async\" src=\"data:image\/svg+xml,%3Csvg%20xmlns='http:\/\/www.w3.org\/2000\/svg'%20viewBox='0%200%201000%20667'%3E%3C\/svg%3E\"  data-splide-lazy=\"https:\/\/www.vispronet.de\/blog\/wp-content\/uploads\/kederdisplay-200x250-druckteil-1024x1024.jpg\" width=\"1024\" height=\"1024\" alt=\"Kederdisplay Flex\" data-full-image=\"https:\/\/www.vispronet.de\/blog\/wp-content\/uploads\/kederdisplay-200x250-druckteil.jpg\" data-light-image=\"https:\/\/www.vispronet.de\/blog\/wp-content\/uploads\/kederdisplay-200x250-druckteil.jpg\" data-splide-lazy-srcset=\"https:\/\/www.vispronet.de\/blog\/wp-content\/uploads\/kederdisplay-200x250-druckteil-1024x1024.jpg 1024w, https:\/\/www.vispronet.de\/blog\/wp-content\/uploads\/kederdisplay-200x250-druckteil-768x768.jpg 768w, https:\/\/www.vispronet.de\/blog\/wp-content\/uploads\/kederdisplay-200x250-druckteil-150x150.jpg 150w, https:\/\/www.vispronet.de\/blog\/wp-content\/uploads\/kederdisplay-200x250-druckteil-300x300.jpg 300w, https:\/\/www.vispronet.de\/blog\/wp-content\/uploads\/kederdisplay-200x250-druckteil-440x440.jpg 440w, https:\/\/www.vispronet.de\/blog\/wp-content\/uploads\/kederdisplay-200x250-druckteil-1500x1500.jpg 1500w, https:\/\/www.vispronet.de\/blog\/wp-content\/uploads\/kederdisplay-200x250-druckteil.jpg 1600w\" sizes=\"auto, (max-width: 1024px) 100vw, 1024px\"data-id=\"26330\" class=\"wp-image-26330 skip-lazy\"\/><\/div><div class=\"kadence-blocks-gallery-item__caption\">Kederdisplay flex &gt;&gt;<\/div><\/div><\/a><\/figure><\/div><\/div><\/li><li class=\"kb-slide-item kb-gallery-carousel-item splide__slide\"><div class=\"kadence-blocks-gallery-item\"><div class=\"kadence-blocks-gallery-item-inner\"><figure class=\"kb-gallery-figure kb-gallery-item-has-link kadence-blocks-gallery-item-has-caption\"><a href=\"\/pavillon-zelt\/faltzelt-premium\/\" class=\"kb-gallery-item-link\" target=\"_blank\" rel=\"noopener noreferrer\"><div class=\"kb-gal-image-radius\"><div class=\"kb-gallery-image-contain kadence-blocks-gallery-intrinsic kb-gallery-image-ratio-square kb-has-image-ratio-square\" ><img loading=\"lazy\" decoding=\"async\" src=\"data:image\/svg+xml,%3Csvg%20xmlns='http:\/\/www.w3.org\/2000\/svg'%20viewBox='0%200%201000%20667'%3E%3C\/svg%3E\"  data-splide-lazy=\"https:\/\/www.vispronet.de\/blog\/wp-content\/uploads\/faltzelt-premium-4x4-bedruckt-1024x1024.jpg\" width=\"1024\" height=\"1024\" alt=\"Faltzelte und Faltpavillons Premium in 8 Gr\u00f6\u00dfen\" data-full-image=\"https:\/\/www.vispronet.de\/blog\/wp-content\/uploads\/faltzelt-premium-4x4-bedruckt.jpg\" data-light-image=\"https:\/\/www.vispronet.de\/blog\/wp-content\/uploads\/faltzelt-premium-4x4-bedruckt.jpg\" data-splide-lazy-srcset=\"https:\/\/www.vispronet.de\/blog\/wp-content\/uploads\/faltzelt-premium-4x4-bedruckt-1024x1024.jpg 1024w, https:\/\/www.vispronet.de\/blog\/wp-content\/uploads\/faltzelt-premium-4x4-bedruckt-768x768.jpg 768w, https:\/\/www.vispronet.de\/blog\/wp-content\/uploads\/faltzelt-premium-4x4-bedruckt-150x150.jpg 150w, https:\/\/www.vispronet.de\/blog\/wp-content\/uploads\/faltzelt-premium-4x4-bedruckt-300x300.jpg 300w, https:\/\/www.vispronet.de\/blog\/wp-content\/uploads\/faltzelt-premium-4x4-bedruckt-440x440.jpg 440w, https:\/\/www.vispronet.de\/blog\/wp-content\/uploads\/faltzelt-premium-4x4-bedruckt-1500x1500.jpg 1500w, https:\/\/www.vispronet.de\/blog\/wp-content\/uploads\/faltzelt-premium-4x4-bedruckt.jpg 1600w\" sizes=\"auto, (max-width: 1024px) 100vw, 1024px\"data-id=\"26324\" class=\"wp-image-26324 skip-lazy\"\/><\/div><div class=\"kadence-blocks-gallery-item__caption\">Faltzelte Premium &gt;&gt;<\/div><\/div><\/a><\/figure><\/div><\/div><\/li><\/ul><\/div><\/div><\/div><\/div>\n\n\n<p><\/p>\n<\/div><\/div>\n\n\n\n<hr class=\"wp-block-separator has-alpha-channel-opacity\"\/>\n\n\n\n<div class=\"wp-block-media-text has-media-on-the-right is-stacked-on-mobile no-border\" style=\"grid-template-columns:auto 32%\"><div class=\"wp-block-media-text__content\">\n<h2 class=\"wp-block-heading\">Februar: Unser Colormanagement-Profi auf Reisen<\/h2>\n\n\n\n<p>Aller zwei Jahre veranstaltet die&nbsp;Fogra, das Forschungsinstitut der Druck- und Medienindustrie, das Color Management Symposium in M\u00fcnchen. Im Februar durfte unser Colormanagement-Experte Jens sein geballtes Fachwissen im Rahmen dieses Events vorstellen. Sein Vortrag \u00fcber die besonderen Anforderungen im Textildruck erntete jede Menge Beifall beim anwesenden Fachpublikum.<\/p>\n<\/div><figure class=\"wp-block-media-text__media\"><a href=\"https:\/\/www.vispronet.de\/blog\/wp-content\/uploads\/session-sachsen-fahnen.jpg\" data-rel=\"lightbox-image-2\" data-magnific_type=\"image\" data-rl_title=\"\" data-rl_caption=\"\" title=\"\"><img loading=\"lazy\" decoding=\"async\" width=\"1000\" height=\"750\" src=\"https:\/\/www.vispronet.de\/blog\/wp-content\/uploads\/session-sachsen-fahnen.jpg\" alt=\"Fachvortrag Sachsen Fahnen zum Thema Textildruck\" class=\"wp-image-25090 size-full\" srcset=\"https:\/\/www.vispronet.de\/blog\/wp-content\/uploads\/session-sachsen-fahnen.jpg 1000w, https:\/\/www.vispronet.de\/blog\/wp-content\/uploads\/session-sachsen-fahnen-768x576.jpg 768w, https:\/\/www.vispronet.de\/blog\/wp-content\/uploads\/session-sachsen-fahnen-300x225.jpg 300w, https:\/\/www.vispronet.de\/blog\/wp-content\/uploads\/session-sachsen-fahnen-440x330.jpg 440w\" sizes=\"auto, (max-width: 1000px) 100vw, 1000px\" \/><\/a><\/figure><\/div>\n\n\n\n<div class=\"wp-block-columns is-border has-white-background-color has-background is-layout-flex wp-container-core-columns-is-layout-9d6595d7 wp-block-columns-is-layout-flex\">\n<div class=\"wp-block-column is-vertically-aligned-center is-layout-flow wp-block-column-is-layout-flow\" style=\"flex-basis:10%\"><style>.kt-svg-icons26176_33f64b-db .kt-svg-item-0 .kb-svg-icon-wrap{color:var(--global-palette4, #2D3748);font-size:50px;}.wp-block-kadence-icon.kt-svg-icons26176_33f64b-db{justify-content:center;}<\/style>\n<div class=\"wp-block-kadence-icon kt-svg-icons kt-svg-icons26176_33f64b-db alignnone\"><style>.kt-svg-item-26176_c61ab9-56 .kb-svg-icon-wrap, .kt-svg-style-stacked.kt-svg-item-26176_c61ab9-56 .kb-svg-icon-wrap{color:rgb(0, 98, 161);font-size:50px;}<\/style>\n<div class=\"wp-block-kadence-single-icon kt-svg-style-default kt-svg-icon-wrap kt-svg-item-26176_c61ab9-56\"><a href=\"\/blog\/fogra-color-management-symposium-2024\/\" class=\"kt-svg-icon-link\" target=\"_blank\" rel=\"noopener noreferrer\" aria-label=\"Vispronet-Vortrag auf dem Color Management Symposium\"><span class=\"kb-svg-icon-wrap kb-svg-icon-ic_circleRight\"><svg viewBox=\"0 0 8 8\"  fill=\"currentColor\" xmlns=\"http:\/\/www.w3.org\/2000\/svg\"  role=\"img\"><title>Vispronet-Vortrag auf dem Color Management Symposium<\/title><path d=\"M4 0c-2.21 0-4 1.79-4 4s1.79 4 4 4 4-1.79 4-4-1.79-4-4-4zm0 1l3 3-3 3v-2h-3v-2h3v-2z\"\/><\/svg><\/span><\/a><\/div>\n<\/div>\n<\/div>\n\n\n\n<div class=\"wp-block-column is-vertically-aligned-center is-layout-flow wp-block-column-is-layout-flow\" style=\"flex-basis:90%\">\n<p class=\"has-text-align-center\"><strong>Neugierig geworden?<\/strong><\/p>\n\n\n\n<p class=\"has-text-align-center\">Hier geht&#8217;s zum Beitrag <a href=\"https:\/\/www.vispronet.de\/blog\/fogra-color-management-symposium-2024\/\" target=\"_blank\" rel=\"noreferrer noopener\">Fogra &#8211; Color Management Symposium 2024<\/a><\/p>\n<\/div>\n<\/div>\n\n\n\n<h2 class=\"wp-block-heading\">M\u00e4rz: Ein Blumengru\u00df f\u00fcr unsere Ladys<\/h2>\n\n\n\n<div class=\"wp-block-columns is-layout-flex wp-container-core-columns-is-layout-9d6595d7 wp-block-columns-is-layout-flex\">\n<div class=\"wp-block-column is-layout-flow wp-block-column-is-layout-flow\" style=\"flex-basis:70%\">\n<figure class=\"wp-block-image size-full no-border\"><img loading=\"lazy\" decoding=\"async\" width=\"998\" height=\"399\" src=\"https:\/\/www.vispronet.de\/blog\/wp-content\/uploads\/frauentag-e1734949650518.jpg\" alt=\"Jahresr\u00fcckblick 2024: Blumengru\u00df der Gesch\u00e4ftsleitung\" class=\"wp-image-26208\" title=\"\"\/><\/figure>\n<\/div>\n\n\n\n<div class=\"wp-block-column is-vertically-aligned-center is-layout-flow wp-block-column-is-layout-flow\" style=\"flex-basis:28%\"><div class=\"wp-block-image is-style-rounded no-border\">\n<figure class=\"aligncenter size-full\"><img loading=\"lazy\" decoding=\"async\" width=\"1000\" height=\"1000\" src=\"https:\/\/www.vispronet.de\/blog\/wp-content\/uploads\/frauentag-IT.jpg\" alt=\"Unsere IT-Jungs gratulieren zum Frauentag\" class=\"wp-image-26220\" style=\"object-fit:cover\" srcset=\"https:\/\/www.vispronet.de\/blog\/wp-content\/uploads\/frauentag-IT.jpg 1000w, https:\/\/www.vispronet.de\/blog\/wp-content\/uploads\/frauentag-IT-768x768.jpg 768w, https:\/\/www.vispronet.de\/blog\/wp-content\/uploads\/frauentag-IT-150x150.jpg 150w, https:\/\/www.vispronet.de\/blog\/wp-content\/uploads\/frauentag-IT-300x300.jpg 300w, https:\/\/www.vispronet.de\/blog\/wp-content\/uploads\/frauentag-IT-440x440.jpg 440w\" sizes=\"auto, (max-width: 1000px) 100vw, 1000px\" \/><\/figure>\n<\/div><\/div>\n<\/div>\n\n\n\n<div class=\"wp-block-group\"><div class=\"wp-block-group__inner-container is-layout-constrained wp-block-group-is-layout-constrained\">\n<hr class=\"wp-block-separator has-alpha-channel-opacity\"\/>\n\n\n\n<h2 class=\"wp-block-heading\">April: Power aufs Dach<\/h2>\n\n\n\n<div class=\"wp-block-media-text is-stacked-on-mobile no-border\"><figure class=\"wp-block-media-text__media\"><img loading=\"lazy\" decoding=\"async\" width=\"1000\" height=\"400\" src=\"https:\/\/www.vispronet.de\/blog\/wp-content\/uploads\/solar-auf-dach.jpg\" alt=\"Jahresr\u00fcckblick 2024: Installation Photovoltaikanalage\" class=\"wp-image-26360 size-full\" srcset=\"https:\/\/www.vispronet.de\/blog\/wp-content\/uploads\/solar-auf-dach.jpg 1000w, https:\/\/www.vispronet.de\/blog\/wp-content\/uploads\/solar-auf-dach-768x307.jpg 768w, https:\/\/www.vispronet.de\/blog\/wp-content\/uploads\/solar-auf-dach-300x120.jpg 300w, https:\/\/www.vispronet.de\/blog\/wp-content\/uploads\/solar-auf-dach-440x176.jpg 440w\" sizes=\"auto, (max-width: 1000px) 100vw, 1000px\" \/><\/figure><div class=\"wp-block-media-text__content\">\n<p>Wir investieren in erneuerbare Energien. Das hei\u00dft \u00fcber 3000 Solarmodule wurden auf unserem Firmendach installiert.<br><strong>Unser Ziel: <\/strong>Die moderne Photovoltaikanalage soll rund 60 % unseres Energiebedarfs decken.<\/p>\n<\/div><\/div>\n\n\n\n<div class=\"wp-block-columns is-layout-flex wp-container-core-columns-is-layout-9d6595d7 wp-block-columns-is-layout-flex\">\n<div class=\"wp-block-column is-layout-flow wp-block-column-is-layout-flow\"><style>.kt-svg-icons26176_979b8e-c9 .kt-svg-item-0 .kb-svg-icon-wrap{color:var(--global-palette4, #2D3748);font-size:50px;}.wp-block-kadence-icon.kt-svg-icons26176_979b8e-c9{justify-content:center;}<\/style>\n<div class=\"wp-block-kadence-icon kt-svg-icons kt-svg-icons26176_979b8e-c9 alignnone\"><style>.kt-svg-item-26176_b4af3a-94 .kb-svg-icon-wrap, .kt-svg-style-stacked.kt-svg-item-26176_b4af3a-94 .kb-svg-icon-wrap{color:rgb(0, 98, 161);font-size:60px;}<\/style>\n<div class=\"wp-block-kadence-single-icon kt-svg-style-default kt-svg-icon-wrap kt-svg-item-26176_b4af3a-94\"><span class=\"kb-svg-icon-wrap kb-svg-icon-fas_sun\"><svg viewBox=\"0 0 512 512\"  fill=\"currentColor\" xmlns=\"http:\/\/www.w3.org\/2000\/svg\"  aria-hidden=\"true\"><path d=\"M274.835 12.646l25.516 62.393c4.213 10.301 16.671 14.349 26.134 8.492l57.316-35.479c15.49-9.588 34.808 4.447 30.475 22.142l-16.03 65.475c-2.647 10.81 5.053 21.408 16.152 22.231l67.224 4.987c18.167 1.348 25.546 24.057 11.641 35.826L441.81 242.26c-8.495 7.19-8.495 20.289 0 27.479l51.454 43.548c13.906 11.769 6.527 34.478-11.641 35.826l-67.224 4.987c-11.099.823-18.799 11.421-16.152 22.231l16.03 65.475c4.332 17.695-14.986 31.73-30.475 22.142l-57.316-35.479c-9.463-5.858-21.922-1.81-26.134 8.492l-25.516 62.393c-6.896 16.862-30.774 16.862-37.67 0l-25.516-62.393c-4.213-10.301-16.671-14.349-26.134-8.492l-57.317 35.479c-15.49 9.588-34.808-4.447-30.475-22.142l16.03-65.475c2.647-10.81-5.053-21.408-16.152-22.231l-67.224-4.987c-18.167-1.348-25.546-24.057-11.641-35.826L70.19 269.74c8.495-7.19 8.495-20.289 0-27.479l-51.454-43.548c-13.906-11.769-6.527-34.478 11.641-35.826l67.224-4.987c11.099-.823 18.799-11.421 16.152-22.231l-16.03-65.475c-4.332-17.695 14.986-31.73 30.475-22.142l57.317 35.479c9.463 5.858 21.921 1.81 26.134-8.492l25.516-62.393c6.896-16.861 30.774-16.861 37.67 0zM392 256c0-74.991-61.01-136-136-136-74.991 0-136 61.009-136 136s61.009 136 136 136c74.99 0 136-61.009 136-136zm-32 0c0 57.346-46.654 104-104 104s-104-46.654-104-104 46.654-104 104-104 104 46.654 104 104z\"\/><\/svg><\/span><\/div>\n<\/div>\n\n\n\n<div style=\"height:1px\" aria-hidden=\"true\" class=\"wp-block-spacer\"><\/div>\n\n\n\n<p class=\"has-text-align-center has-vispronet-blue-color has-text-color has-link-color has-medium-font-size wp-elements-9a6a89207eba8a9a1432bb39bdc51856\"><strong>3000 Solarmodule<\/strong><\/p>\n<\/div>\n\n\n\n<div class=\"wp-block-column is-layout-flow wp-block-column-is-layout-flow\"><style>.kt-svg-icons26176_947a13-d2 .kt-svg-item-0 .kb-svg-icon-wrap{color:var(--global-palette4, #2D3748);font-size:50px;}.wp-block-kadence-icon.kt-svg-icons26176_947a13-d2{justify-content:center;}<\/style>\n<div class=\"wp-block-kadence-icon kt-svg-icons kt-svg-icons26176_947a13-d2 alignnone\"><style>.kt-svg-item-26176_848e01-53 .kb-svg-icon-wrap, .kt-svg-style-stacked.kt-svg-item-26176_848e01-53 .kb-svg-icon-wrap{color:rgb(0, 98, 161);font-size:60px;}<\/style>\n<div class=\"wp-block-kadence-single-icon kt-svg-style-default kt-svg-icon-wrap kt-svg-item-26176_848e01-53\"><span class=\"kb-svg-icon-wrap kb-svg-icon-fas_rocket\"><svg viewBox=\"0 0 512 512\"  fill=\"currentColor\" xmlns=\"http:\/\/www.w3.org\/2000\/svg\"  aria-hidden=\"true\"><path d=\"M505.1 19.1C503.8 13 499 8.2 492.9 6.9 460.7 0 435.5 0 410.4 0 307.2 0 245.3 55.2 199.1 128H94.9c-18.2 0-34.8 10.3-42.9 26.5L2.6 253.3c-8 16 3.6 34.7 21.5 34.7h95.1c-5.9 12.8-11.9 25.5-18 37.7-3.1 6.2-1.9 13.6 3 18.5l63.6 63.6c4.9 4.9 12.3 6.1 18.5 3 12.2-6.1 24.9-12 37.7-17.9V488c0 17.8 18.8 29.4 34.7 21.5l98.7-49.4c16.3-8.1 26.5-24.8 26.5-42.9V312.8c72.6-46.3 128-108.4 128-211.1.1-25.2.1-50.4-6.8-82.6zM400 160c-26.5 0-48-21.5-48-48s21.5-48 48-48 48 21.5 48 48-21.5 48-48 48z\"\/><\/svg><\/span><\/div>\n<\/div>\n\n\n\n<div style=\"height:1px\" aria-hidden=\"true\" class=\"wp-block-spacer\"><\/div>\n\n\n\n<p class=\"has-text-align-center has-vispronet-blue-color has-text-color has-link-color has-medium-font-size wp-elements-ac6e5a2e68e381b4cd73b06cb783e892\"><strong>60 % autarke Energie<\/strong><\/p>\n<\/div>\n<\/div>\n\n\n\n<hr class=\"wp-block-separator has-alpha-channel-opacity\"\/>\n<\/div><\/div>\n\n\n\n<div class=\"wp-block-group has-background\" style=\"background:linear-gradient(135deg,rgba(202,247,129,0.52) 0%,rgba(114,207,126,0.52) 100%)\"><div class=\"wp-block-group__inner-container is-layout-constrained wp-block-group-is-layout-constrained\">\n<h2 class=\"wp-block-heading has-text-color has-link-color wp-elements-a904735c3e658512db1ba292bb984e23\" style=\"color:#0a6811\">Juni\/Juli: Gl\u00fcckwunsch zur bestandenen Facharbeiter-Pr\u00fcfung<\/h2>\n\n\n\n<p>Ausbildung ist uns wichtig &#8211; drei unserer Azubis schlossen im Sommer mit bravour ihre Ausbildung ab.<br>Als Medientechnologe Druck, Fachkraft f\u00fcr Lagerlogistik und Fachinformatiker f\u00fcr Systemintegration sind die drei nun als top ausgebildete Fachkr\u00e4fte ein Teil des Sachsen Fahnen-Teams.<\/p>\n\n\n\n<p class=\"has-text-color has-link-color has-medium-font-size wp-elements-69c705fa4efc7544a3e9cea42ad5ea9d\" style=\"color:#0a6811;font-style:normal;font-weight:700\">Herzlichen Gl\u00fcckwunsch!<\/p>\n<\/div><\/div>\n\n\n\n<h2 class=\"wp-block-heading\">September: O&#8217;zapft is!<\/h2>\n\n\n\n<p>Unter dem Motto &#8222;Leute, packt eure engste Lederhose und euer sch\u00f6nstes Dirndl aus&#8220; verwandelte sich unsere Druckhalle in eine Wiesn-Partyfest-Location vom Feinsten.<\/p>\n\n\n\n<div class=\"wp-block-media-text is-stacked-on-mobile no-border\" style=\"grid-template-columns:65% auto\"><figure class=\"wp-block-media-text__media\"><a href=\"https:\/\/www.vispronet.de\/blog\/wp-content\/uploads\/oktoberfest-einlassk.jpg\" data-rel=\"lightbox-image-3\" data-magnific_type=\"image\" data-rl_title=\"\" data-rl_caption=\"\" title=\"\"><img loading=\"lazy\" decoding=\"async\" width=\"1024\" height=\"576\" src=\"https:\/\/www.vispronet.de\/blog\/wp-content\/uploads\/oktoberfest-einlassk-1024x576.jpg\" alt=\"Einlass Oktoberfest\" class=\"wp-image-26396 size-full\" srcset=\"https:\/\/www.vispronet.de\/blog\/wp-content\/uploads\/oktoberfest-einlassk-1024x576.jpg 1024w, https:\/\/www.vispronet.de\/blog\/wp-content\/uploads\/oktoberfest-einlassk-768x432.jpg 768w, https:\/\/www.vispronet.de\/blog\/wp-content\/uploads\/oktoberfest-einlassk-288x162.jpg 288w, https:\/\/www.vispronet.de\/blog\/wp-content\/uploads\/oktoberfest-einlassk-300x169.jpg 300w, https:\/\/www.vispronet.de\/blog\/wp-content\/uploads\/oktoberfest-einlassk-440x248.jpg 440w, https:\/\/www.vispronet.de\/blog\/wp-content\/uploads\/oktoberfest-einlassk-1500x844.jpg 1500w, https:\/\/www.vispronet.de\/blog\/wp-content\/uploads\/oktoberfest-einlassk.jpg 1920w\" sizes=\"auto, (max-width: 1024px) 100vw, 1024px\" \/><\/a><\/figure><div class=\"wp-block-media-text__content\">\n<p>Schon beim Betreten des Festgel\u00e4ndes konnte man den unwiderstehlichen Duft nach Lebkuchenherzen und frischen Brezn in der Luft schnuppern. <\/p>\n<\/div><\/div>\n\n\n\n<div class=\"wp-block-media-text has-media-on-the-right is-stacked-on-mobile no-border\" style=\"grid-template-columns:auto 32%\"><div class=\"wp-block-media-text__content\">\n<p>Unsere Gesch\u00e4ftsleitung nahm uns herzlich im Empfang und erinnerte uns daran, wie wichtig es ist, in unserer hektischen Zeit auch mal&nbsp;<strong>gemeinsam innezuhalten<\/strong>&nbsp;und zu feiern. Das taten wir dann auch ausgiebig bei deftigem Essen und einer Ma\u00df Bier.<\/p>\n<\/div><figure class=\"wp-block-media-text__media\"><a href=\"https:\/\/www.vispronet.de\/blog\/wp-content\/uploads\/eroeffnung-oktoberfest.jpg\" data-rel=\"lightbox-image-4\" data-magnific_type=\"image\" data-rl_title=\"\" data-rl_caption=\"\" title=\"\"><img loading=\"lazy\" decoding=\"async\" width=\"1000\" height=\"750\" src=\"https:\/\/www.vispronet.de\/blog\/wp-content\/uploads\/eroeffnung-oktoberfest.jpg\" alt=\"Oktoberfest - Er\u00f6ffnung\" class=\"wp-image-26268 size-full\" srcset=\"https:\/\/www.vispronet.de\/blog\/wp-content\/uploads\/eroeffnung-oktoberfest.jpg 1000w, https:\/\/www.vispronet.de\/blog\/wp-content\/uploads\/eroeffnung-oktoberfest-768x576.jpg 768w, https:\/\/www.vispronet.de\/blog\/wp-content\/uploads\/eroeffnung-oktoberfest-300x225.jpg 300w, https:\/\/www.vispronet.de\/blog\/wp-content\/uploads\/eroeffnung-oktoberfest-440x330.jpg 440w\" sizes=\"auto, (max-width: 1000px) 100vw, 1000px\" \/><\/a><\/figure><\/div>\n\n\n\n<div class=\"wp-block-media-text is-stacked-on-mobile no-border\" style=\"grid-template-columns:32% auto\"><figure class=\"wp-block-media-text__media\"><a href=\"https:\/\/www.vispronet.de\/blog\/wp-content\/uploads\/oktoberfest-hau-den-lukas.jpg\" data-rel=\"lightbox-image-5\" data-magnific_type=\"image\" data-rl_title=\"\" data-rl_caption=\"\" title=\"\"><img loading=\"lazy\" decoding=\"async\" width=\"1000\" height=\"750\" src=\"https:\/\/www.vispronet.de\/blog\/wp-content\/uploads\/oktoberfest-hau-den-lukas.jpg\" alt=\"Oktoberfest- Hau den Lukas\" class=\"wp-image-26272 size-full\" srcset=\"https:\/\/www.vispronet.de\/blog\/wp-content\/uploads\/oktoberfest-hau-den-lukas.jpg 1000w, https:\/\/www.vispronet.de\/blog\/wp-content\/uploads\/oktoberfest-hau-den-lukas-768x576.jpg 768w, https:\/\/www.vispronet.de\/blog\/wp-content\/uploads\/oktoberfest-hau-den-lukas-300x225.jpg 300w, https:\/\/www.vispronet.de\/blog\/wp-content\/uploads\/oktoberfest-hau-den-lukas-440x330.jpg 440w\" sizes=\"auto, (max-width: 1000px) 100vw, 1000px\" \/><\/a><\/figure><div class=\"wp-block-media-text__content\">\n<p>Doch es wurde nicht nur gegessen und getrunken: beim \u201eHau den Lukas\u201c flogen die H\u00e4mmer, beim Ma\u00dfkrug-Schieben kam es auf das richtige Fingerspitzengef\u00fchl an, und beim Ma\u00dfkrug-Stemmen zeigten die St\u00e4rksten, was in ihnen steckt.<\/p>\n<\/div><\/div>\n\n\n\n<div class=\"wp-block-media-text has-media-on-the-right is-stacked-on-mobile no-border\" style=\"grid-template-columns:auto 32%\"><div class=\"wp-block-media-text__content\">\n<p>F\u00fcr&nbsp;<strong>reichlich Lachanf\u00e4lle<\/strong>&nbsp;und&nbsp;<strong>unvergessliche Schnappsch\u00fcsse<\/strong>&nbsp;sorgte unsere Oktoberfest Fotobox.<\/p>\n<\/div><figure class=\"wp-block-media-text__media\"><a href=\"https:\/\/www.vispronet.de\/blog\/wp-content\/uploads\/oktoberfest-fotobox.jpg\" data-rel=\"lightbox-image-6\" data-magnific_type=\"image\" data-rl_title=\"\" data-rl_caption=\"\" title=\"\"><img loading=\"lazy\" decoding=\"async\" width=\"1000\" height=\"750\" src=\"https:\/\/www.vispronet.de\/blog\/wp-content\/uploads\/oktoberfest-fotobox.jpg\" alt=\"\" class=\"wp-image-26548 size-full\" srcset=\"https:\/\/www.vispronet.de\/blog\/wp-content\/uploads\/oktoberfest-fotobox.jpg 1000w, https:\/\/www.vispronet.de\/blog\/wp-content\/uploads\/oktoberfest-fotobox-768x576.jpg 768w, https:\/\/www.vispronet.de\/blog\/wp-content\/uploads\/oktoberfest-fotobox-300x225.jpg 300w, https:\/\/www.vispronet.de\/blog\/wp-content\/uploads\/oktoberfest-fotobox-440x330.jpg 440w\" sizes=\"auto, (max-width: 1000px) 100vw, 1000px\" \/><\/a><\/figure><\/div>\n\n\n\n<h2 class=\"wp-block-heading\">Oktober: Alles rund ums Bike Leasing<\/h2>\n\n\n\n<p>F\u00fcr ein paar Stunden drehte sich alles um das Thema Fahrrad und Bike Leasing:<\/p>\n\n\n\n<p>\ud83d\udeb4 <strong>Probefahrten<\/strong>: Wir durften die neuesten Fahrr\u00e4der und E-Bikes testen und das perfekte Bike f\u00fcr Arbeitsweg oder Freizeitspa\u00df finden!<\/p>\n\n\n\n<p>\ud83d\udcac <strong>Expertenwissen<\/strong>: Das <strong><a href=\"https:\/\/bikehouse.eu\/\" target=\"_blank\" rel=\"noreferrer noopener\">Bike House aus Kamenz<\/a><\/strong> und <strong>die Firma Bike Leasing<\/strong> standen uns mit Rat und Tat zur Seite. Ob Leasing-Optionen, Modellauswahl oder Fragen zur Nutzung \u2013 alle Infos aus erster Hand!<\/p>\n\n\n\n<p>\ud83c\udf2d <strong>Bratwurst f\u00fcr alle<\/strong>: Als kleines Schmankerl gab es in der Mittagspause noch f\u00fcr jeden eine leckere Bratwurst.<\/p>\n\n\n<style>.wp-block-kadence-advancedgallery.kb-gallery-wrap-id-26176_4ad8c6-fb{overflow:hidden;}.kb-gallery-id-26176_4ad8c6-fb .kadence-blocks-gallery-item .kb-gal-image-radius, .kb-gallery-id-26176_4ad8c6-fb .kb-slide-item .kb-gal-image-radius img{border-radius:0px 0px 0px 0px;;}.kb-gallery-wrap-id-26176_4ad8c6-fb.wp-block-kadence-advancedgallery{overflow:visible;}.kb-gallery-wrap-id-26176_4ad8c6-fb.wp-block-kadence-advancedgallery .kt-blocks-carousel{overflow:visible;}<\/style><div class=\"kb-gallery-wrap-id-26176_4ad8c6-fb alignnone wp-block-kadence-advancedgallery\"><div class=\"kb-gallery-ul kb-gallery-non-static kb-gallery-type-carousel kb-gallery-id-26176_4ad8c6-fb kb-gallery-caption-style-bottom-hover kb-gallery-filter-none\" data-image-filter=\"none\" data-lightbox-caption=\"true\"><div class=\"kt-blocks-carousel splide kt-carousel-container-dotstyle-dark kt-carousel-arrowstyle-whiteondark kt-carousel-dotstyle-dark kb-slider-group-arrow kb-slider-arrow-position-center\" data-columns-xxl=\"2\" data-columns-xl=\"2\" data-columns-md=\"2\" data-columns-sm=\"2\" data-columns-xs=\"1\" data-columns-ss=\"1\" data-slider-anim-speed=\"400\" data-slider-scroll=\"1\" data-slider-arrows=\"true\" data-slider-dots=\"true\" data-slider-hover-pause=\"false\" data-slider-auto=\"\" data-slider-speed=\"7000\" data-slider-gap=\"10px\" data-slider-gap-tablet=\"10px\" data-slider-gap-mobile=\"10px\" data-show-pause-button=\"false\" data-slider-label=\"Photo Gallery Carousel\"><div class=\"splide__track\"><ul class=\"kt-blocks-carousel-init kb-gallery-carousel splide__list\"><li class=\"kb-slide-item kb-gallery-carousel-item splide__slide\"><div class=\"kadence-blocks-gallery-item\"><div class=\"kadence-blocks-gallery-item-inner\"><figure class=\"kb-gallery-figure kadence-blocks-gallery-item-hide-caption\"><div class=\"kb-gal-image-radius\"><div class=\"kb-gallery-image-contain kadence-blocks-gallery-intrinsic kb-gallery-image-ratio-land32 kb-has-image-ratio-land32\" ><img loading=\"lazy\" decoding=\"async\" src=\"https:\/\/www.vispronet.de\/blog\/wp-content\/uploads\/fahrrad-test.jpg\" width=\"1000\" height=\"750\" alt=\"Bikeleasing stellt Fahrr\u00e4der zum testen vor\" data-full-image=\"https:\/\/www.vispronet.de\/blog\/wp-content\/uploads\/fahrrad-test.jpg\" data-light-image=\"https:\/\/www.vispronet.de\/blog\/wp-content\/uploads\/fahrrad-test.jpg\" data-id=\"26186\" class=\"wp-image-26186 skip-lazy\" srcset=\"https:\/\/www.vispronet.de\/blog\/wp-content\/uploads\/fahrrad-test.jpg 1000w, https:\/\/www.vispronet.de\/blog\/wp-content\/uploads\/fahrrad-test-768x576.jpg 768w, https:\/\/www.vispronet.de\/blog\/wp-content\/uploads\/fahrrad-test-300x225.jpg 300w, https:\/\/www.vispronet.de\/blog\/wp-content\/uploads\/fahrrad-test-440x330.jpg 440w\" sizes=\"auto, (max-width: 1000px) 100vw, 1000px\" \/><\/div><\/div><\/figure><\/div><\/div><\/li><li class=\"kb-slide-item kb-gallery-carousel-item splide__slide\"><div class=\"kadence-blocks-gallery-item\"><div class=\"kadence-blocks-gallery-item-inner\"><figure class=\"kb-gallery-figure kadence-blocks-gallery-item-hide-caption\"><div class=\"kb-gal-image-radius\"><div class=\"kb-gallery-image-contain kadence-blocks-gallery-intrinsic kb-gallery-image-ratio-land32 kb-has-image-ratio-land32\" ><img loading=\"lazy\" decoding=\"async\" src=\"https:\/\/www.vispronet.de\/blog\/wp-content\/uploads\/beratung-bikeleasing.jpg\" width=\"1000\" height=\"750\" alt=\"Bikeleasing stellt Fahrr\u00e4der vor\" data-full-image=\"https:\/\/www.vispronet.de\/blog\/wp-content\/uploads\/beratung-bikeleasing.jpg\" data-light-image=\"https:\/\/www.vispronet.de\/blog\/wp-content\/uploads\/beratung-bikeleasing.jpg\" data-id=\"26190\" class=\"wp-image-26190 skip-lazy\" srcset=\"https:\/\/www.vispronet.de\/blog\/wp-content\/uploads\/beratung-bikeleasing.jpg 1000w, https:\/\/www.vispronet.de\/blog\/wp-content\/uploads\/beratung-bikeleasing-768x576.jpg 768w, https:\/\/www.vispronet.de\/blog\/wp-content\/uploads\/beratung-bikeleasing-300x225.jpg 300w, https:\/\/www.vispronet.de\/blog\/wp-content\/uploads\/beratung-bikeleasing-440x330.jpg 440w\" sizes=\"auto, (max-width: 1000px) 100vw, 1000px\" \/><\/div><\/div><\/figure><\/div><\/div><\/li><li class=\"kb-slide-item kb-gallery-carousel-item splide__slide\"><div class=\"kadence-blocks-gallery-item\"><div class=\"kadence-blocks-gallery-item-inner\"><figure class=\"kb-gallery-figure kadence-blocks-gallery-item-hide-caption\"><div class=\"kb-gal-image-radius\"><div class=\"kb-gallery-image-contain kadence-blocks-gallery-intrinsic kb-gallery-image-ratio-land32 kb-has-image-ratio-land32\" ><img loading=\"lazy\" decoding=\"async\" src=\"https:\/\/www.vispronet.de\/blog\/wp-content\/uploads\/bikeleasing.jpg\" width=\"1000\" height=\"750\" alt=\"Bikeleasing stellt Fahrr\u00e4der vor\" data-full-image=\"https:\/\/www.vispronet.de\/blog\/wp-content\/uploads\/bikeleasing.jpg\" data-light-image=\"https:\/\/www.vispronet.de\/blog\/wp-content\/uploads\/bikeleasing.jpg\" data-id=\"26192\" class=\"wp-image-26192 skip-lazy\" srcset=\"https:\/\/www.vispronet.de\/blog\/wp-content\/uploads\/bikeleasing.jpg 1000w, https:\/\/www.vispronet.de\/blog\/wp-content\/uploads\/bikeleasing-768x576.jpg 768w, https:\/\/www.vispronet.de\/blog\/wp-content\/uploads\/bikeleasing-300x225.jpg 300w, https:\/\/www.vispronet.de\/blog\/wp-content\/uploads\/bikeleasing-440x330.jpg 440w\" sizes=\"auto, (max-width: 1000px) 100vw, 1000px\" \/><\/div><\/div><\/figure><\/div><\/div><\/li><\/ul><\/div><\/div><\/div><\/div>\n\n\n<hr class=\"wp-block-separator has-alpha-channel-opacity\"\/>\n\n\n\n<h2 class=\"wp-block-heading\">November: Neues vom Dach<\/h2>\n\n\n\n<p>Es geht los, der erste Teil unserer Photovoltaikanalage wird angeschlossen. Dank Notstromaggregaten und provisorischen Kabelstrecken lief die Produktion, trotz damit verbundener Schwarzschaltung, wie gewohnt weiter &#8211; eine echte Meisterleistung unserer IT-Abteilung.<\/p>\n\n\n\n<figure class=\"wp-block-gallery has-nested-images columns-default is-cropped wp-block-gallery-1 is-layout-flex wp-block-gallery-is-layout-flex\">\n<figure class=\"wp-block-image size-full no-border\"><img loading=\"lazy\" decoding=\"async\" width=\"1000\" height=\"750\" data-id=\"26406\" src=\"https:\/\/www.vispronet.de\/blog\/wp-content\/uploads\/verkabelung.jpg\" alt=\"Notverkabelung w\u00e4hrend der Installation der Solaranlage\" class=\"wp-image-26406\" srcset=\"https:\/\/www.vispronet.de\/blog\/wp-content\/uploads\/verkabelung.jpg 1000w, https:\/\/www.vispronet.de\/blog\/wp-content\/uploads\/verkabelung-768x576.jpg 768w, https:\/\/www.vispronet.de\/blog\/wp-content\/uploads\/verkabelung-300x225.jpg 300w, https:\/\/www.vispronet.de\/blog\/wp-content\/uploads\/verkabelung-440x330.jpg 440w\" sizes=\"auto, (max-width: 1000px) 100vw, 1000px\" \/><\/figure>\n\n\n\n<figure class=\"wp-block-image size-full no-border\"><img loading=\"lazy\" decoding=\"async\" width=\"1000\" height=\"750\" data-id=\"26402\" src=\"https:\/\/www.vispronet.de\/blog\/wp-content\/uploads\/notstrom.jpg\" alt=\"Notstrom zur \u00dcberbr\u00fcckung beim Anschluss der Solaranlage\" class=\"wp-image-26402\" srcset=\"https:\/\/www.vispronet.de\/blog\/wp-content\/uploads\/notstrom.jpg 1000w, https:\/\/www.vispronet.de\/blog\/wp-content\/uploads\/notstrom-768x576.jpg 768w, https:\/\/www.vispronet.de\/blog\/wp-content\/uploads\/notstrom-300x225.jpg 300w, https:\/\/www.vispronet.de\/blog\/wp-content\/uploads\/notstrom-440x330.jpg 440w\" sizes=\"auto, (max-width: 1000px) 100vw, 1000px\" \/><\/figure>\n\n\n\n<figure class=\"wp-block-image size-full no-border\"><img loading=\"lazy\" decoding=\"async\" width=\"1000\" height=\"750\" data-id=\"26404\" src=\"https:\/\/www.vispronet.de\/blog\/wp-content\/uploads\/solarpanel.jpg\" alt=\"Solarpanel auf dem Firmendach\" class=\"wp-image-26404\" srcset=\"https:\/\/www.vispronet.de\/blog\/wp-content\/uploads\/solarpanel.jpg 1000w, https:\/\/www.vispronet.de\/blog\/wp-content\/uploads\/solarpanel-768x576.jpg 768w, https:\/\/www.vispronet.de\/blog\/wp-content\/uploads\/solarpanel-300x225.jpg 300w, https:\/\/www.vispronet.de\/blog\/wp-content\/uploads\/solarpanel-440x330.jpg 440w\" sizes=\"auto, (max-width: 1000px) 100vw, 1000px\" \/><\/figure>\n<\/figure>\n\n\n\n<hr class=\"wp-block-separator has-alpha-channel-opacity\"\/>\n\n\n\n<div class=\"wp-block-media-text has-media-on-the-right is-stacked-on-mobile no-border\" style=\"grid-template-columns:auto 32%\"><div class=\"wp-block-media-text__content\">\n<h2 class=\"wp-block-heading\">Dezember: Weihnachten steht vor der T\u00fcr<\/h2>\n\n\n\n<p>Zeit f\u00fcr einen R\u00fcckblick auf Vergangenes und Ausblick auf Kommendes. Nach dem Res\u00fcmee unseres Gesch\u00e4ftsf\u00fchrers gab es ein gem\u00fctliches Beisammensein und Gelegenheit bei Kaffee und Stollen oder Gl\u00fchwein und Kesselgulasch das Jahr mit den Kollegen auszuwerten.<\/p>\n<\/div><figure class=\"wp-block-media-text__media\"><a href=\"https:\/\/www.vispronet.de\/blog\/wp-content\/uploads\/weihnachtsfeier-1.jpg\" data-rel=\"lightbox-image-7\" data-magnific_type=\"image\" data-rl_title=\"\" data-rl_caption=\"\" title=\"\"><img loading=\"lazy\" decoding=\"async\" width=\"1000\" height=\"750\" src=\"https:\/\/www.vispronet.de\/blog\/wp-content\/uploads\/weihnachtsfeier-1.jpg\" alt=\"unsere Kolleginnen haben viel Spa\u00df bei unserer Weihnachtsfeier\" class=\"wp-image-26184 size-full\" srcset=\"https:\/\/www.vispronet.de\/blog\/wp-content\/uploads\/weihnachtsfeier-1.jpg 1000w, https:\/\/www.vispronet.de\/blog\/wp-content\/uploads\/weihnachtsfeier-1-768x576.jpg 768w, https:\/\/www.vispronet.de\/blog\/wp-content\/uploads\/weihnachtsfeier-1-300x225.jpg 300w, https:\/\/www.vispronet.de\/blog\/wp-content\/uploads\/weihnachtsfeier-1-440x330.jpg 440w\" sizes=\"auto, (max-width: 1000px) 100vw, 1000px\" \/><\/a><\/figure><\/div>\n\n\n\n<div class=\"wp-block-media-text is-stacked-on-mobile no-border\" style=\"grid-template-columns:32% auto\"><figure class=\"wp-block-media-text__media\"><img loading=\"lazy\" decoding=\"async\" width=\"1000\" height=\"750\" src=\"https:\/\/www.vispronet.de\/blog\/wp-content\/uploads\/anlieferung-druckmaschine.jpg\" alt=\"Jahresr\u00fcckblick 2024: neue Digitaldruckmaschine der Firma Durst\" class=\"wp-image-26188 size-full\" srcset=\"https:\/\/www.vispronet.de\/blog\/wp-content\/uploads\/anlieferung-druckmaschine.jpg 1000w, https:\/\/www.vispronet.de\/blog\/wp-content\/uploads\/anlieferung-druckmaschine-768x576.jpg 768w, https:\/\/www.vispronet.de\/blog\/wp-content\/uploads\/anlieferung-druckmaschine-300x225.jpg 300w, https:\/\/www.vispronet.de\/blog\/wp-content\/uploads\/anlieferung-druckmaschine-440x330.jpg 440w\" sizes=\"auto, (max-width: 1000px) 100vw, 1000px\" \/><\/figure><div class=\"wp-block-media-text__content\">\n<h2 class=\"wp-block-heading\">Coming Soon<\/h2>\n\n\n\n<p>Damit wir 2025 eure W\u00fcnsche noch schneller und noch besser umsetzen k\u00f6nnen, zog kurz vor Jahresende noch diverse neue Technik in unsere Produktionshallen ein. Zwei Druckmaschinen der Firma Durst und eine neue Presse f\u00fcr den digitalen Transferdruck wurden installiert und f\u00fcr den Produktionsbetrieb eingerichtet.<\/p>\n<\/div><\/div>\n\n\n\n<p class=\"has-text-align-center\"><strong>Seid gespannt, welche Neuheiten Euch erwarten.<\/strong><\/p>\n\n\n<style>.wp-block-kadence-advancedbtn.kb-btns26176_2e3d83-4e{gap:var(--global-kb-gap-xs, 0.5rem );justify-content:center;align-items:center;}.kt-btns26176_2e3d83-4e .kt-button{font-weight:normal;font-style:normal;}<\/style>\n<div class=\"wp-block-kadence-advancedbtn kb-buttons-wrap kb-btns26176_2e3d83-4e\"><style>ul.menu .wp-block-kadence-advancedbtn .kb-btn26176_def1c0-50.kb-button{width:initial;}.wp-block-kadence-advancedbtn .kb-btn26176_def1c0-50.kb-button{color:rgb(255, 255, 255);background:rgb(242, 148, 0);font-size:nonepx;border-top-color:rgb(242, 148, 0);border-top-style:solid;border-right-color:rgb(242, 148, 0);border-right-style:solid;border-bottom-color:rgb(242, 148, 0);border-bottom-style:solid;border-left-color:rgb(242, 148, 0);border-left-style:solid;}.wp-block-kadence-advancedbtn .kb-btn26176_def1c0-50.kb-button:hover, .wp-block-kadence-advancedbtn .kb-btn26176_def1c0-50.kb-button:focus{color:#ffffff;background:rgb(255, 105, 0);border-top-color:rgba(68, 68, 68, 0.09);border-top-style:solid;border-right-color:rgba(68, 68, 68, 0.09);border-right-style:solid;border-bottom-color:rgba(68, 68, 68, 0.09);border-bottom-style:solid;border-left-color:rgba(68, 68, 68, 0.09);border-left-style:solid;}@media all and (max-width: 1024px){.wp-block-kadence-advancedbtn .kb-btn26176_def1c0-50.kb-button{border-top-color:rgb(242, 148, 0);border-top-style:solid;border-right-color:rgb(242, 148, 0);border-right-style:solid;border-bottom-color:rgb(242, 148, 0);border-bottom-style:solid;border-left-color:rgb(242, 148, 0);border-left-style:solid;}}@media all and (max-width: 1024px){.wp-block-kadence-advancedbtn .kb-btn26176_def1c0-50.kb-button:hover, .wp-block-kadence-advancedbtn .kb-btn26176_def1c0-50.kb-button:focus{border-top-color:rgba(68, 68, 68, 0.09);border-top-style:solid;border-right-color:rgba(68, 68, 68, 0.09);border-right-style:solid;border-bottom-color:rgba(68, 68, 68, 0.09);border-bottom-style:solid;border-left-color:rgba(68, 68, 68, 0.09);border-left-style:solid;}}@media all and (max-width: 767px){.wp-block-kadence-advancedbtn .kb-btn26176_def1c0-50.kb-button{border-top-color:rgb(242, 148, 0);border-top-style:solid;border-right-color:rgb(242, 148, 0);border-right-style:solid;border-bottom-color:rgb(242, 148, 0);border-bottom-style:solid;border-left-color:rgb(242, 148, 0);border-left-style:solid;}.wp-block-kadence-advancedbtn .kb-btn26176_def1c0-50.kb-button:hover, .wp-block-kadence-advancedbtn .kb-btn26176_def1c0-50.kb-button:focus{border-top-color:rgba(68, 68, 68, 0.09);border-top-style:solid;border-right-color:rgba(68, 68, 68, 0.09);border-right-style:solid;border-bottom-color:rgba(68, 68, 68, 0.09);border-bottom-style:solid;border-left-color:rgba(68, 68, 68, 0.09);border-left-style:solid;}}<\/style><a class=\"kb-button kt-button button kb-btn26176_def1c0-50 kt-btn-size-standard kt-btn-width-type-auto kb-btn-global-outline  kt-btn-has-text-true kt-btn-has-svg-false  wp-block-kadence-singlebtn\" href=\"\/\" target=\"_blank\" rel=\"noreferrer noopener\"><span class=\"kt-btn-inner-text\">Hier geht&#8217;s zum Online Shop<\/span><\/a><\/div>\n\n\n\n<p><\/p>\n","protected":false},"excerpt":{"rendered":"<p>Verr\u00fcckt &#8211; schon wieder ein Jahr vorbei. Diesen Spruch haben wohl viele von uns im Kopf, wenn sie an die letzten 12 Monate denken. Auch in unserem Haus ist wieder eine Menge passiert, lasst uns noch einmal einige Highlights Revue passieren.<\/p>\n","protected":false},"author":33,"featured_media":26362,"comment_status":"open","ping_status":"open","sticky":false,"template":"","format":"standard","meta":{"footnotes":""},"categories":[63],"tags":[1236,1238,189,183,1025],"class_list":["post-26176","post","type-post","status-publish","format-standard","has-post-thumbnail","hentry","category-insight","tag-jahresrueckblick","tag-kollegen","tag-mitarbeiter","tag-sachsen-fahnen","tag-vispronet"],"_links":{"self":[{"href":"https:\/\/www.vispronet.de\/blog\/wp-json\/wp\/v2\/posts\/26176","targetHints":{"allow":["GET"]}}],"collection":[{"href":"https:\/\/www.vispronet.de\/blog\/wp-json\/wp\/v2\/posts"}],"about":[{"href":"https:\/\/www.vispronet.de\/blog\/wp-json\/wp\/v2\/types\/post"}],"author":[{"embeddable":true,"href":"https:\/\/www.vispronet.de\/blog\/wp-json\/wp\/v2\/users\/33"}],"replies":[{"embeddable":true,"href":"https:\/\/www.vispronet.de\/blog\/wp-json\/wp\/v2\/comments?post=26176"}],"version-history":[{"count":113,"href":"https:\/\/www.vispronet.de\/blog\/wp-json\/wp\/v2\/posts\/26176\/revisions"}],"predecessor-version":[{"id":26550,"href":"https:\/\/www.vispronet.de\/blog\/wp-json\/wp\/v2\/posts\/26176\/revisions\/26550"}],"wp:featuredmedia":[{"embeddable":true,"href":"https:\/\/www.vispronet.de\/blog\/wp-json\/wp\/v2\/media\/26362"}],"wp:attachment":[{"href":"https:\/\/www.vispronet.de\/blog\/wp-json\/wp\/v2\/media?parent=26176"}],"wp:term":[{"taxonomy":"category","embeddable":true,"href":"https:\/\/www.vispronet.de\/blog\/wp-json\/wp\/v2\/categories?post=26176"},{"taxonomy":"post_tag","embeddable":true,"href":"https:\/\/www.vispronet.de\/blog\/wp-json\/wp\/v2\/tags?post=26176"}],"curies":[{"name":"wp","href":"https:\/\/api.w.org\/{rel}","templated":true}]}}