{"id":26590,"date":"2025-02-02T08:33:24","date_gmt":"2025-02-02T07:33:24","guid":{"rendered":"https:\/\/www.vispronet.de\/blog\/?p=26590"},"modified":"2025-12-02T08:33:30","modified_gmt":"2025-12-02T07:33:30","slug":"modularer-messebau-lightbox","status":"publish","type":"post","link":"https:\/\/www.vispronet.de\/blog\/modularer-messebau-lightbox\/","title":{"rendered":"Modularer Messebau leicht gemacht (Teil 1)"},"content":{"rendered":"\n<p>Modular aufgebaute Messesysteme sind die ideale L\u00f6sung f\u00fcr flexible und individuelle Messest\u00e4nde. Sie passen sich optimal an unterschiedliche Standfl\u00e4chen und Anforderungen an \u2013 <strong>Modularer Messebau<\/strong>: nachhaltig, vielseitig und immer wieder neu gestaltbar.<\/p>\n\n\n\n<div class=\"wp-block-group\"><div class=\"wp-block-group__inner-container is-layout-constrained wp-block-group-is-layout-constrained\">\n<h2 class=\"wp-block-heading\">Teil 1: Messesystem Lightbox flex<\/h2>\n\n\n\n<div class=\"wp-block-media-text has-media-on-the-right is-stacked-on-mobile is-vertically-aligned-center\"><div class=\"wp-block-media-text__content\">\n<h3 class=\"wp-block-heading\">Modularer Messebau mit <br>Eck-Modul 90\u00b0<\/h3>\n\n\n\n<p>Mit dem Zubeh\u00f6r-Set f\u00fcr das <strong>Eck-Modul 90\u00b0<\/strong> kannst du zwei<strong> Lightbox Flex<\/strong>-Messew\u00e4nde im rechten Winkel verbinden \u2013 ganz gleich, welche Breite oder H\u00f6he die W\u00e4nde haben. Damit nutzt du deinen Messestand perfekt aus, auch in kleinen oder ungew\u00f6hnlich geschnittenen Fl\u00e4chen.<\/p>\n<\/div><figure class=\"wp-block-media-text__media\"><a href=\"https:\/\/www.vispronet.de\/blog\/wp-content\/uploads\/modularer-messebau-lightbox-eckmodul-2x2-1.jpg\" data-rel=\"lightbox-image-0\" data-magnific_type=\"image\" data-rl_title=\"\" data-rl_caption=\"\" title=\"\"><img loading=\"lazy\" decoding=\"async\" width=\"1000\" height=\"750\" src=\"https:\/\/www.vispronet.de\/blog\/wp-content\/uploads\/modularer-messebau-lightbox-eckmodul-2x2-1.jpg\" alt=\"Modularer Messebau mit 2 Messew\u00e4nden 2x2 m\" class=\"wp-image-26696 size-full\" srcset=\"https:\/\/www.vispronet.de\/blog\/wp-content\/uploads\/modularer-messebau-lightbox-eckmodul-2x2-1.jpg 1000w, https:\/\/www.vispronet.de\/blog\/wp-content\/uploads\/modularer-messebau-lightbox-eckmodul-2x2-1-768x576.jpg 768w, https:\/\/www.vispronet.de\/blog\/wp-content\/uploads\/modularer-messebau-lightbox-eckmodul-2x2-1-300x225.jpg 300w, https:\/\/www.vispronet.de\/blog\/wp-content\/uploads\/modularer-messebau-lightbox-eckmodul-2x2-1-440x330.jpg 440w\" sizes=\"auto, (max-width: 1000px) 100vw, 1000px\" \/><\/a><\/figure><\/div>\n\n\n\n<div class=\"wp-block-columns has-sehr-helles-grau-background-color has-background is-layout-flex wp-container-core-columns-is-layout-9d6595d7 wp-block-columns-is-layout-flex\">\n<div class=\"wp-block-column is-layout-flow wp-block-column-is-layout-flow\">\n<div class=\"wp-block-columns is-layout-flex wp-container-core-columns-is-layout-9d6595d7 wp-block-columns-is-layout-flex\">\n<div class=\"wp-block-column is-layout-flow wp-block-column-is-layout-flow\"><div class=\"wp-block-image no-border\">\n<figure class=\"aligncenter size-full\"><a href=\"\/werbetechnik\/messestand\/messesysteme\/zubehoer-lightbox-flex\/zubehor-set-fur-messewand-lightbox-flex-eck-modul\/\" target=\"_blank\" rel=\" noreferrer noopener\"><img decoding=\"async\" src=\"https:\/\/www.vispronet.de\/blog\/wp-content\/uploads\/zubehoer-set-lightbox-flex-90-grad-eckmodul.jpg\" alt=\"\" class=\"wp-image-26672\" style=\"aspect-ratio:1;object-fit:contain\"\/><\/a><\/figure>\n<\/div>\n\n<style>.wp-block-kadence-advancedbtn.kb-btns26590_ee4b06-0a{gap:var(--global-kb-gap-xs, 0.5rem );justify-content:center;align-items:center;}.kt-btns26590_ee4b06-0a .kt-button{font-weight:normal;font-style:normal;}.kt-btns26590_ee4b06-0a .kt-btn-wrap-0{margin-right:5px;}.wp-block-kadence-advancedbtn.kt-btns26590_ee4b06-0a .kt-btn-wrap-0 .kt-button{color:#555555;border-color:#555555;}.wp-block-kadence-advancedbtn.kt-btns26590_ee4b06-0a .kt-btn-wrap-0 .kt-button:hover, .wp-block-kadence-advancedbtn.kt-btns26590_ee4b06-0a .kt-btn-wrap-0 .kt-button:focus{color:#ffffff;border-color:#444444;}.wp-block-kadence-advancedbtn.kt-btns26590_ee4b06-0a .kt-btn-wrap-0 .kt-button::before{display:none;}.wp-block-kadence-advancedbtn.kt-btns26590_ee4b06-0a .kt-btn-wrap-0 .kt-button:hover, .wp-block-kadence-advancedbtn.kt-btns26590_ee4b06-0a .kt-btn-wrap-0 .kt-button:focus{background:#444444;}<\/style>\n<div class=\"wp-block-kadence-advancedbtn kb-buttons-wrap kb-btns26590_ee4b06-0a\"><style>ul.menu .wp-block-kadence-advancedbtn .kb-btn26590_89445b-99.kb-button{width:initial;}.wp-block-kadence-advancedbtn .kb-btn26590_89445b-99.kb-button{background:rgb(242, 148, 0);}<\/style><a class=\"kb-button kt-button button kb-btn26590_89445b-99 kt-btn-size-standard kt-btn-width-type-auto kb-btn-global-fill  kt-btn-has-text-true kt-btn-has-svg-false  wp-block-kadence-singlebtn\" href=\"\/werbetechnik\/messestand\/messesysteme\/zubehoer-lightbox-flex\/zubehor-set-fur-messewand-lightbox-flex-eck-modul\/\" target=\"_blank\" rel=\"noreferrer noopener\" data-kb-tooltip-content=\"Zubeh\u00f6r-Set Eckmodul 90\u00b0 f\u00fcr Messew\u00e4nde Lightbox flex kaufen\n\"><span class=\"kt-btn-inner-text\">Zubeh\u00f6r-Set Eckmodul 90\u00b0<\/span><\/a><\/div>\n<\/div>\n\n\n\n<div class=\"wp-block-column is-layout-flow wp-block-column-is-layout-flow\">\n<figure class=\"wp-block-image size-full no-border\"><a href=\"\/werbetechnik\/messestand\/messesysteme\/lightbox-messewand-flex\/\" target=\"_blank\" rel=\" noreferrer noopener\"><img loading=\"lazy\" decoding=\"async\" width=\"1600\" height=\"1600\" src=\"https:\/\/www.vispronet.de\/blog\/wp-content\/uploads\/lightbox-flex-3m-beleuchtet.jpg\" alt=\"Messewand Lightbox flex\" class=\"wp-image-26596\" style=\"aspect-ratio:1;object-fit:contain\" srcset=\"https:\/\/www.vispronet.de\/blog\/wp-content\/uploads\/lightbox-flex-3m-beleuchtet.jpg 1600w, https:\/\/www.vispronet.de\/blog\/wp-content\/uploads\/lightbox-flex-3m-beleuchtet-768x768.jpg 768w, https:\/\/www.vispronet.de\/blog\/wp-content\/uploads\/lightbox-flex-3m-beleuchtet-1024x1024.jpg 1024w, https:\/\/www.vispronet.de\/blog\/wp-content\/uploads\/lightbox-flex-3m-beleuchtet-150x150.jpg 150w, https:\/\/www.vispronet.de\/blog\/wp-content\/uploads\/lightbox-flex-3m-beleuchtet-300x300.jpg 300w, https:\/\/www.vispronet.de\/blog\/wp-content\/uploads\/lightbox-flex-3m-beleuchtet-440x440.jpg 440w, https:\/\/www.vispronet.de\/blog\/wp-content\/uploads\/lightbox-flex-3m-beleuchtet-1500x1500.jpg 1500w\" sizes=\"auto, (max-width: 1600px) 100vw, 1600px\" \/><\/a><\/figure>\n\n\n<style>.wp-block-kadence-advancedbtn.kb-btns26590_94e0d3-b8{gap:var(--global-kb-gap-xs, 0.5rem );justify-content:center;align-items:center;}.kt-btns26590_94e0d3-b8 .kt-button{font-weight:normal;font-style:normal;}.kt-btns26590_94e0d3-b8 .kt-btn-wrap-0{margin-right:5px;}.wp-block-kadence-advancedbtn.kt-btns26590_94e0d3-b8 .kt-btn-wrap-0 .kt-button{color:#555555;border-color:#555555;}.wp-block-kadence-advancedbtn.kt-btns26590_94e0d3-b8 .kt-btn-wrap-0 .kt-button:hover, .wp-block-kadence-advancedbtn.kt-btns26590_94e0d3-b8 .kt-btn-wrap-0 .kt-button:focus{color:#ffffff;border-color:#444444;}.wp-block-kadence-advancedbtn.kt-btns26590_94e0d3-b8 .kt-btn-wrap-0 .kt-button::before{display:none;}.wp-block-kadence-advancedbtn.kt-btns26590_94e0d3-b8 .kt-btn-wrap-0 .kt-button:hover, .wp-block-kadence-advancedbtn.kt-btns26590_94e0d3-b8 .kt-btn-wrap-0 .kt-button:focus{background:#444444;}<\/style>\n<div class=\"wp-block-kadence-advancedbtn kb-buttons-wrap kb-btns26590_94e0d3-b8\"><style>ul.menu .wp-block-kadence-advancedbtn .kb-btn26590_4cdf9d-3b.kb-button{width:initial;}.wp-block-kadence-advancedbtn .kb-btn26590_4cdf9d-3b.kb-button{background:rgb(242, 148, 0);}<\/style><a class=\"kb-button kt-button button kb-btn26590_4cdf9d-3b kt-btn-size-standard kt-btn-width-type-auto kb-btn-global-fill  kt-btn-has-text-true kt-btn-has-svg-false  wp-block-kadence-singlebtn\" href=\"\/werbetechnik\/messestand\/messesysteme\/lightbox-messewand-flex\/\" target=\"_blank\" rel=\"noreferrer noopener\" data-kb-tooltip-content=\"Messewand Lightbox flex drucken lassen\"><span class=\"kt-btn-inner-text\">Messewand Lightbox flex<\/span><\/a><\/div>\n<\/div>\n<\/div>\n<\/div>\n\n\n\n<div class=\"wp-block-column is-vertically-aligned-center is-layout-flow wp-block-column-is-layout-flow\">\n<p>Das Eckmodul 90\u00b0 wird aus aus diesen Produkten montiert:<\/p>\n\n\n\n<ul class=\"wp-block-list\">\n<li><strong>1x<\/strong> Zubeh\u00f6r-Set Eck-Modul 90\u00b0<\/li>\n\n\n\n<li><strong>2x<\/strong> Messew\u00e4nde Lightbox flex<br><\/li>\n<\/ul>\n\n\n\n<p class=\"has-small-font-size\">Es k\u00f6nnen W\u00e4nde in unterschiedlichen Breiten und H\u00f6hen mit dem Zubeh\u00f6r-Set verbunden werden.<\/p>\n<\/div>\n<\/div>\n<\/div><\/div>\n\n\n\n<div class=\"wp-block-group\"><div class=\"wp-block-group__inner-container is-layout-constrained wp-block-group-is-layout-constrained\">\n<h3 class=\"wp-block-heading\">Was macht das Zubeh\u00f6r-Set so besonders?<\/h3>\n\n\n\n<p>Das Zubeh\u00f6r-Set f\u00fcr das Eck-Modul 90\u00b0 bringt alles mit, was du f\u00fcr eine stabile und professionelle Verbindung deiner Messew\u00e4nde brauchst:<\/p>\n\n\n\n<div class=\"wp-block-columns is-layout-flex wp-container-core-columns-is-layout-9d6595d7 wp-block-columns-is-layout-flex\">\n<div class=\"wp-block-column is-layout-flow wp-block-column-is-layout-flow\"><div class=\"wp-block-image\">\n<figure class=\"aligncenter size-medium\"><a href=\"https:\/\/www.vispronet.de\/blog\/wp-content\/uploads\/90-grad-verbinder.jpg\" data-rel=\"lightbox-image-1\" data-magnific_type=\"image\" data-rl_title=\"\" data-rl_caption=\"\" title=\"\"><img loading=\"lazy\" decoding=\"async\" width=\"768\" height=\"768\" src=\"https:\/\/www.vispronet.de\/blog\/wp-content\/uploads\/90-grad-verbinder-768x768.jpg\" alt=\"90\u00b0-Verbinder f\u00fcr modularen Messebau\" class=\"wp-image-26564\" srcset=\"https:\/\/www.vispronet.de\/blog\/wp-content\/uploads\/90-grad-verbinder-768x768.jpg 768w, https:\/\/www.vispronet.de\/blog\/wp-content\/uploads\/90-grad-verbinder-150x150.jpg 150w, https:\/\/www.vispronet.de\/blog\/wp-content\/uploads\/90-grad-verbinder-300x300.jpg 300w, https:\/\/www.vispronet.de\/blog\/wp-content\/uploads\/90-grad-verbinder-440x440.jpg 440w, https:\/\/www.vispronet.de\/blog\/wp-content\/uploads\/90-grad-verbinder.jpg 1000w\" sizes=\"auto, (max-width: 768px) 100vw, 768px\" \/><\/a><\/figure>\n<\/div>\n\n\n<h4 class=\"wp-block-heading has-text-align-center\"><strong>3x 90\u00b0-Verbinder<\/strong><\/h4>\n\n\n\n<p class=\"has-text-align-center\">Sie garantieren, dass deine Messew\u00e4nde pr\u00e4zise im rechten Winkel stehen.<\/p>\n<\/div>\n\n\n\n<div class=\"wp-block-column is-layout-flow wp-block-column-is-layout-flow\"><div class=\"wp-block-image\">\n<figure class=\"aligncenter size-medium\"><a href=\"https:\/\/www.vispronet.de\/blog\/wp-content\/uploads\/eckverbinder.jpg\" data-rel=\"lightbox-image-2\" data-magnific_type=\"image\" data-rl_title=\"\" data-rl_caption=\"\" title=\"\"><img loading=\"lazy\" decoding=\"async\" width=\"768\" height=\"768\" src=\"https:\/\/www.vispronet.de\/blog\/wp-content\/uploads\/eckverbinder-768x768.jpg\" alt=\"Eckverbinder\" class=\"wp-image-26566\" style=\"aspect-ratio:1;object-fit:cover\" srcset=\"https:\/\/www.vispronet.de\/blog\/wp-content\/uploads\/eckverbinder-768x768.jpg 768w, https:\/\/www.vispronet.de\/blog\/wp-content\/uploads\/eckverbinder-150x150.jpg 150w, https:\/\/www.vispronet.de\/blog\/wp-content\/uploads\/eckverbinder-300x300.jpg 300w, https:\/\/www.vispronet.de\/blog\/wp-content\/uploads\/eckverbinder-440x440.jpg 440w, https:\/\/www.vispronet.de\/blog\/wp-content\/uploads\/eckverbinder.jpg 1000w\" sizes=\"auto, (max-width: 768px) 100vw, 768px\" \/><\/a><\/figure>\n<\/div>\n\n\n<h4 class=\"wp-block-heading has-text-align-center\"><strong>2x Eckverbinder<\/strong><\/h4>\n\n\n\n<p class=\"has-text-align-center\">Diese sorgen f\u00fcr eine stabile Verbindung der Rahmenprofile.<\/p>\n<\/div>\n\n\n\n<div class=\"wp-block-column is-layout-flow wp-block-column-is-layout-flow\"><div class=\"wp-block-image\">\n<figure class=\"aligncenter size-medium\"><a href=\"https:\/\/www.vispronet.de\/blog\/wp-content\/uploads\/fussplatte.jpg\" data-rel=\"lightbox-image-3\" data-magnific_type=\"image\" data-rl_title=\"\" data-rl_caption=\"\" title=\"\"><img loading=\"lazy\" decoding=\"async\" width=\"768\" height=\"768\" src=\"https:\/\/www.vispronet.de\/blog\/wp-content\/uploads\/fussplatte-768x768.jpg\" alt=\"Fu\u00dfplatte f\u00fcr Eck-Modul Lightbox flex\" class=\"wp-image-26570\" srcset=\"https:\/\/www.vispronet.de\/blog\/wp-content\/uploads\/fussplatte-768x768.jpg 768w, https:\/\/www.vispronet.de\/blog\/wp-content\/uploads\/fussplatte-150x150.jpg 150w, https:\/\/www.vispronet.de\/blog\/wp-content\/uploads\/fussplatte-300x300.jpg 300w, https:\/\/www.vispronet.de\/blog\/wp-content\/uploads\/fussplatte-440x440.jpg 440w, https:\/\/www.vispronet.de\/blog\/wp-content\/uploads\/fussplatte.jpg 1000w\" sizes=\"auto, (max-width: 768px) 100vw, 768px\" \/><\/a><\/figure>\n<\/div>\n\n\n<h4 class=\"wp-block-heading has-text-align-center\"><strong>2x Fu\u00dfplatten<\/strong><\/h4>\n\n\n\n<p class=\"has-text-align-center\">Sie gew\u00e4hrleisten fast unsichtbar den sicheren Stand deiner Messew\u00e4nde.<\/p>\n<\/div>\n<\/div>\n\n\n\n<p>Alle Komponenten sind hochwertig verarbeitet und auf den wiederholten Einsatz ausgelegt \u2013 perfekt f\u00fcr den <strong>modularen Messebau<\/strong> und deinen n\u00e4chsten Event-Marathon!<\/p>\n<\/div><\/div>\n\n\n\n<div class=\"wp-block-group has-white-background-color has-background\"><div class=\"wp-block-group__inner-container is-layout-constrained wp-block-group-is-layout-constrained\">\n<h3 class=\"wp-block-heading\"><strong>Einfache Montage \u2013 ganz ohne Werkzeug<\/strong><\/h3>\n\n\n\n<div class=\"wp-block-media-text is-stacked-on-mobile\" style=\"grid-template-columns:30% auto\"><figure class=\"wp-block-media-text__media\"><a href=\"https:\/\/www.vispronet.de\/blog\/wp-content\/uploads\/vorbereitung.gif\" data-rel=\"lightbox-image-4\" data-magnific_type=\"image\" data-rl_title=\"\" data-rl_caption=\"\" title=\"\"><img loading=\"lazy\" decoding=\"async\" width=\"600\" height=\"450\" src=\"https:\/\/www.vispronet.de\/blog\/wp-content\/uploads\/vorbereitung.gif\" alt=\"Eckverbinder einsetzen\" class=\"wp-image-26588 size-full\"\/><\/a><\/figure><div class=\"wp-block-media-text__content\">\n<p><strong>Vorbereiten<\/strong>:<br>Entferne die Standf\u00fc\u00dfe von den zu verbindenden Seiten der Messew\u00e4nde und ersetze sie durch Eckverbinder. Mit den Eckverbindern sorgst du f\u00fcr eine stabile und passgenaue Montage der Messewand-Rahmen.<\/p>\n\n\n\n<div style=\"height:10px\" aria-hidden=\"true\" class=\"wp-block-spacer\"><\/div>\n\n\n\n<p class=\"has-small-font-size\">(Bild zum Vergr\u00f6\u00dfern anklicken!)<\/p>\n<\/div><\/div>\n\n\n\n<div class=\"wp-block-media-text is-stacked-on-mobile\" style=\"grid-template-columns:30% auto\"><figure class=\"wp-block-media-text__media\"><a href=\"https:\/\/www.vispronet.de\/blog\/wp-content\/uploads\/fussplatte-einsetzen.gif\" data-rel=\"lightbox-image-5\" data-magnific_type=\"image\" data-rl_title=\"\" data-rl_caption=\"\" title=\"\"><img loading=\"lazy\" decoding=\"async\" width=\"600\" height=\"450\" src=\"https:\/\/www.vispronet.de\/blog\/wp-content\/uploads\/fussplatte-einsetzen.gif\" alt=\"Fu\u00dfplatte anbringen\" class=\"wp-image-26572 size-full\"\/><\/a><\/figure><div class=\"wp-block-media-text__content\">\n<p><strong>Standfest machen<\/strong>:<br>Schiebe anschlie\u00dfend die Fu\u00dfplatten in die Schienen unterhalb der LED-Profile ein.<\/p>\n<\/div><\/div>\n\n\n\n<div class=\"wp-block-media-text is-stacked-on-mobile\" style=\"grid-template-columns:30% auto\"><figure class=\"wp-block-media-text__media\"><a href=\"https:\/\/www.vispronet.de\/blog\/wp-content\/uploads\/messewand-ausrichten.jpg\" data-rel=\"lightbox-image-6\" data-magnific_type=\"image\" data-rl_title=\"\" data-rl_caption=\"\" title=\"\"><img loading=\"lazy\" decoding=\"async\" width=\"1000\" height=\"750\" src=\"https:\/\/www.vispronet.de\/blog\/wp-content\/uploads\/messewand-ausrichten.jpg\" alt=\"Messew\u00e4nde im 90\u00b0-Winkel ausrichten\" class=\"wp-image-26578 size-full\" srcset=\"https:\/\/www.vispronet.de\/blog\/wp-content\/uploads\/messewand-ausrichten.jpg 1000w, https:\/\/www.vispronet.de\/blog\/wp-content\/uploads\/messewand-ausrichten-768x576.jpg 768w, https:\/\/www.vispronet.de\/blog\/wp-content\/uploads\/messewand-ausrichten-300x225.jpg 300w, https:\/\/www.vispronet.de\/blog\/wp-content\/uploads\/messewand-ausrichten-440x330.jpg 440w\" sizes=\"auto, (max-width: 1000px) 100vw, 1000px\" \/><\/a><\/figure><div class=\"wp-block-media-text__content\">\n<p><strong>Positionieren<\/strong>:<br>Richte die beiden Messew\u00e4nde im 90\u00b0-Winkel aus. Alle Messew\u00e4nde der Lightbox Flex-Serie lassen sich flexibel kombinieren &#8211;&nbsp;unabh\u00e4ngig von ihrer Breite oder H\u00f6he.<\/p>\n<\/div><\/div>\n\n\n\n<div class=\"wp-block-media-text is-stacked-on-mobile\" style=\"grid-template-columns:30% auto\"><figure class=\"wp-block-media-text__media\"><a href=\"https:\/\/www.vispronet.de\/blog\/wp-content\/uploads\/eckverbinder-anbringen.jpg\" data-rel=\"lightbox-image-7\" data-magnific_type=\"image\" data-rl_title=\"\" data-rl_caption=\"\" title=\"\"><img loading=\"lazy\" decoding=\"async\" width=\"1000\" height=\"750\" src=\"https:\/\/www.vispronet.de\/blog\/wp-content\/uploads\/eckverbinder-anbringen.jpg\" alt=\"90\u00b0-Verbinder in \u00e4u\u00dfere Nut der Rahmen einklicken\" class=\"wp-image-26568 size-full\" srcset=\"https:\/\/www.vispronet.de\/blog\/wp-content\/uploads\/eckverbinder-anbringen.jpg 1000w, https:\/\/www.vispronet.de\/blog\/wp-content\/uploads\/eckverbinder-anbringen-768x576.jpg 768w, https:\/\/www.vispronet.de\/blog\/wp-content\/uploads\/eckverbinder-anbringen-300x225.jpg 300w, https:\/\/www.vispronet.de\/blog\/wp-content\/uploads\/eckverbinder-anbringen-440x330.jpg 440w\" sizes=\"auto, (max-width: 1000px) 100vw, 1000px\" \/><\/a><\/figure><div class=\"wp-block-media-text__content\">\n<p><strong>Verbinden<\/strong>:<br>Klicke die 90\u00b0-Verbinder oben, unten und mittig in die \u00e4u\u00dfere Nut der seitlichen Rahmen ein. Die Hebel der Schnellspanner m\u00fcssen dabei jeweils nach vorn aufgeklappt sein und zur Seite zeigen.<br><\/p>\n<\/div><\/div>\n\n\n\n<div class=\"wp-block-media-text is-stacked-on-mobile\" style=\"grid-template-columns:30% auto\"><figure class=\"wp-block-media-text__media\"><a href=\"https:\/\/www.vispronet.de\/blog\/wp-content\/uploads\/schnellspanner-schliessen.jpg\" data-rel=\"lightbox-image-8\" data-magnific_type=\"image\" data-rl_title=\"\" data-rl_caption=\"\" title=\"\"><img loading=\"lazy\" decoding=\"async\" width=\"1000\" height=\"750\" src=\"https:\/\/www.vispronet.de\/blog\/wp-content\/uploads\/schnellspanner-schliessen.jpg\" alt=\"Schnellspanner an Eckverbindern schlie\u00dfen\" class=\"wp-image-26586 size-full\" srcset=\"https:\/\/www.vispronet.de\/blog\/wp-content\/uploads\/schnellspanner-schliessen.jpg 1000w, https:\/\/www.vispronet.de\/blog\/wp-content\/uploads\/schnellspanner-schliessen-768x576.jpg 768w, https:\/\/www.vispronet.de\/blog\/wp-content\/uploads\/schnellspanner-schliessen-300x225.jpg 300w, https:\/\/www.vispronet.de\/blog\/wp-content\/uploads\/schnellspanner-schliessen-440x330.jpg 440w\" sizes=\"auto, (max-width: 1000px) 100vw, 1000px\" \/><\/a><\/figure><div class=\"wp-block-media-text__content\">\n<p><strong>Stabilisieren<\/strong>:<br>Schlie\u00dfe mit einer 90\u00b0-Drehung und dem Umklappen des Hebel nun die Schnellspanner&nbsp;&#8211; auf diese Weise sorgst du f\u00fcr eine stabile Verbindung beider Messew\u00e4nde.<\/p>\n<\/div><\/div>\n\n\n\n<div class=\"wp-block-media-text is-stacked-on-mobile\" style=\"grid-template-columns:30% auto\"><figure class=\"wp-block-media-text__media\"><a href=\"https:\/\/www.vispronet.de\/blog\/wp-content\/uploads\/motivwechsel.jpg\" data-rel=\"lightbox-image-9\" data-magnific_type=\"image\" data-rl_title=\"\" data-rl_caption=\"\" title=\"\"><img decoding=\"async\" src=\"https:\/\/www.vispronet.de\/blog\/wp-content\/uploads\/motivwechsel.jpg\" alt=\"Einfacher Motivwechsel durch Keder-Nut-Befestigung\" class=\"wp-image-26584 size-full\"\/><\/a><\/figure><div class=\"wp-block-media-text__content\">\n<p><strong>Druckteile anbringen<\/strong>:<br>Befestige die textilen Druckteile an den Rahmen. Dank der Keder-Nut-Befestigung lassen sie sich schnell und unkompliziert einschieben \u2013 f\u00fcr ein perfektes Ergebnis ohne Falten.<\/p>\n<\/div><\/div>\n<\/div><\/div>\n\n\n\n<div class=\"wp-block-group\"><div class=\"wp-block-group__inner-container is-layout-constrained wp-block-group-is-layout-constrained\">\n<h3 class=\"wp-block-heading\">Flexibilit\u00e4t trifft Nachhaltigkeit<\/h3>\n\n\n\n<p>Das Beste: Deine Messew\u00e4nde bleiben flexibel und nachhaltig nutzbar. Verwende sie einzeln, wenn du einen schlichten Aufbau brauchst, oder kombiniere sie mit dem Zubeh\u00f6r-Set zur Eckl\u00f6sung.<\/p>\n\n\n\n<div class=\"wp-block-media-text has-media-on-the-right is-stacked-on-mobile\"><div class=\"wp-block-media-text__content\">\n<p><strong>Und es wird noch besser:<\/strong><\/p>\n\n\n\n<p>Die individuell gestaltbaren Druckmotive sind dank der cleveren Keder-Nut-Befestigung ganz einfach austauschbar. Du kannst sie einzeln nachbestellen und so f\u00fcr jedes Event oder jede Messe ein neues, einzigartiges Design erstellen.<\/p>\n<\/div><figure class=\"wp-block-media-text__media\"><a href=\"https:\/\/www.vispronet.de\/blog\/wp-content\/uploads\/modularer-messebau-lightbox.jpg\" data-rel=\"lightbox-image-10\" data-magnific_type=\"image\" data-rl_title=\"\" data-rl_caption=\"\" title=\"\"><img loading=\"lazy\" decoding=\"async\" width=\"1000\" height=\"750\" src=\"https:\/\/www.vispronet.de\/blog\/wp-content\/uploads\/modularer-messebau-lightbox.jpg\" alt=\"Modularer Messebau - 90\u00b0-Eckmodul f\u00fcr Messew\u00e4nde Lightbox flex\" class=\"wp-image-26580 size-full\" srcset=\"https:\/\/www.vispronet.de\/blog\/wp-content\/uploads\/modularer-messebau-lightbox.jpg 1000w, https:\/\/www.vispronet.de\/blog\/wp-content\/uploads\/modularer-messebau-lightbox-768x576.jpg 768w, https:\/\/www.vispronet.de\/blog\/wp-content\/uploads\/modularer-messebau-lightbox-300x225.jpg 300w, https:\/\/www.vispronet.de\/blog\/wp-content\/uploads\/modularer-messebau-lightbox-440x330.jpg 440w\" sizes=\"auto, (max-width: 1000px) 100vw, 1000px\" \/><\/a><\/figure><\/div>\n\n\n\n<div class=\"wp-block-media-text is-stacked-on-mobile\" style=\"grid-template-columns:30% auto\"><figure class=\"wp-block-media-text__media\"><a href=\"https:\/\/www.vispronet.de\/blog\/wp-content\/uploads\/kedertool.jpg\" data-rel=\"lightbox-image-11\" data-magnific_type=\"image\" data-rl_title=\"\" data-rl_caption=\"\" title=\"\"><img loading=\"lazy\" decoding=\"async\" width=\"1000\" height=\"750\" src=\"https:\/\/www.vispronet.de\/blog\/wp-content\/uploads\/kedertool.jpg\" alt=\"Kedertool zum einfachen befestigen von Druckteilen mit Keder\" class=\"wp-image-26574 size-full\" srcset=\"https:\/\/www.vispronet.de\/blog\/wp-content\/uploads\/kedertool.jpg 1000w, https:\/\/www.vispronet.de\/blog\/wp-content\/uploads\/kedertool-768x576.jpg 768w, https:\/\/www.vispronet.de\/blog\/wp-content\/uploads\/kedertool-300x225.jpg 300w, https:\/\/www.vispronet.de\/blog\/wp-content\/uploads\/kedertool-440x330.jpg 440w\" sizes=\"auto, (max-width: 1000px) 100vw, 1000px\" \/><\/a><\/figure><div class=\"wp-block-media-text__content\">\n<p>F\u00fcr das m\u00fchelose Anbringen der Druckteile empfehlen wir dir unser praktisches <strong><a title=\"Keder-Tool kaufen\" href=\"\/werbetechnik\/messestand\/messesysteme\/zubehoer-lightbox-flex\/keder-tool\/\" target=\"_blank\" rel=\"noreferrer noopener\">Keder-Tool<\/a><\/strong>. Es erleichtert das Einschieben der Motive in die Keder-Nut und sorgt daf\u00fcr, dass alles perfekt sitzt \u2013 schnell, einfach und professionell!<\/p>\n<\/div><\/div>\n<\/div><\/div>\n\n\n\n<div class=\"wp-block-group has-background\" style=\"background:linear-gradient(135deg,rgb(205,255,204) 0%,rgb(235,250,240) 48%,rgb(3,208,88) 100%)\"><div class=\"wp-block-group__inner-container is-layout-constrained wp-block-group-is-layout-constrained\">\n<h3 class=\"wp-block-heading\"><strong>Warum modularer Messebau ein echter Gamechanger <\/strong>ist<\/h3>\n\n\n\n<ul class=\"wp-block-list is-no-space\">\n<li><strong>Maximale Anpassungsf\u00e4higkeit<\/strong>: Verbinde mehrere Messew\u00e4nde in jeder Gr\u00f6\u00dfe \u2013 ganz nach deinen Anforderungen.<\/li>\n\n\n\n<li><strong>Nachhaltig durch Modularit\u00e4t<\/strong>: Nutze die W\u00e4nde flexibel einzeln oder als Eckvariante.<\/li>\n\n\n\n<li><strong>Immer wieder neu<\/strong>: Wechsle die Druckmotive einfach aus und bringe frischen Wind in deinen Messestand.<\/li>\n\n\n\n<li><strong>Professioneller Look<\/strong>: Nahtlose Verbindungen sorgen f\u00fcr ein cleanes, hochwertiges Design.<\/li>\n<\/ul>\n<\/div><\/div>\n\n\n\n<div class=\"wp-block-group\"><div class=\"wp-block-group__inner-container is-layout-constrained wp-block-group-is-layout-constrained\">\n<h2 class=\"wp-block-heading\">Fazit<\/h2>\n\n\n\n<p>Mit Lightbox Flex Zubeh\u00f6r-Sets ist <strong>modularer Messebau<\/strong> super easy und du bist f\u00fcr jede Messe bestens ger\u00fcstet \u2013 einfach, flexibel und immer einen Schritt voraus!<\/p>\n<\/div><\/div>\n\n\n\n<p><\/p>\n","protected":false},"excerpt":{"rendered":"<p>Modular aufgebaute Messesysteme sind die ideale L\u00f6sung f\u00fcr flexible und individuelle Messest\u00e4nde. Sie passen sich optimal an unterschiedliche Standfl\u00e4chen und Anforderungen an \u2013 nachhaltig, vielseitig und immer wieder neu gestaltbar.<\/p>\n","protected":false},"author":36,"featured_media":26746,"comment_status":"open","ping_status":"open","sticky":false,"template":"","format":"standard","meta":{"footnotes":""},"categories":[65],"tags":[1248,1246,1260,1250,1178,1244,1180,1252,1254,1258,1256],"class_list":["post-26590","post","type-post","status-publish","format-standard","has-post-thumbnail","hentry","category-how-to","tag-eck-modul","tag-eclmodul","tag-flex","tag-lightbox","tag-messe","tag-messebau","tag-messestand","tag-messewand","tag-messewaende","tag-modular","tag-module"],"_links":{"self":[{"href":"https:\/\/www.vispronet.de\/blog\/wp-json\/wp\/v2\/posts\/26590","targetHints":{"allow":["GET"]}}],"collection":[{"href":"https:\/\/www.vispronet.de\/blog\/wp-json\/wp\/v2\/posts"}],"about":[{"href":"https:\/\/www.vispronet.de\/blog\/wp-json\/wp\/v2\/types\/post"}],"author":[{"embeddable":true,"href":"https:\/\/www.vispronet.de\/blog\/wp-json\/wp\/v2\/users\/36"}],"replies":[{"embeddable":true,"href":"https:\/\/www.vispronet.de\/blog\/wp-json\/wp\/v2\/comments?post=26590"}],"version-history":[{"count":83,"href":"https:\/\/www.vispronet.de\/blog\/wp-json\/wp\/v2\/posts\/26590\/revisions"}],"predecessor-version":[{"id":26912,"href":"https:\/\/www.vispronet.de\/blog\/wp-json\/wp\/v2\/posts\/26590\/revisions\/26912"}],"wp:featuredmedia":[{"embeddable":true,"href":"https:\/\/www.vispronet.de\/blog\/wp-json\/wp\/v2\/media\/26746"}],"wp:attachment":[{"href":"https:\/\/www.vispronet.de\/blog\/wp-json\/wp\/v2\/media?parent=26590"}],"wp:term":[{"taxonomy":"category","embeddable":true,"href":"https:\/\/www.vispronet.de\/blog\/wp-json\/wp\/v2\/categories?post=26590"},{"taxonomy":"post_tag","embeddable":true,"href":"https:\/\/www.vispronet.de\/blog\/wp-json\/wp\/v2\/tags?post=26590"}],"curies":[{"name":"wp","href":"https:\/\/api.w.org\/{rel}","templated":true}]}}