{"id":269,"date":"2025-07-23T07:00:00","date_gmt":"2025-07-23T05:00:00","guid":{"rendered":"https:\/\/www.vispronet.de\/blog\/?p=269"},"modified":"2025-08-07T09:17:25","modified_gmt":"2025-08-07T07:17:25","slug":"druckdaten-erstellen","status":"publish","type":"post","link":"https:\/\/www.vispronet.de\/blog\/druckdaten-erstellen\/","title":{"rendered":"Druckdaten erstellen &#8211; Ein Leitfaden f\u00fcr die erfolgreiche Datenpr\u00fcfung"},"content":{"rendered":"\n<p>Du m\u00f6chtest im Handumdrehen die Bestellung deines Wunschproduktes erledigen? In unserem Leitfaden findest du alle wichtigen Informationen f\u00fcr das Erstellen deiner Druckdaten und einer <strong>erfolgreichen Datenpr\u00fcfung<\/strong>.<\/p>\n\n\n\n<ul class=\"wp-block-list\">\n<li><a href=\"#layout\">Layoutvorlage<\/a>\n<ul class=\"wp-block-list\">\n<li><a href=\"#datenformat\">Datenformat <\/a><\/li>\n\n\n\n<li><a href=\"#color\">Farben <\/a><\/li>\n\n\n\n<li><a href=\"#resolution\">Aufl\u00f6sung <\/a><\/li>\n\n\n\n<li><a href=\"#line\">Linienst\u00e4rke <\/a><\/li>\n\n\n\n<li><a href=\"#fonts\">Schriften <\/a><\/li>\n\n\n\n<li><a href=\"#reference\">Kontrollpfade \/ Vorlagenlinien <\/a><\/li>\n\n\n\n<li><a href=\"#pages\">Produkte mit mehreren Seiten <\/a><\/li>\n\n\n\n<li><a href=\"#sketch\">Skizzen <\/a><\/li>\n<\/ul>\n<\/li>\n\n\n\n<li><a href=\"#store\">Wie erstellst man eine druckreife PDF? <\/a><\/li>\n\n\n\n<li><a href=\"#check\">Druckdaten Pr\u00fcfung <\/a><\/li>\n\n\n\n<li><a href=\"#checklist\">Checkliste: So lieferst Du perfekte Druckdaten<\/a><\/li>\n\n\n\n<li><a href=\"#faq\">H\u00e4ufig gestellte Fragen (FAQ)<\/a><\/li>\n\n\n\n<li><a href=\"#help\">Hilfe und Tutorials zur Dateierstellung<\/a><\/li>\n<\/ul>\n\n\n\n<hr class=\"wp-block-separator has-css-opacity\"\/>\n\n\n\n<h2 class=\"wp-block-heading has-vispronet-blue-color has-text-color\" id=\"layout\">Die Layoutvorlage<\/h2>\n\n\n\n<p>Gestalte dein Produkt exakt nach deinen W\u00fcnschen. Wir stellen dir f\u00fcr jedes individuell bedruckbare Erzeugnis eine passende Layoutvorlage zum Download bereit. Diese enth\u00e4lt alle wichtigen Infos zu Format, Beschnitt- und Konfektionszugaben &#8211; abgestimmt auf das jeweilige Produkt. So gelingt die Druckdaten-Erstellung schnell und fehlerfrei.<\/p>\n\n\n\n<h3 class=\"wp-block-heading\">Wo findest Du die Layoutvorlage?<\/h3>\n\n\n\n<ul class=\"wp-block-list\">\n<li><strong>W\u00e4hle dein Wunschprodukt <\/strong>in unserem <a href=\"\/\" target=\"_blank\" rel=\"noreferrer noopener\">Online-Shop<\/a>.<\/li>\n\n\n\n<li><strong>Triff alle gew\u00fcnschten Einstellungen<\/strong> (z.B. Gr\u00f6\u00dfe, Material, Ausf\u00fchrung). Je nach Produkt variieren die verf\u00fcgbaren Optionen.<\/li>\n\n\n\n<li><strong>Lade die Gestaltungsvorlage herunter.<\/strong> Den Download-Link findest du auf jeder Produktdetailseite mit individuell bedruckbaren Erzeugnissen.<\/li>\n<\/ul>\n\n\n<div class=\"wp-block-image\">\n<figure class=\"aligncenter size-full\"><img loading=\"lazy\" decoding=\"async\" width=\"901\" height=\"892\" src=\"https:\/\/www.vispronet.de\/blog\/wp-content\/uploads\/layoutvorlage-1.jpg\" alt=\"Layoutvorlage f\u00fcr Hissfahne im Hochformat\" class=\"wp-image-27914\" srcset=\"https:\/\/www.vispronet.de\/blog\/wp-content\/uploads\/layoutvorlage-1.jpg 901w, https:\/\/www.vispronet.de\/blog\/wp-content\/uploads\/layoutvorlage-1-768x760.jpg 768w, https:\/\/www.vispronet.de\/blog\/wp-content\/uploads\/layoutvorlage-1-150x150.jpg 150w, https:\/\/www.vispronet.de\/blog\/wp-content\/uploads\/layoutvorlage-1-300x297.jpg 300w, https:\/\/www.vispronet.de\/blog\/wp-content\/uploads\/layoutvorlage-1-440x436.jpg 440w\" sizes=\"auto, (max-width: 901px) 100vw, 901px\" \/><figcaption class=\"wp-element-caption\">Beispiel Layoutvorlage f\u00fcr eine Hissfahne im Hochformat<\/figcaption><\/figure>\n<\/div>\n\n\n<p class=\"has-text-align-center\"><strong>Schau dir zuerst alle wichtigen Angaben in der grauen Hinweisbox auf Seite 1 der PDF-Datei an.<\/strong><\/p>\n\n\n\n<h3 class=\"wp-block-heading has-vispronet-blue-color has-text-color\" id=\"datenformat\"><strong>Datenformat:<\/strong><\/h3>\n\n\n\n<p class=\"has-normal-font-size\">Das Datenformat beinhaltet das Endformat des Produkts plus einer Zugabe f\u00fcr die Herstellung zum Beispiel f\u00fcr einen sauberen Zuschnitt, N\u00e4hte oder Hohls\u00e4ume.<\/p>\n\n\n\n<ul class=\"wp-block-list\">\n<li>\u00d6ffne (oder importiere) Seite 2 der Layoutvorlage in deinem Grafikprogramm.<\/li>\n\n\n\n<li>Achte darauf, dass deine Seitengr\u00f6\u00dfe genau dem angegebenen Datenformat entspricht.<\/li>\n\n\n\n<li class=\"has-text-color has-link-color wp-elements-5cc34047e0653d1e00c5a01c32eb605b\" style=\"color:#d75d06\">\u00c4ndere niemals den angelegten Ma\u00dfstab oder die Gr\u00f6\u00dfe der Datei, da dies wichtige Voraussetzungen f\u00fcr eine fehlerfreie Datenpr\u00fcfung sind.<\/li>\n<\/ul>\n\n\n\n<h3 class=\"wp-block-heading has-vispronet-blue-color has-text-color\" id=\"color\"><strong>Farben:<\/strong><\/h3>\n\n\n\n<p>Daten im <strong>CMYK-Modus:<\/strong> Best practice &#8211; als Farbprofil empfehlen wir dir <strong>ISO Coated v2<\/strong>.<\/p>\n\n\n\n<p>Daten im <strong>RGB-Modus<\/strong>: wir konvertieren diese automatisch in CMYK. Auf Grund des unterschiedlichen Farbraums kann es jedoch zu Abweichungen im Farbausfall kommen.<\/p>\n\n\n\n<p><strong>Sonderfarben<\/strong>: empfehlen wir dir f\u00fcr Logos, Firmen- oder Vereinsfahnen, bei denen dir hohe Farbtreue besonders wichtig sind.<br>Lege Farbt\u00f6ne aus diesen Farbf\u00e4chern einfach als Sonderfarbe in deiner Datei an und wir drucken nach deinen Vorgaben:<\/p>\n\n\n\n<ul class=\"wp-block-list\">\n<li>Pantone<\/li>\n\n\n\n<li>HKS<\/li>\n\n\n\n<li>RAL<\/li>\n\n\n\n<li>Kr\u00e4ftiger Schwarzton: lege eine Sonderfarbe mit der Bezeichnung <strong>Schwarz<\/strong> an.<\/li>\n<\/ul>\n\n\n\n<h3 class=\"wp-block-heading has-vispronet-blue-color has-text-color\" id=\"resolution\"><strong>Aufl\u00f6sung:<\/strong><\/h3>\n\n\n\n<p>Ein optimales Druckergebnis h\u00e4ngt ma\u00dfgeblich von einer ausreichenden Bildaufl\u00f6sung ab. Auf der Layoutvorlage wird dir je nach gew\u00e4hltem Produkt die optimale Aufl\u00f6sung im entsprechenden Ma\u00dfstab angezeigt.<\/p>\n\n\n\n<h3 class=\"wp-block-heading has-vispronet-blue-color has-text-color\" id=\"line\"><strong>Linienst\u00e4rke:<\/strong><\/h3>\n\n\n\n<p>Damit Schriften lesbar und kleine Details nach dem Druckprozess gut zu sehen sind, ben\u00f6tigen sie eine Mindest-Strichst\u00e4rke. Diese variiert je nach gew\u00e4hltem Material.<\/p>\n\n\n\n<p><strong>Beachte:<\/strong> die Angaben beziehen sich immer auf die originale Gr\u00f6\u00dfe des Produkts.<\/p>\n\n\n\n<h3 class=\"wp-block-heading has-vispronet-blue-color has-text-color\" id=\"fonts\"><strong>Schriften:<\/strong><\/h3>\n\n\n\n<p>Wandle Schriften stets in Kurven \/ Zeichenpfade um oder bette sie alternativ in dein Druck-PDF ein. So gehst du sicher, das alle Schriften nach dem Druck richtig dargestellt werden.<\/p>\n\n\n\n<hr class=\"wp-block-separator has-alpha-channel-opacity\" id=\"script\"\/>\n\n\n\n<div class=\"wp-block-columns is-layout-flex wp-container-core-columns-is-layout-9d6595d7 wp-block-columns-is-layout-flex\" id=\"script\">\n<div class=\"wp-block-column is-vertically-aligned-center is-layout-flow wp-block-column-is-layout-flow\" style=\"flex-basis:10%\"><style>.wp-block-kadence-icon.kt-svg-icons269_9cb915-59{justify-content:center;}<\/style>\n<div class=\"wp-block-kadence-icon kt-svg-icons kt-svg-icons269_9cb915-59 alignnone\"><style>.kt-svg-item-269_40225e-09 .kb-svg-icon-wrap, .kt-svg-style-stacked.kt-svg-item-269_40225e-09 .kb-svg-icon-wrap{color:rgb(0, 98, 161);font-size:50px;}<\/style>\n<div class=\"wp-block-kadence-single-icon kt-svg-style-default kt-svg-icon-wrap kt-svg-item-269_40225e-09\"><span class=\"kb-svg-icon-wrap kb-svg-icon-fas_cogs\"><svg viewBox=\"0 0 640 512\"  fill=\"currentColor\" xmlns=\"http:\/\/www.w3.org\/2000\/svg\"  aria-hidden=\"true\"><path d=\"M512.1 191l-8.2 14.3c-3 5.3-9.4 7.5-15.1 5.4-11.8-4.4-22.6-10.7-32.1-18.6-4.6-3.8-5.8-10.5-2.8-15.7l8.2-14.3c-6.9-8-12.3-17.3-15.9-27.4h-16.5c-6 0-11.2-4.3-12.2-10.3-2-12-2.1-24.6 0-37.1 1-6 6.2-10.4 12.2-10.4h16.5c3.6-10.1 9-19.4 15.9-27.4l-8.2-14.3c-3-5.2-1.9-11.9 2.8-15.7 9.5-7.9 20.4-14.2 32.1-18.6 5.7-2.1 12.1.1 15.1 5.4l8.2 14.3c10.5-1.9 21.2-1.9 31.7 0L552 6.3c3-5.3 9.4-7.5 15.1-5.4 11.8 4.4 22.6 10.7 32.1 18.6 4.6 3.8 5.8 10.5 2.8 15.7l-8.2 14.3c6.9 8 12.3 17.3 15.9 27.4h16.5c6 0 11.2 4.3 12.2 10.3 2 12 2.1 24.6 0 37.1-1 6-6.2 10.4-12.2 10.4h-16.5c-3.6 10.1-9 19.4-15.9 27.4l8.2 14.3c3 5.2 1.9 11.9-2.8 15.7-9.5 7.9-20.4 14.2-32.1 18.6-5.7 2.1-12.1-.1-15.1-5.4l-8.2-14.3c-10.4 1.9-21.2 1.9-31.7 0zm-10.5-58.8c38.5 29.6 82.4-14.3 52.8-52.8-38.5-29.7-82.4 14.3-52.8 52.8zM386.3 286.1l33.7 16.8c10.1 5.8 14.5 18.1 10.5 29.1-8.9 24.2-26.4 46.4-42.6 65.8-7.4 8.9-20.2 11.1-30.3 5.3l-29.1-16.8c-16 13.7-34.6 24.6-54.9 31.7v33.6c0 11.6-8.3 21.6-19.7 23.6-24.6 4.2-50.4 4.4-75.9 0-11.5-2-20-11.9-20-23.6V418c-20.3-7.2-38.9-18-54.9-31.7L74 403c-10 5.8-22.9 3.6-30.3-5.3-16.2-19.4-33.3-41.6-42.2-65.7-4-10.9.4-23.2 10.5-29.1l33.3-16.8c-3.9-20.9-3.9-42.4 0-63.4L12 205.8c-10.1-5.8-14.6-18.1-10.5-29 8.9-24.2 26-46.4 42.2-65.8 7.4-8.9 20.2-11.1 30.3-5.3l29.1 16.8c16-13.7 34.6-24.6 54.9-31.7V57.1c0-11.5 8.2-21.5 19.6-23.5 24.6-4.2 50.5-4.4 76-.1 11.5 2 20 11.9 20 23.6v33.6c20.3 7.2 38.9 18 54.9 31.7l29.1-16.8c10-5.8 22.9-3.6 30.3 5.3 16.2 19.4 33.2 41.6 42.1 65.8 4 10.9.1 23.2-10 29.1l-33.7 16.8c3.9 21 3.9 42.5 0 63.5zm-117.6 21.1c59.2-77-28.7-164.9-105.7-105.7-59.2 77 28.7 164.9 105.7 105.7zm243.4 182.7l-8.2 14.3c-3 5.3-9.4 7.5-15.1 5.4-11.8-4.4-22.6-10.7-32.1-18.6-4.6-3.8-5.8-10.5-2.8-15.7l8.2-14.3c-6.9-8-12.3-17.3-15.9-27.4h-16.5c-6 0-11.2-4.3-12.2-10.3-2-12-2.1-24.6 0-37.1 1-6 6.2-10.4 12.2-10.4h16.5c3.6-10.1 9-19.4 15.9-27.4l-8.2-14.3c-3-5.2-1.9-11.9 2.8-15.7 9.5-7.9 20.4-14.2 32.1-18.6 5.7-2.1 12.1.1 15.1 5.4l8.2 14.3c10.5-1.9 21.2-1.9 31.7 0l8.2-14.3c3-5.3 9.4-7.5 15.1-5.4 11.8 4.4 22.6 10.7 32.1 18.6 4.6 3.8 5.8 10.5 2.8 15.7l-8.2 14.3c6.9 8 12.3 17.3 15.9 27.4h16.5c6 0 11.2 4.3 12.2 10.3 2 12 2.1 24.6 0 37.1-1 6-6.2 10.4-12.2 10.4h-16.5c-3.6 10.1-9 19.4-15.9 27.4l8.2 14.3c3 5.2 1.9 11.9-2.8 15.7-9.5 7.9-20.4 14.2-32.1 18.6-5.7 2.1-12.1-.1-15.1-5.4l-8.2-14.3c-10.4 1.9-21.2 1.9-31.7 0zM501.6 431c38.5 29.6 82.4-14.3 52.8-52.8-38.5-29.6-82.4 14.3-52.8 52.8z\"\/><\/svg><\/span><\/div>\n<\/div>\n<\/div>\n\n\n\n<div class=\"wp-block-column is-vertically-aligned-center is-layout-flow wp-block-column-is-layout-flow\" style=\"flex-basis:60%\">\n<p>Ein kleines Schmankerl gibt es noch v\u00f6llig gratis dazu. Mit unserem Script wandelst du alle Schriften  in deiner Illustrator-Datei mit einem Klick in Kurven um. Zus\u00e4tzlich entfernt der kleine Helfer die Option &#8222;\u00dcberdrucken&#8220; aus dem Dokument.*<\/p>\n<\/div>\n\n\n\n<div class=\"wp-block-column is-vertically-aligned-center is-layout-flow wp-block-column-is-layout-flow\" style=\"flex-basis:30%\">\n<div class=\"wp-block-buttons is-content-justification-center is-layout-flex wp-container-core-buttons-is-layout-16018d1d wp-block-buttons-is-layout-flex\">\n<div class=\"wp-block-button\" id=\"script\"><a class=\"wp-block-button__link has-white-color has-vispronet-orange-background-color has-text-color has-background no-border-radius wp-element-button\" href=\"https:\/\/www.vispronet.de\/blog\/wp-content\/uploads\/Script_AI.zip\" target=\"_blank\" rel=\"noreferrer noopener\">Download Script <\/a><\/div>\n<\/div>\n<\/div>\n<\/div>\n\n\n\n<hr class=\"wp-block-separator has-alpha-channel-opacity\"\/>\n\n\n\n<h3 class=\"wp-block-heading has-vispronet-blue-color has-text-color\" id=\"reference\"><strong><strong>Kontrollpfade \/ Vorlagenlinien:<\/strong><\/strong><\/h3>\n\n\n\n<p>Die farbigen Linien und Zeichen auf Seite 2 deiner Vorlage machen Dir das Gestalten super einfach:<\/p>\n\n\n\n<ul class=\"wp-block-list\">\n<li><strong>Gr\u00fcne Linie &#8211; Endformat: <\/strong>Das ist das fertige Format deines bestellten Produkts nach der Fertigstellung.<\/li>\n\n\n\n<li><strong>Rote Linie &#8211; Beschnittlinie:<\/strong> Je nach Variante ben\u00f6tigen wir f\u00fcr die Fertigung deines Produkts Zugaben f\u00fcr Beschnitt, Randverst\u00e4rkungen oder Konfektionen, f\u00fcr Hohl- oder Schwei\u00dfn\u00e4hte. Wichtig: auch wenn diese Bereiche sp\u00e4ter nicht sichtbar sind, erweitere sie stets mit Hintergrundfarbe und Bildmaterial, so entstehen keine wei\u00dfen R\u00e4nder am fertigen Produkt.<\/li>\n\n\n\n<li><strong>Blaue Linie \u2013 Sicherheitslinie:<\/strong> Platziere alle wichtigen Elemente wie Schriften, Logos oder Wappen innerhalb dieser Markierung. So vermeidest du, dass Elemente durch N\u00e4hte oder Beschnitt teilweise verdeckt oder abgeschnitten werden.<\/li>\n\n\n\n<li><strong>Schwarze Linien:<\/strong> Sie markieren, an welchen Stellen sich Kanten, Teilungsn\u00e4hte, Rei\u00dfverschl\u00fcsse oder andere Details befinden. In der Legende findest du die spezielle Bezeichnung daf\u00fcr.<\/li>\n\n\n\n<li><strong>Pfeile und graue Kreise:<\/strong> Diese Symbole zeigen Dir Karabiner, sowie \u00d6sen, Bohrungen oder Stanzl\u00f6cher. So kannst du diese bei der Gestaltung deiner Druckdaten ber\u00fccksichtigen.<\/li>\n<\/ul>\n\n\n<div class=\"wp-block-image\">\n<figure class=\"aligncenter size-large\"><a href=\"https:\/\/www.vispronet.de\/blog\/wp-content\/uploads\/Layoutvorlage-Vorlagenlinien.jpg\" data-rel=\"lightbox-image-0\" data-magnific_type=\"image\" data-rl_title=\"Layoutvorlage Vorlagenlinien\" data-rl_caption=\"\" title=\"Layoutvorlage Vorlagenlinien\"><img loading=\"lazy\" decoding=\"async\" width=\"1024\" height=\"398\" src=\"https:\/\/www.vispronet.de\/blog\/wp-content\/uploads\/Layoutvorlage-Vorlagenlinien-1024x398.jpg\" alt=\"Layoutvorlage Vorlagenlinien\" class=\"wp-image-2093\" srcset=\"https:\/\/www.vispronet.de\/blog\/wp-content\/uploads\/Layoutvorlage-Vorlagenlinien-1024x398.jpg 1024w, https:\/\/www.vispronet.de\/blog\/wp-content\/uploads\/Layoutvorlage-Vorlagenlinien-768x298.jpg 768w, https:\/\/www.vispronet.de\/blog\/wp-content\/uploads\/Layoutvorlage-Vorlagenlinien-300x116.jpg 300w, https:\/\/www.vispronet.de\/blog\/wp-content\/uploads\/Layoutvorlage-Vorlagenlinien-440x171.jpg 440w, https:\/\/www.vispronet.de\/blog\/wp-content\/uploads\/Layoutvorlage-Vorlagenlinien-1500x582.jpg 1500w, https:\/\/www.vispronet.de\/blog\/wp-content\/uploads\/Layoutvorlage-Vorlagenlinien-1536x596.jpg 1536w, https:\/\/www.vispronet.de\/blog\/wp-content\/uploads\/Layoutvorlage-Vorlagenlinien-2048x795.jpg 2048w, https:\/\/www.vispronet.de\/blog\/wp-content\/uploads\/Layoutvorlage-Vorlagenlinien-1032x401.jpg 1032w\" sizes=\"auto, (max-width: 1024px) 100vw, 1024px\" \/><\/a><figcaption class=\"wp-element-caption\">Layoutvorlage Vorlagenlinien<\/figcaption><\/figure>\n<\/div>\n\n\n<h3 class=\"wp-block-heading has-vispronet-blue-color has-text-color\" id=\"pages\"><strong>Produkte mit mehreren Seiten:<\/strong><\/h3>\n\n\n\n<p>Produkte mit mehreren bedruckbaren Seitenfl\u00e4chen, wie Sitzw\u00fcrfel oder Tischhussen, k\u00f6nnen auf jeder Seite individuell designt werden. Gestaltest du einzelne Seiten nicht, bleiben sie wei\u00df.<\/p>\n\n\n\n<h3 class=\"wp-block-heading has-vispronet-blue-color has-text-color\" id=\"sketch\"><strong>Skizzen:<\/strong><\/h3>\n\n\n\n<div class=\"wp-block-media-text alignwide is-stacked-on-mobile\"><figure class=\"wp-block-media-text__media\"><a href=\"https:\/\/www.vispronet.de\/blog\/wp-content\/uploads\/Skizze.jpg\" data-rel=\"lightbox-image-1\" data-magnific_type=\"image\" data-rl_title=\"Beispiel Skizze\" data-rl_caption=\"\" title=\"Beispiel Skizze\"><img loading=\"lazy\" decoding=\"async\" width=\"726\" height=\"250\" src=\"https:\/\/www.vispronet.de\/blog\/wp-content\/uploads\/Skizze.jpg\" alt=\"Druckdaten, Beispiel Skizze\" class=\"wp-image-1535 size-full\" srcset=\"https:\/\/www.vispronet.de\/blog\/wp-content\/uploads\/Skizze.jpg 726w, https:\/\/www.vispronet.de\/blog\/wp-content\/uploads\/Skizze-300x103.jpg 300w, https:\/\/www.vispronet.de\/blog\/wp-content\/uploads\/Skizze-440x152.jpg 440w\" sizes=\"auto, (max-width: 726px) 100vw, 726px\" \/><\/a><\/figure><div class=\"wp-block-media-text__content\">\n<p class=\"has-normal-font-size\">F\u00fcr spezielle Produkte enth\u00e4lt Seite 1 der Vorlage eine Skizze. Sie sollen dir vor allem bei Produkten mit mehreren Seiten oder Druckteilen die Anordnung veranschaulichen. Beachte unbedingt die Beschriftung und Anordnung der Seiten, damit deine Gestaltung nicht versehentlich auf dem &#8222;Kopf steht&#8220;.<\/p>\n<\/div><\/div>\n\n\n\n<div class=\"wp-block-columns has-infobox-bg-background-color has-background is-layout-flex wp-container-core-columns-is-layout-9d6595d7 wp-block-columns-is-layout-flex\" id=\"store\">\n<div class=\"wp-block-column is-vertically-aligned-center is-layout-flow wp-block-column-is-layout-flow\" style=\"flex-basis:10%\"><style>.wp-block-kadence-icon.kt-svg-icons269_352495-fd{justify-content:center;}<\/style>\n<div class=\"wp-block-kadence-icon kt-svg-icons kt-svg-icons269_352495-fd alignnone kb-icon-valign-middle\"><style>.kt-svg-item-269_13b7de-89 .kb-svg-icon-wrap, .kt-svg-style-stacked.kt-svg-item-269_13b7de-89 .kb-svg-icon-wrap{color:rgb(0, 98, 161);font-size:50px;}<\/style>\n<div class=\"wp-block-kadence-single-icon kt-svg-style-default kt-svg-icon-wrap kt-svg-item-269_13b7de-89\"><a href=\"\/blog\/druck-pdf-erstellen\/\" class=\"kt-svg-icon-link\" target=\"_blank\" rel=\"noopener noreferrer\" aria-label=\"Druck-PDF richtig erstellen\"><span class=\"kb-svg-icon-wrap kb-svg-icon-ic_task\"><svg viewBox=\"0 0 8 8\"  fill=\"currentColor\" xmlns=\"http:\/\/www.w3.org\/2000\/svg\"  role=\"img\"><title>Wie erstellst man eine druckreife PDF?<\/title><path d=\"M0 0v7h7v-3.59l-1 1v1.59h-5v-5h3.59l1-1h-5.59zm7 0l-3 3-1-1-1 1 2 2 4-4-1-1z\"\/><\/svg><\/span><\/a><\/div>\n<\/div>\n<\/div>\n\n\n\n<div class=\"wp-block-column is-vertically-aligned-center is-layout-flow wp-block-column-is-layout-flow\">\n<h2 class=\"wp-block-heading\">Wie erstellt man eine druckreife PDF?<\/h2>\n\n\n\n<p>Wir zeigen dir wie deine Datei ohne Probleme ihren Weg durch die Datenpr\u00fcfung findet &#8211; mit den richtigen Einstellungen klappt das schnell und einfach.<\/p>\n\n\n\n<p><a href=\"\/blog\/druck-pdf-erstellen\/\" target=\"_blank\" rel=\"noreferrer noopener\">In 5 Schritten zur Druck PDF \u2013 So geht\u2019s richtig!<\/a><\/p>\n<\/div>\n<\/div>\n\n\n\n<h2 class=\"wp-block-heading has-vispronet-blue-color has-text-color\" id=\"check\">Ablauf Druckdaten-Pr\u00fcfung<\/h2>\n\n\n\n<p>Du hast es geschafft, nun rasch zum Upload.<\/p>\n\n\n<div class=\"wp-block-image\">\n<figure class=\"aligncenter size-full\"><a href=\"https:\/\/www.vispronet.de\/blog\/wp-content\/uploads\/daten-upload.jpg\" data-rel=\"lightbox-image-2\" data-magnific_type=\"image\" data-rl_title=\"\" data-rl_caption=\"\" title=\"\"><img loading=\"lazy\" decoding=\"async\" width=\"1442\" height=\"389\" src=\"https:\/\/www.vispronet.de\/blog\/wp-content\/uploads\/daten-upload.jpg\" alt=\"Upload f\u00fcr Kundendaten\" class=\"wp-image-28038\" srcset=\"https:\/\/www.vispronet.de\/blog\/wp-content\/uploads\/daten-upload.jpg 1442w, https:\/\/www.vispronet.de\/blog\/wp-content\/uploads\/daten-upload-768x207.jpg 768w, https:\/\/www.vispronet.de\/blog\/wp-content\/uploads\/daten-upload-1024x276.jpg 1024w, https:\/\/www.vispronet.de\/blog\/wp-content\/uploads\/daten-upload-300x81.jpg 300w, https:\/\/www.vispronet.de\/blog\/wp-content\/uploads\/daten-upload-440x119.jpg 440w\" sizes=\"auto, (max-width: 1442px) 100vw, 1442px\" \/><\/a><\/figure>\n<\/div>\n\n\n<p>In deinem Account siehst du, ob die Datei die automatische Pr\u00fcfung bereits durchlaufen hat.<\/p>\n\n\n<div class=\"wp-block-image\">\n<figure class=\"aligncenter size-full is-resized\"><a href=\"https:\/\/www.vispronet.de\/blog\/wp-content\/uploads\/pruefstatus.jpg\" data-rel=\"lightbox-image-3\" data-magnific_type=\"image\" data-rl_title=\"\" data-rl_caption=\"\" title=\"\"><img loading=\"lazy\" decoding=\"async\" width=\"1442\" height=\"389\" src=\"https:\/\/www.vispronet.de\/blog\/wp-content\/uploads\/pruefstatus.jpg\" alt=\"Pr\u00fcfstatus im Kundenaccount\" class=\"wp-image-27976\" style=\"width:800px\" srcset=\"https:\/\/www.vispronet.de\/blog\/wp-content\/uploads\/pruefstatus.jpg 1442w, https:\/\/www.vispronet.de\/blog\/wp-content\/uploads\/pruefstatus-768x207.jpg 768w, https:\/\/www.vispronet.de\/blog\/wp-content\/uploads\/pruefstatus-1024x276.jpg 1024w, https:\/\/www.vispronet.de\/blog\/wp-content\/uploads\/pruefstatus-300x81.jpg 300w, https:\/\/www.vispronet.de\/blog\/wp-content\/uploads\/pruefstatus-440x119.jpg 440w\" sizes=\"auto, (max-width: 1442px) 100vw, 1442px\" \/><\/a><\/figure>\n<\/div>\n\n\n<p>Im Anschluss wirst du in jedem Fall \u00fcber das Ergebnis benachrichtigt. Das Fehler- oder Mangelprotokoll zeigt dir, welche Kriterien eventuell noch nicht in Ordnung sind. Du kannst die Datei \u00e4ndern, erneut hochladen und nochmals pr\u00fcfen lassen.<br><strong>Automatische Datenpr\u00fcfung:<\/strong> erfolgt automatisiert, in unseren <a href=\"\/info-support\/visprodesign-druckdaten\/druckdatenpruefung\/\" target=\"_blank\" rel=\"noreferrer noopener\">Pr\u00fcfkriterien<\/a> findest du alle gepr\u00fcften Details.<br><strong>Profidaten-Pr\u00fcfung<\/strong> (Zusatzleistung): Ein Grafiker aus unserem erfahrenen Team pr\u00fcft deine Druckdaten noch einmal genauer und nimmt, wenn n\u00f6tig, kleinere Anpassungen vor.<\/p>\n\n\n\n<div class=\"wp-block-group is-border has-white-background-color has-background\"><div class=\"wp-block-group__inner-container is-layout-constrained wp-block-group-is-layout-constrained\">\n<h2 class=\"wp-block-heading has-vispronet-blue-color has-text-color\" id=\"checklist\">Checkliste: So lieferst Du perfekte Druckdaten<\/h2>\n\n\n\n<ul class=\"wp-block-list\">\n<li>Entspricht die Arbeitsfl\u00e4che dem angegebenen Datenformat?<\/li>\n\n\n\n<li>Ist die Aufl\u00f6sung der Bilder ausreichend?<\/li>\n\n\n\n<li>Ist die Datei im CMYK angelegt?<\/li>\n\n\n\n<li>Sind gew\u00fcnschte Sonderfarben als RAL, HKS oder Pantone-Farbe benannt?<\/li>\n\n\n\n<li>Erf\u00fcllen die Strichst\u00e4rken von kleinen Elementen und Schriften die angegebenen Vorgaben?<\/li>\n\n\n\n<li>Sind alle Schriften in Kurven umgewandelt oder in das PDF eingebettet?<\/li>\n\n\n\n<li>Wurden alle Kontrollpfade der Layoutvorlage aus der Datei entfernt?<\/li>\n\n\n\n<li>Keine Transparenzen sowie \u00dcberdrucken \/ Unterf\u00fcllen verwendet?<\/li>\n\n\n\n<li>Mit den richtigen Joboptions als PDF gesichert? (keine Pass- oder Beschnittmarken, Bilder nicht komprimiert, als PDF-X4 gespeichert)<\/li>\n<\/ul>\n<\/div><\/div>\n\n\n\n<div style=\"height:10px\" aria-hidden=\"true\" class=\"wp-block-spacer\"><\/div>\n\n\n\n<h2 class=\"wp-block-heading\" id=\"faq\">H\u00e4ufig gestellte Fragen (FAQ)<\/h2>\n\n\n<style>.kt-accordion-id269_ec1883-cb .kt-accordion-inner-wrap{column-gap:var(--global-kb-gap-md, 2rem);row-gap:8px;}.kt-accordion-id269_ec1883-cb .kt-accordion-panel-inner{padding-top:var(--global-kb-spacing-sm, 1.5rem);padding-right:var(--global-kb-spacing-sm, 1.5rem);padding-bottom:var(--global-kb-spacing-sm, 1.5rem);padding-left:var(--global-kb-spacing-sm, 1.5rem);}.kt-accordion-id269_ec1883-cb > .kt-accordion-inner-wrap > .wp-block-kadence-pane > .kt-accordion-header-wrap > .kt-blocks-accordion-header{border-top:1px solid rgb(0, 98, 161);border-right:1px solid rgb(0, 98, 161);border-bottom:1px solid rgb(0, 98, 161);border-left:1px solid rgb(0, 98, 161);padding-top:var(--global-kb-spacing-xxs, 0.5rem);padding-right:var(--global-kb-spacing-xs, 1rem);padding-bottom:var(--global-kb-spacing-xxs, 0.5rem);padding-left:var(--global-kb-spacing-xs, 1rem);}@media all and (max-width: 1024px){.kt-accordion-id269_ec1883-cb > .kt-accordion-inner-wrap > .wp-block-kadence-pane > .kt-accordion-header-wrap > .kt-blocks-accordion-header{border-top:1px solid rgb(0, 98, 161);border-right:1px solid rgb(0, 98, 161);border-bottom:1px solid rgb(0, 98, 161);border-left:1px solid rgb(0, 98, 161);}}@media all and (max-width: 767px){.kt-accordion-id269_ec1883-cb .kt-accordion-inner-wrap{display:block;}.kt-accordion-id269_ec1883-cb .kt-accordion-inner-wrap .kt-accordion-pane:not(:first-child){margin-top:8px;}.kt-accordion-id269_ec1883-cb > .kt-accordion-inner-wrap > .wp-block-kadence-pane > .kt-accordion-header-wrap > .kt-blocks-accordion-header{border-top:1px solid rgb(0, 98, 161);border-right:1px solid rgb(0, 98, 161);border-bottom:1px solid rgb(0, 98, 161);border-left:1px solid rgb(0, 98, 161);}}<\/style>\n<div class=\"wp-block-kadence-accordion alignnone\"><div class=\"kt-accordion-wrap kt-accordion-id269_ec1883-cb kt-accordion-has-11-panes kt-active-pane-1 kt-accordion-block kt-pane-header-alignment-left kt-accodion-icon-style-basic kt-accodion-icon-side-right\" style=\"max-width:none\"><div class=\"kt-accordion-inner-wrap\" data-allow-multiple-open=\"false\" data-start-open=\"none\">\n<div class=\"wp-block-kadence-pane kt-accordion-pane kt-accordion-pane-5 kt-pane269_ebdadc-ae\"><div class=\"kt-accordion-header-wrap\"><button class=\"kt-blocks-accordion-header kt-acccordion-button-label-show\" type=\"button\"><span class=\"kt-blocks-accordion-title-wrap\"><span class=\"kt-blocks-accordion-title\">Warum gibt es nicht alle Layoutvorlagen im Ma\u00dfstab 1:1?<\/span><\/span><span class=\"kt-blocks-accordion-icon-trigger\"><\/span><\/button><\/div><div class=\"kt-accordion-panel kt-accordion-panel-hidden\"><div class=\"kt-accordion-panel-inner\">\n<p>Vispronet\u00ae bietet ein sehr breit gef\u00e4chertes Angebot, von kleinen Aufklebern bis zu riesigen XXL Bannern. Die Arbeitsfl\u00e4che von Grafikprogrammen ist jedoch begrenzt. Wir haben uns bewusst daf\u00fcr entschieden, alle Teile eines Produktes auf einer Seite darzustellen. Damit wollen wir es unseren Kunden so leicht wie m\u00f6glich machen. Bei gr\u00f6\u00dferen Produkten ist die Anordnung mehrerer Teile auf einer Seite nicht mehr m\u00f6glich auf Grund der begrenzten Gr\u00f6\u00dfe der Arbeitsfl\u00e4che vieler Programme. Alle Layoutvorlagen und Dateivorgaben, inkl. Ma\u00dfstab, sind individuell auf jedes Produkt abgestimmt.<\/p>\n<\/div><\/div><\/div>\n\n\n\n<div class=\"wp-block-kadence-pane kt-accordion-pane kt-accordion-pane-10 kt-pane269_d964fd-da\"><div class=\"kt-accordion-header-wrap\"><button class=\"kt-blocks-accordion-header kt-acccordion-button-label-show\" type=\"button\"><span class=\"kt-blocks-accordion-title-wrap\"><span class=\"kt-blocks-accordion-title\">Warum muss die Beschnitt-Zugabe ebenfalls gestaltet werden?<\/span><\/span><span class=\"kt-blocks-accordion-icon-trigger\"><\/span><\/button><\/div><div class=\"kt-accordion-panel kt-accordion-panel-hidden\"><div class=\"kt-accordion-panel-inner\">\n<p>Warum muss auch die Zugabe gestaltet werden, wenn sie sp\u00e4ter gar nicht sichtbar ist? Wir ben\u00f6tigen etwas Toleranz, um produktionsbedingte Schwankungen auszugleichen. Schlie\u00dflich soll dein Produkt keine ungewollten wei\u00dfen R\u00e4nder bekommen.<\/p>\n<\/div><\/div><\/div>\n\n\n\n<div class=\"wp-block-kadence-pane kt-accordion-pane kt-accordion-pane-9 kt-pane269_869be1-f2\"><div class=\"kt-accordion-header-wrap\"><button class=\"kt-blocks-accordion-header kt-acccordion-button-label-show\" type=\"button\"><span class=\"kt-blocks-accordion-title-wrap\"><span class=\"kt-blocks-accordion-title\">Was sind Dokument-Rastereffekt-Einstellungen und wie kann man sie anpassen?<\/span><\/span><span class=\"kt-blocks-accordion-icon-trigger\"><\/span><\/button><\/div><div class=\"kt-accordion-panel kt-accordion-panel-hidden\"><div class=\"kt-accordion-panel-inner\">\n<p>Die Dokument-Rastereffekt-Einstellungen wirken sich auf die Darstellung verschiedener Effekte aus: Schlagschatten, weiche Kanten, Schein nach au\u00dfen oder innen. Ist an dieser Stelle das falsche Farbmodell oder eine zu geringe Aufl\u00f6sung eingetragen, f\u00fchrt dies zu M\u00e4ngeln in der Datenpr\u00fcfung. Mit wenigen Klicks kannst du die Einstellungen ohne gro\u00dfen Aufwand korrigieren.<\/p>\n\n\n\n<div class=\"wp-block-media-text alignwide is-stacked-on-mobile is-vertically-aligned-bottom\" style=\"grid-template-columns:58% auto\"><figure class=\"wp-block-media-text__media\"><a href=\"https:\/\/www.vispronet.de\/blog\/wp-content\/uploads\/Illustrator-Rastereffekt-Einstellungen.jpg\" data-rel=\"lightbox-image-4\" data-magnific_type=\"image\" data-rl_title=\"Illustrator-Rastereffekt-Einstellungen\" data-rl_caption=\"\" title=\"Illustrator-Rastereffekt-Einstellungen\"><img loading=\"lazy\" decoding=\"async\" width=\"364\" height=\"127\" src=\"https:\/\/www.vispronet.de\/blog\/wp-content\/uploads\/Illustrator-Rastereffekt-Einstellungen.jpg\" alt=\"Druckdaten, Illustrator Rastereffekt-Einstellung\" class=\"wp-image-1527 size-full\" srcset=\"https:\/\/www.vispronet.de\/blog\/wp-content\/uploads\/Illustrator-Rastereffekt-Einstellungen.jpg 364w, https:\/\/www.vispronet.de\/blog\/wp-content\/uploads\/Illustrator-Rastereffekt-Einstellungen-300x105.jpg 300w\" sizes=\"auto, (max-width: 364px) 100vw, 364px\" \/><\/a><\/figure><div class=\"wp-block-media-text__content\">\n<p class=\"has-text-align-left has-normal-font-size\">Adobe Illustrator:<br>Das Einstellungsfeld &#8222;Dokument-Rastereffekt&#8220; findest du im Men\u00fc &#8222;Effekte&#8220;. <\/p>\n<\/div><\/div>\n<\/div><\/div><\/div>\n\n\n\n<div class=\"wp-block-kadence-pane kt-accordion-pane kt-accordion-pane-1 kt-pane269_405da8-d0\"><div class=\"kt-accordion-header-wrap\"><button class=\"kt-blocks-accordion-header kt-acccordion-button-label-show\" type=\"button\"><span class=\"kt-blocks-accordion-title-wrap\"><span class=\"kt-blocks-accordion-title\">Wie speichert man eine Gestaltung richtig als JPEG-Datei?<\/span><\/span><span class=\"kt-blocks-accordion-icon-trigger\"><\/span><\/button><\/div><div class=\"kt-accordion-panel kt-accordion-panel-hidden\"><div class=\"kt-accordion-panel-inner\">\n<div class=\"wp-block-media-text alignwide has-media-on-the-right is-stacked-on-mobile is-vertically-aligned-top\" style=\"grid-template-columns:auto 48%\"><div class=\"wp-block-media-text__content\">\n<h3 class=\"wp-block-heading\" id=\"jpeg-speichern\">Als Jpeg speichern<\/h3>\n\n\n\n<p class=\"has-normal-font-size\">Dieses Format beinhaltet immer eine Verlustkomprimierung. W\u00e4hle in den Speicher-Optionen deshalb immer die beste Qualit\u00e4t aus. Bei zu hoher Komprimierung entstehen sogenannte <strong>Artefakte.<\/strong> Dabei handelt es sich um Bildst\u00f6rungen, die im Druck sp\u00e4ter sichtbar sind.<br><\/p>\n<\/div><figure class=\"wp-block-media-text__media\"><a href=\"https:\/\/www.vispronet.de\/blog\/wp-content\/uploads\/Speichern-jpeg.jpg\" data-rel=\"lightbox-image-5\" data-magnific_type=\"image\" data-rl_title=\"Speichern JPEG\" data-rl_caption=\"\" title=\"Speichern JPEG\"><img loading=\"lazy\" decoding=\"async\" width=\"728\" height=\"384\" src=\"https:\/\/www.vispronet.de\/blog\/wp-content\/uploads\/Speichern-jpeg.jpg\" alt=\"Speichern JPEG\" class=\"wp-image-2149 size-full\" srcset=\"https:\/\/www.vispronet.de\/blog\/wp-content\/uploads\/Speichern-jpeg.jpg 728w, https:\/\/www.vispronet.de\/blog\/wp-content\/uploads\/Speichern-jpeg-300x158.jpg 300w, https:\/\/www.vispronet.de\/blog\/wp-content\/uploads\/Speichern-jpeg-440x232.jpg 440w\" sizes=\"auto, (max-width: 728px) 100vw, 728px\" \/><\/a><\/figure><\/div>\n\n\n\n<p>Auf der linken Seite wurde die Datei zu stark komprimiert, an den Kanten sind die Artefakte in Form von kleinen Vierecken zu sehen.<br>Die Datei auf der rechten Seite wurde dagegen mit der besten Qualit\u00e4t gespeichert.<\/p>\n<\/div><\/div><\/div>\n\n\n\n<div class=\"wp-block-kadence-pane kt-accordion-pane kt-accordion-pane-2 kt-pane269_bf02cc-92\"><div class=\"kt-accordion-header-wrap\"><button class=\"kt-blocks-accordion-header kt-acccordion-button-label-show\" type=\"button\"><span class=\"kt-blocks-accordion-title-wrap\"><span class=\"kt-blocks-accordion-title\">Wie speichert man eine Gestaltung richtig als TIFF-Datei?<\/span><\/span><span class=\"kt-blocks-accordion-icon-trigger\"><\/span><\/button><\/div><div class=\"kt-accordion-panel kt-accordion-panel-hidden\"><div class=\"kt-accordion-panel-inner\">\n<div class=\"wp-block-media-text alignwide is-stacked-on-mobile is-vertically-aligned-top\" style=\"grid-template-columns:70% auto\"><figure class=\"wp-block-media-text__media\"><a href=\"https:\/\/www.vispronet.de\/blog\/wp-content\/uploads\/Speichern-Tiff.jpg\" data-rel=\"lightbox-image-6\" data-magnific_type=\"image\" data-rl_title=\"Speicherdialog TIFF\" data-rl_caption=\"\" title=\"Speicherdialog TIFF\"><img loading=\"lazy\" decoding=\"async\" width=\"728\" height=\"468\" src=\"https:\/\/www.vispronet.de\/blog\/wp-content\/uploads\/Speichern-Tiff.jpg\" alt=\"Speicherdialog TIFF\" class=\"wp-image-1539 size-full\" srcset=\"https:\/\/www.vispronet.de\/blog\/wp-content\/uploads\/Speichern-Tiff.jpg 728w, https:\/\/www.vispronet.de\/blog\/wp-content\/uploads\/Speichern-Tiff-300x193.jpg 300w, https:\/\/www.vispronet.de\/blog\/wp-content\/uploads\/Speichern-Tiff-440x283.jpg 440w\" sizes=\"auto, (max-width: 728px) 100vw, 728px\" \/><\/a><\/figure><div class=\"wp-block-media-text__content\">\n<h3 class=\"wp-block-heading\">Als Tiff speichern<\/h3>\n\n\n\n<p class=\"has-normal-font-size\">Speichere die Daten unkomprimiert oder mit LZW. Befinden sich Sonderfarbkan\u00e4le in deinem Bild, achte auf den Haken im Speicherdialog.<\/p>\n<\/div><\/div>\n<\/div><\/div><\/div>\n\n\n\n<div class=\"wp-block-kadence-pane kt-accordion-pane kt-accordion-pane-3 kt-pane269_9ed27d-dd\"><div class=\"kt-accordion-header-wrap\"><button class=\"kt-blocks-accordion-header kt-acccordion-button-label-show\" type=\"button\"><span class=\"kt-blocks-accordion-title-wrap\"><span class=\"kt-blocks-accordion-title\">Wie speichert man eine Gestaltung richtig als PDF-Datei?<\/span><\/span><span class=\"kt-blocks-accordion-icon-trigger\"><\/span><\/button><\/div><div class=\"kt-accordion-panel kt-accordion-panel-hidden\"><div class=\"kt-accordion-panel-inner\">\n<p>F\u00fcr die Erstellung deiner Druck-PDF nutzt du am besten unsere <a href=\"\/info-support\/visprodesign-druckdaten\/joboptions\/\" target=\"_blank\" rel=\"noreferrer noopener\">Joboptions.<\/a> Sie garantieren dir die richtigen Exporteinstellungen. Schon ein oder zwei falsch gesetzte Haken k\u00f6nnen Fehler in der Datenpr\u00fcfung bzw. im Druck nach sich ziehen, die du auf diese Weise ganz einfach vermeidest.<\/p>\n\n\n\n<p>Die PDF-Joboptions funktionieren in Verbindung mit Adobe-Produkten und werden \u00fcber den Speicher- oder Export-Dialog verwendet. Sie sind <strong>nicht<\/strong> f\u00fcr den Adobe Distiller geeignet!<br>F\u00fcr andere Grafik-Programme haben wir dir alle wichtigen Einstellungen f\u00fcr druckf\u00e4hige PDFs noch einmal zusammen gestellt.<\/p>\n\n\n<div class=\"wp-block-image\">\n<figure class=\"aligncenter size-large\"><a href=\"https:\/\/www.vispronet.de\/blog\/wp-content\/uploads\/Layoutvorlage-PDF-Einstellung-scaled.jpg\" data-rel=\"lightbox-image-7\" data-magnific_type=\"image\" data-rl_title=\"Layoutvorlage PDF Einstellung\" data-rl_caption=\"\" title=\"Layoutvorlage PDF Einstellung\"><img loading=\"lazy\" decoding=\"async\" width=\"643\" height=\"1024\" src=\"https:\/\/www.vispronet.de\/blog\/wp-content\/uploads\/Layoutvorlage-PDF-Einstellung-scaled-643x1024.jpg\" alt=\"Layoutvorlage PDF Einstellung\" class=\"wp-image-2131\" srcset=\"https:\/\/www.vispronet.de\/blog\/wp-content\/uploads\/Layoutvorlage-PDF-Einstellung-scaled-643x1024.jpg 643w, https:\/\/www.vispronet.de\/blog\/wp-content\/uploads\/Layoutvorlage-PDF-Einstellung-scaled-768x1223.jpg 768w, https:\/\/www.vispronet.de\/blog\/wp-content\/uploads\/Layoutvorlage-PDF-Einstellung-scaled-1024x1631.jpg 1024w, https:\/\/www.vispronet.de\/blog\/wp-content\/uploads\/Layoutvorlage-PDF-Einstellung-scaled-300x478.jpg 300w, https:\/\/www.vispronet.de\/blog\/wp-content\/uploads\/Layoutvorlage-PDF-Einstellung-scaled-440x701.jpg 440w, https:\/\/www.vispronet.de\/blog\/wp-content\/uploads\/Layoutvorlage-PDF-Einstellung-scaled-1500x2390.jpg 1500w, https:\/\/www.vispronet.de\/blog\/wp-content\/uploads\/Layoutvorlage-PDF-Einstellung-scaled-964x1536.jpg 964w, https:\/\/www.vispronet.de\/blog\/wp-content\/uploads\/Layoutvorlage-PDF-Einstellung-scaled-1286x2048.jpg 1286w, https:\/\/www.vispronet.de\/blog\/wp-content\/uploads\/Layoutvorlage-PDF-Einstellung-scaled-188x300.jpg 188w, https:\/\/www.vispronet.de\/blog\/wp-content\/uploads\/Layoutvorlage-PDF-Einstellung-scaled.jpg 1607w\" sizes=\"auto, (max-width: 643px) 100vw, 643px\" \/><\/a><\/figure>\n<\/div><\/div><\/div><\/div>\n\n\n\n<div class=\"wp-block-kadence-pane kt-accordion-pane kt-accordion-pane-4 kt-pane269_d10194-52\"><div class=\"kt-accordion-header-wrap\"><button class=\"kt-blocks-accordion-header kt-acccordion-button-label-show\" type=\"button\"><span class=\"kt-blocks-accordion-title-wrap\"><span class=\"kt-blocks-accordion-title\">Aus welchen Programmen k\u00f6nnen offene Grafikdateien \u00fcbernommen werden?<\/span><\/span><span class=\"kt-blocks-accordion-icon-trigger\"><\/span><\/button><\/div><div class=\"kt-accordion-panel kt-accordion-panel-hidden\"><div class=\"kt-accordion-panel-inner\">\n<p>Du bist dir nicht sicher und m\u00f6chtest uns lieber Daten aus deinem Grafikprogramm schicken? Auch das ist f\u00fcr viele Programme m\u00f6glich. Im Rahmen einer Profidatenpr\u00fcfung \u00fcbernehmen wir die Umwandlung deiner Daten. Wir akzeptieren folgende Formate: *.AI, *.INDD, *.BMP, *.CDR, *.FH, *.PSD, *.EPS.<\/p>\n<\/div><\/div><\/div>\n\n\n\n<div class=\"wp-block-kadence-pane kt-accordion-pane kt-accordion-pane-7 kt-pane269_153f46-2b\"><div class=\"kt-accordion-header-wrap\"><button class=\"kt-blocks-accordion-header kt-acccordion-button-label-show\" type=\"button\"><span class=\"kt-blocks-accordion-title-wrap\"><span class=\"kt-blocks-accordion-title\">Warum darf die Datei keine Transparenzen enthalten?<\/span><\/span><span class=\"kt-blocks-accordion-icon-trigger\"><\/span><\/button><\/div><div class=\"kt-accordion-panel kt-accordion-panel-hidden\"><div class=\"kt-accordion-panel-inner\">\n<p>Verwende bitte keine Transparenzen in deiner Druckdatei. Oft kommt es im Druck zu unerw\u00fcnschten Ergebnissen, weil nicht jede Druckmaschine mit diesem grafischen Element arbeiten kann. Wenn du in deinem Design Transparenzen unbedingt ben\u00f6tigst, dann rastere diese Bereiche bitte.<\/p>\n<\/div><\/div><\/div>\n\n\n\n<div class=\"wp-block-kadence-pane kt-accordion-pane kt-accordion-pane-8 kt-pane269_680235-5b\"><div class=\"kt-accordion-header-wrap\"><button class=\"kt-blocks-accordion-header kt-acccordion-button-label-show\" type=\"button\"><span class=\"kt-blocks-accordion-title-wrap\"><span class=\"kt-blocks-accordion-title\">Was versteht man unter \u00dcberdrucken und Unterf\u00fcllen?<\/span><\/span><span class=\"kt-blocks-accordion-icon-trigger\"><\/span><\/button><\/div><div class=\"kt-accordion-panel kt-accordion-panel-hidden\"><div class=\"kt-accordion-panel-inner\">\n<p>Bei den Optionen \u00dcberdrucken bzw. Unterf\u00fcllen werden Fl\u00e4chen oder Linien so angelegt, das sie \u00fcbereinander liegen und die Farben aus diesen Bereichen \u00fcbereinander gedruckt werden. Dies wurde urspr\u00fcnglich dazu verwendet, L\u00fccken zwischen angrenzenden Grafikelementen zu vermeiden, viele kennen es wohl auch unter dem Begriff &#8222;Blitzer&#8220;. Dank moderner Druckmaschinen ben\u00f6tigen wir diese Einstellungen nicht. Entferne deshalb diese Einstellungen oder greif auf unser <a href=\"https:\/\/www.vispronet.de\/blog\/wp-content\/uploads\/Script_AI.zip\">Gratis-Script<\/a> zur\u00fcck.<\/p>\n<\/div><\/div><\/div>\n\n\n\n<div class=\"wp-block-kadence-pane kt-accordion-pane kt-accordion-pane-6 kt-pane269_1ad138-f3\"><div class=\"kt-accordion-header-wrap\"><button class=\"kt-blocks-accordion-header kt-acccordion-button-label-show\" type=\"button\"><span class=\"kt-blocks-accordion-title-wrap\"><span class=\"kt-blocks-accordion-title\">Was ist der Unterscheid zwischen einem Fehler und einem Mangel in der Datenpr\u00fcfung?<\/span><\/span><span class=\"kt-blocks-accordion-icon-trigger\"><\/span><\/button><\/div><div class=\"kt-accordion-panel kt-accordion-panel-hidden\"><div class=\"kt-accordion-panel-inner\">\n<p><mark style=\"background-color:rgba(0, 0, 0, 0)\" class=\"has-inline-color has-vispronet-blue-color\"><strong>Fehler:<\/strong> <\/mark>Bei einem Fehler ist deine Datei leider nicht druckbar. Das kann verschieden Ursachen haben beispielsweise stimmt die Gr\u00f6\u00dfe deiner Datei nicht mit dem bestellten Artikel \u00fcberein. In jedem Fall erh\u00e4ltst du mit unserem Pr\u00fcfprotokoll genau Angaben zu dem enthaltenen Fehler.<\/p>\n\n\n\n<p>Korrigiere Deine Datei und lade sie erneut hoch oder vertraue sie unseren Grafikern an. Sie werden jede M\u00f6glichkeit nutzen, um dir ein gutes Druckergebnis zu erm\u00f6glichen. <\/p>\n\n\n\n<p><strong><mark style=\"background-color:rgba(0, 0, 0, 0)\" class=\"has-inline-color has-vispronet-blue-color\">Mangel: <\/mark><\/strong>Ein Mangel zeigt dir immer an, dass deine Datei nicht optimal f\u00fcr den Druckprozess ist. Entscheide selbst, ob du den Mangel beseitigen m\u00f6chtest oder die Datei in der vorliegenden Form zum Druck frei gibst. F\u00fcr diesen Fall ist eine sp\u00e4tere Reklamation jedoch ausgeschlossen.<\/p>\n<\/div><\/div><\/div>\n\n\n\n<div class=\"wp-block-kadence-pane kt-accordion-pane kt-accordion-pane-11 kt-pane269_dc0f89-be\"><div class=\"kt-accordion-header-wrap\"><button class=\"kt-blocks-accordion-header kt-acccordion-button-label-show\" type=\"button\"><span class=\"kt-blocks-accordion-title-wrap\"><span class=\"kt-blocks-accordion-title\">Was sind Joboptions und wie werden sie verwendet?<\/span><\/span><span class=\"kt-blocks-accordion-icon-trigger\"><\/span><\/button><\/div><div class=\"kt-accordion-panel kt-accordion-panel-hidden\"><div class=\"kt-accordion-panel-inner\">\n<p>Joboptions erleichtern dir das richtige Speichern von PDF-Dateien. Sie enthalten alle wichtigen Einstellungen f\u00fcr die exakte Weiterverarbeitung im Druck. Dazu geh\u00f6ren Einstellungen zur Komprimierung von Bildern, den Einsatz von Beschnitt- und Passmarken, Farbkonvertierung und die Ber\u00fccksichtigung von mitgelieferten Farbprofilen.<\/p>\n\n\n\n<p>Lade die <a href=\"\/info-support\/visprodesign-druckdaten\/joboptions\/\">Joboptions<\/a> in dein Adobe-Programm und profitiere vom einfachen Export deiner PDF-Datei und einer fehlerfreien Datenpr\u00fcfung.<\/p>\n\n\n\n<hr class=\"wp-block-separator has-alpha-channel-opacity\"\/>\n\n\n\n<p>So arbeitest du mit Joboptions:<\/p>\n\n\n\n<p><strong>Adobe Illustrator<\/strong><\/p>\n\n\n\n<ul class=\"wp-block-list\">\n<li><em>Einf\u00fcgen:<\/em> Men\u00fc Bearbeiten > Adobe PDF-Vorgaben > Importieren<\/li>\n\n\n\n<li><em>PDF erstellen:<\/em> Men\u00fc Datei > Speichern unter > als PDF sichern: unter PDF-Vorgaben die Einstellung &#8222;Druckdaten f\u00fcr vispronet&#8220; ausw\u00e4hlen<\/li>\n<\/ul>\n\n\n\n<p><strong>Adobe InDesign<\/strong><\/p>\n\n\n\n<ul class=\"wp-block-list\">\n<li><em>Einf\u00fcgen:<\/em> Men\u00fc Datei > Adobe PDF-Vorgaben > Definieren<\/li>\n\n\n\n<li><em>PDF erstellen:<\/em> Men\u00fc Datei > Exportieren > Adobe PDF sichern: unter PDF-Vorgaben die Einstellung &#8222;Druckdaten f\u00fcr vispronet&#8220; ausw\u00e4hlen<\/li>\n<\/ul>\n\n\n\n<p><strong>Adobe Photoshop<\/strong><\/p>\n\n\n\n<ul class=\"wp-block-list\">\n<li><em>Einf\u00fcgen:<\/em> Men\u00fc Bearbeiten > Adobe PDF-Vorgaben > Laden<\/li>\n\n\n\n<li><em>PDF erstellen:<\/em> Men\u00fc Datei > Speichern unter > als Photoshop PDF sichern: unter PDF-Vorgaben die Einstellung &#8222;Druckdaten f\u00fcr vispronet&#8220; ausw\u00e4hlen<\/li>\n<\/ul>\n\n\n\n<p class=\"has-small-font-size\">Die Joboptions sind nicht im Adobe Distiller verwendbar.<\/p>\n<\/div><\/div><\/div>\n<\/div><\/div><\/div>\n\n\n\n<div style=\"height:20px\" aria-hidden=\"true\" class=\"wp-block-spacer\"><\/div>\n\n\n\n<h2 class=\"wp-block-heading\" id=\"help\">Hilfe und Tutorials zur Dateierstellung<\/h2>\n\n\n\n<div class=\"wp-block-columns is-layout-flex wp-container-core-columns-is-layout-9d6595d7 wp-block-columns-is-layout-flex\">\n<div class=\"wp-block-column is-layout-flow wp-block-column-is-layout-flow\"><div class=\"wp-block-image\">\n<figure class=\"aligncenter size-full\"><a href=\"\/blog\/photoshop-hintergrund-entfernen\/\" target=\"_blank\" rel=\" noreferrer noopener\"><img loading=\"lazy\" decoding=\"async\" width=\"1920\" height=\"1080\" src=\"https:\/\/www.vispronet.de\/blog\/wp-content\/uploads\/photoshop-hintergrund-entfernen-jpg-webp.webp\" alt=\"Photoshop Hintergrund entfernen\" class=\"wp-image-18921\" srcset=\"https:\/\/www.vispronet.de\/blog\/wp-content\/uploads\/photoshop-hintergrund-entfernen-jpg-webp.webp 1920w, https:\/\/www.vispronet.de\/blog\/wp-content\/uploads\/photoshop-hintergrund-entfernen-768x432.webp 768w, https:\/\/www.vispronet.de\/blog\/wp-content\/uploads\/photoshop-hintergrund-entfernen-1024x576.webp 1024w, https:\/\/www.vispronet.de\/blog\/wp-content\/uploads\/photoshop-hintergrund-entfernen-288x162.webp 288w, https:\/\/www.vispronet.de\/blog\/wp-content\/uploads\/photoshop-hintergrund-entfernen-300x169.webp 300w, https:\/\/www.vispronet.de\/blog\/wp-content\/uploads\/photoshop-hintergrund-entfernen-440x248.webp 440w, https:\/\/www.vispronet.de\/blog\/wp-content\/uploads\/photoshop-hintergrund-entfernen-1500x844.webp 1500w\" sizes=\"auto, (max-width: 1920px) 100vw, 1920px\" \/><\/a><\/figure>\n<\/div>\n\n\n<p class=\"has-text-align-center\"><a href=\"\/blog\/photoshop-hintergrund-entfernen\/\" target=\"_blank\" rel=\"noreferrer noopener\">Photoshop Hintergrund entfernen \u2013 Tutorial<\/a><\/p>\n\n\n<div class=\"wp-block-image\">\n<figure class=\"aligncenter size-full\"><a href=\"\/blog\/was-versteht-man-unter-der-aufloesung-eines-fotos\/\" target=\"_blank\" rel=\" noreferrer noopener\"><img loading=\"lazy\" decoding=\"async\" width=\"1920\" height=\"1080\" src=\"https:\/\/www.vispronet.de\/blog\/wp-content\/uploads\/Bildaufloesung_dpi_ppi-jpg-webp.webp\" alt=\"Aufl\u00f6sung Darstellung dpi ppi\" class=\"wp-image-1709\" srcset=\"https:\/\/www.vispronet.de\/blog\/wp-content\/uploads\/Bildaufloesung_dpi_ppi-jpg-webp.webp 1920w, https:\/\/www.vispronet.de\/blog\/wp-content\/uploads\/Bildaufloesung_dpi_ppi-768x432.webp 768w, https:\/\/www.vispronet.de\/blog\/wp-content\/uploads\/Bildaufloesung_dpi_ppi-1024x576.webp 1024w, https:\/\/www.vispronet.de\/blog\/wp-content\/uploads\/Bildaufloesung_dpi_ppi-288x162.webp 288w, https:\/\/www.vispronet.de\/blog\/wp-content\/uploads\/Bildaufloesung_dpi_ppi-300x169.webp 300w, https:\/\/www.vispronet.de\/blog\/wp-content\/uploads\/Bildaufloesung_dpi_ppi-440x248.webp 440w, https:\/\/www.vispronet.de\/blog\/wp-content\/uploads\/Bildaufloesung_dpi_ppi-1500x844.webp 1500w\" sizes=\"auto, (max-width: 1920px) 100vw, 1920px\" \/><\/a><\/figure>\n<\/div>\n\n\n<p class=\"has-text-align-center\"><a href=\"\/blog\/was-versteht-man-unter-der-aufloesung-eines-fotos\/\" target=\"_blank\" rel=\"noreferrer noopener\">Was versteht man unter der Aufl\u00f6sung eines Fotos?<\/a><\/p>\n<\/div>\n\n\n\n<div class=\"wp-block-column is-layout-flow wp-block-column-is-layout-flow\"><div class=\"wp-block-image\">\n<figure class=\"aligncenter size-full\"><a href=\"\/blog\/bild-in-vektorgrafik-umwandeln\/\" target=\"_blank\" rel=\" noreferrer noopener\"><img loading=\"lazy\" decoding=\"async\" width=\"1920\" height=\"1080\" src=\"https:\/\/www.vispronet.de\/blog\/wp-content\/uploads\/bild-in-eine-vektorgrafik-umwandeln-jpg-webp.webp\" alt=\"Bild in Vektorgrafik umwandeln\" class=\"wp-image-14347\" srcset=\"https:\/\/www.vispronet.de\/blog\/wp-content\/uploads\/bild-in-eine-vektorgrafik-umwandeln-jpg-webp.webp 1920w, https:\/\/www.vispronet.de\/blog\/wp-content\/uploads\/bild-in-eine-vektorgrafik-umwandeln-768x432.webp 768w, https:\/\/www.vispronet.de\/blog\/wp-content\/uploads\/bild-in-eine-vektorgrafik-umwandeln-1024x576.webp 1024w, https:\/\/www.vispronet.de\/blog\/wp-content\/uploads\/bild-in-eine-vektorgrafik-umwandeln-288x162.webp 288w, https:\/\/www.vispronet.de\/blog\/wp-content\/uploads\/bild-in-eine-vektorgrafik-umwandeln-300x169.webp 300w, https:\/\/www.vispronet.de\/blog\/wp-content\/uploads\/bild-in-eine-vektorgrafik-umwandeln-440x248.webp 440w, https:\/\/www.vispronet.de\/blog\/wp-content\/uploads\/bild-in-eine-vektorgrafik-umwandeln-1500x844.webp 1500w\" sizes=\"auto, (max-width: 1920px) 100vw, 1920px\" \/><\/a><\/figure>\n<\/div>\n\n\n<p class=\"has-text-align-center\"><a href=\"\/blog\/bild-in-vektorgrafik-umwandeln\/\" target=\"_blank\" rel=\"noreferrer noopener\">Bild in Vektorgrafik umwandeln \u2013 so gelingt es<\/a><\/p>\n\n\n<div class=\"wp-block-image\">\n<figure class=\"aligncenter size-full\"><a href=\"\/blog\/cmyk-rgb\/\" target=\"_blank\" rel=\" noreferrer noopener\"><img loading=\"lazy\" decoding=\"async\" width=\"1920\" height=\"1080\" src=\"https:\/\/www.vispronet.de\/blog\/wp-content\/uploads\/rgb-cmyk-1920x1080-1.jpg\" alt=\"Vergleich zwischen CMYK- und RGB-Farbmodus\" class=\"wp-image-27952\" srcset=\"https:\/\/www.vispronet.de\/blog\/wp-content\/uploads\/rgb-cmyk-1920x1080-1.jpg 1920w, https:\/\/www.vispronet.de\/blog\/wp-content\/uploads\/rgb-cmyk-1920x1080-1-768x432.jpg 768w, https:\/\/www.vispronet.de\/blog\/wp-content\/uploads\/rgb-cmyk-1920x1080-1-1024x576.jpg 1024w, https:\/\/www.vispronet.de\/blog\/wp-content\/uploads\/rgb-cmyk-1920x1080-1-288x162.jpg 288w, https:\/\/www.vispronet.de\/blog\/wp-content\/uploads\/rgb-cmyk-1920x1080-1-300x169.jpg 300w, https:\/\/www.vispronet.de\/blog\/wp-content\/uploads\/rgb-cmyk-1920x1080-1-440x248.jpg 440w, https:\/\/www.vispronet.de\/blog\/wp-content\/uploads\/rgb-cmyk-1920x1080-1-1500x844.jpg 1500w\" sizes=\"auto, (max-width: 1920px) 100vw, 1920px\" \/><\/a><\/figure>\n<\/div>\n\n\n<p class=\"has-text-align-center\"><a href=\"\/blog\/cmyk-rgb\/\" target=\"_blank\" rel=\"noreferrer noopener\">RGB &amp; CMYK \u2013 was ist der Unterschied? \u2013 Einfach erkl\u00e4rt<\/a><\/p>\n<\/div>\n\n\n\n<div class=\"wp-block-column is-layout-flow wp-block-column-is-layout-flow\"><div class=\"wp-block-image\">\n<figure class=\"aligncenter size-full\"><a href=\"\/blog\/tutorial-schrift-umwandeln-in-pfade\/\" target=\"_blank\" rel=\" noreferrer noopener\"><img loading=\"lazy\" decoding=\"async\" width=\"1920\" height=\"1080\" src=\"https:\/\/www.vispronet.de\/blog\/wp-content\/uploads\/schrift-in-pfade-umwandeln-jpg-webp.webp\" alt=\"Schrift in Pfade umwandeln\" class=\"wp-image-16507\" srcset=\"https:\/\/www.vispronet.de\/blog\/wp-content\/uploads\/schrift-in-pfade-umwandeln-jpg-webp.webp 1920w, https:\/\/www.vispronet.de\/blog\/wp-content\/uploads\/schrift-in-pfade-umwandeln-768x432.webp 768w, https:\/\/www.vispronet.de\/blog\/wp-content\/uploads\/schrift-in-pfade-umwandeln-1024x576.webp 1024w, https:\/\/www.vispronet.de\/blog\/wp-content\/uploads\/schrift-in-pfade-umwandeln-288x162.webp 288w, https:\/\/www.vispronet.de\/blog\/wp-content\/uploads\/schrift-in-pfade-umwandeln-300x169.webp 300w, https:\/\/www.vispronet.de\/blog\/wp-content\/uploads\/schrift-in-pfade-umwandeln-440x248.webp 440w, https:\/\/www.vispronet.de\/blog\/wp-content\/uploads\/schrift-in-pfade-umwandeln-1500x844.webp 1500w\" sizes=\"auto, (max-width: 1920px) 100vw, 1920px\" \/><\/a><\/figure>\n<\/div>\n\n\n<p class=\"has-text-align-center\"><a href=\"\/blog\/tutorial-schrift-umwandeln-in-pfade\/\" target=\"_blank\" rel=\"noreferrer noopener\">Schrift in Pfade umwandeln \u2013 Tutorial<\/a><\/p>\n\n\n<div class=\"wp-block-image\">\n<figure class=\"aligncenter size-full\"><a href=\"\/blog\/was-ist-der-unterschied-zwischen-vektorgrafik-und-pixelbild\/\" target=\"_blank\" rel=\" noreferrer noopener\"><img loading=\"lazy\" decoding=\"async\" width=\"1024\" height=\"576\" src=\"https:\/\/www.vispronet.de\/blog\/wp-content\/uploads\/vektorgrafik-pixelbild-jpg-webp.webp\" alt=\"Der Unterschied zwischen Vektorgrafik und Pixelbild\" class=\"wp-image-5451\" srcset=\"https:\/\/www.vispronet.de\/blog\/wp-content\/uploads\/vektorgrafik-pixelbild-jpg-webp.webp 1024w, https:\/\/www.vispronet.de\/blog\/wp-content\/uploads\/vektorgrafik-pixelbild-768x432.webp 768w, https:\/\/www.vispronet.de\/blog\/wp-content\/uploads\/vektorgrafik-pixelbild-288x162.webp 288w, https:\/\/www.vispronet.de\/blog\/wp-content\/uploads\/vektorgrafik-pixelbild-300x169.webp 300w, https:\/\/www.vispronet.de\/blog\/wp-content\/uploads\/vektorgrafik-pixelbild-440x248.webp 440w\" sizes=\"auto, (max-width: 1024px) 100vw, 1024px\" \/><\/a><\/figure>\n<\/div>\n\n\n<p class=\"has-text-align-center\"><a href=\"\/blog\/was-ist-der-unterschied-zwischen-vektorgrafik-und-pixelbild\/\" target=\"_blank\" rel=\"noreferrer noopener\">Was ist der Unterschied zwischen Vektorgrafik und Pixelbild?<\/a><\/p>\n<\/div>\n<\/div>\n\n\n\n<div class=\"wp-block-columns are-vertically-aligned-center has-infobox-bg-background-color has-background is-layout-flex wp-container-core-columns-is-layout-9d6595d7 wp-block-columns-is-layout-flex\">\n<div class=\"wp-block-column is-vertically-aligned-center is-layout-flow wp-block-column-is-layout-flow\" style=\"flex-basis:10%\"><style>.wp-block-kadence-icon.kt-svg-icons269_9e2832-29{justify-content:center;}<\/style>\n<div class=\"wp-block-kadence-icon kt-svg-icons kt-svg-icons269_9e2832-29 alignnone\"><style>.kt-svg-item-269_7f4f3a-f2 .kb-svg-icon-wrap, .kt-svg-style-stacked.kt-svg-item-269_7f4f3a-f2 .kb-svg-icon-wrap{color:rgb(0, 98, 161);font-size:50px;}<\/style>\n<div class=\"wp-block-kadence-single-icon kt-svg-style-default kt-svg-icon-wrap kt-svg-item-269_7f4f3a-f2\"><a href=\"\/blog\/farbpsychologie-marketing\/\" class=\"kt-svg-icon-link\" target=\"_blank\" rel=\"noopener noreferrer\" aria-label=\"Farben und ihre Bedeutung im Marketing\"><span class=\"kb-svg-icon-wrap kb-svg-icon-ic_circleRight\"><svg viewBox=\"0 0 8 8\"  fill=\"currentColor\" xmlns=\"http:\/\/www.w3.org\/2000\/svg\"  role=\"img\"><title>Blogbeitrag zum Thema Farben und ihre Bedeutung im Marketing<\/title><path d=\"M4 0c-2.21 0-4 1.79-4 4s1.79 4 4 4 4-1.79 4-4-1.79-4-4-4zm0 1l3 3-3 3v-2h-3v-2h3v-2z\"\/><\/svg><\/span><\/a><\/div>\n<\/div>\n<\/div>\n\n\n\n<div class=\"wp-block-column is-vertically-aligned-center is-layout-flow wp-block-column-is-layout-flow\" style=\"flex-basis:90%\">\n<p class=\"has-text-align-center\">Schaffe mit deinen Designs immer die richtigen Emotionen.  In unserem umfassenden Guide <a href=\"\/blog\/farbpsychologie-marketing\/\">Farben und ihre Bedeutung<\/a> findest du alle wichtigen Fakten zum Thema Farbgestaltung. <\/p>\n<\/div>\n<\/div>\n\n\n\n<p class=\"has-vispronet-blue-color has-text-color has-normal-font-size\"><strong>Wir w\u00fcnschen dir viel Erfolg beim der Erstellen deiner Druckdaten<\/strong>!<\/p>\n","protected":false},"excerpt":{"rendered":"<p>So erstellst du perfekte Druckdaten f\u00fcr dein Wunschprodukt &#8211; mit einfacher Checkliste f\u00fcr eine fehlerlose Druckdatenpr\u00fcfung.<\/p>\n","protected":false},"author":27,"featured_media":24672,"comment_status":"open","ping_status":"open","sticky":false,"template":"","format":"standard","meta":{"footnotes":""},"categories":[65],"tags":[45,43,323,325,1270,1268,39,47],"class_list":["post-269","post","type-post","status-publish","format-standard","has-post-thumbnail","hentry","category-how-to","tag-datenpruefung","tag-druckdaten","tag-druckfaehig","tag-druckfaehiges-pdf","tag-hinweis","tag-hinweise-zur-druckdatenerstellung","tag-layoutvorlage","tag-speichern"],"_links":{"self":[{"href":"https:\/\/www.vispronet.de\/blog\/wp-json\/wp\/v2\/posts\/269","targetHints":{"allow":["GET"]}}],"collection":[{"href":"https:\/\/www.vispronet.de\/blog\/wp-json\/wp\/v2\/posts"}],"about":[{"href":"https:\/\/www.vispronet.de\/blog\/wp-json\/wp\/v2\/types\/post"}],"author":[{"embeddable":true,"href":"https:\/\/www.vispronet.de\/blog\/wp-json\/wp\/v2\/users\/27"}],"replies":[{"embeddable":true,"href":"https:\/\/www.vispronet.de\/blog\/wp-json\/wp\/v2\/comments?post=269"}],"version-history":[{"count":46,"href":"https:\/\/www.vispronet.de\/blog\/wp-json\/wp\/v2\/posts\/269\/revisions"}],"predecessor-version":[{"id":28100,"href":"https:\/\/www.vispronet.de\/blog\/wp-json\/wp\/v2\/posts\/269\/revisions\/28100"}],"wp:featuredmedia":[{"embeddable":true,"href":"https:\/\/www.vispronet.de\/blog\/wp-json\/wp\/v2\/media\/24672"}],"wp:attachment":[{"href":"https:\/\/www.vispronet.de\/blog\/wp-json\/wp\/v2\/media?parent=269"}],"wp:term":[{"taxonomy":"category","embeddable":true,"href":"https:\/\/www.vispronet.de\/blog\/wp-json\/wp\/v2\/categories?post=269"},{"taxonomy":"post_tag","embeddable":true,"href":"https:\/\/www.vispronet.de\/blog\/wp-json\/wp\/v2\/tags?post=269"}],"curies":[{"name":"wp","href":"https:\/\/api.w.org\/{rel}","templated":true}]}}