{"id":27334,"date":"2025-06-06T14:00:00","date_gmt":"2025-06-06T12:00:00","guid":{"rendered":"https:\/\/www.vispronet.de\/blog\/?p=27334"},"modified":"2025-06-12T10:29:25","modified_gmt":"2025-06-12T08:29:25","slug":"friedensbanner-kamenz","status":"publish","type":"post","link":"https:\/\/www.vispronet.de\/blog\/friedensbanner-kamenz\/","title":{"rendered":"Das Friedensbanner \u2013 ein starkes Zeichen zur 800-Jahrfeier der Stadt Kamenz"},"content":{"rendered":"\n<div class=\"wp-block-group\"><div class=\"wp-block-group__inner-container is-layout-constrained wp-block-group-is-layout-constrained\">\n<p>Wie verbindet man Handarbeit mit einer \u00fcberdimensionalen Friedensbotschaft? Die Kamenzer Strickliesl und Nadelk\u00fcnstler*innen aus ganz Deutschland zeigen es uns. Mit Hingabe, Kreativit\u00e4t und unersch\u00fctterlichem Gemeinschaftsgeist entstand ein beeindruckendes <strong>Friedensbanner<\/strong>, das nun als gro\u00dfe wei\u00dfe Friedenstaube durch die Hauptkirche St. Marien \u201efliegt\u201c. Wir haben mit Frau Boden, Initiatorin der Aktion, \u00fcber die Entstehung, die Umsetzung und die Bedeutung des Projekts gesprochen.<\/p>\n\n\n\n<hr class=\"wp-block-separator has-alpha-channel-opacity\"\/>\n<\/div><\/div>\n\n\n\n<div class=\"wp-block-group\"><div class=\"wp-block-group__inner-container is-layout-constrained wp-block-group-is-layout-constrained\">\n<h2 class=\"wp-block-heading\">Eine Friedenstaube f\u00fcr Kamenz<\/h2>\n\n\n\n<p class=\"has-small-font-size\"><em><mark style=\"background-color:rgba(0, 0, 0, 0)\" class=\"has-inline-color has-sehr-dunkles-grau-color\">Interview mit Frau Boden von den Kamenzer Strickliesln<\/mark><\/em><\/p>\n\n\n\n<h3 class=\"wp-block-heading\">Wie entstand die Idee zur geh\u00e4kelten Friedenstaube?<\/h3>\n\n\n\n<p><em>Kerstin Boden: Die z\u00fcndende Idee kam mir bereits im September 2024. Ich stellte den Vorschlag in unsere Strickliesl-Chat-Gruppe, die Mitglieder aus Ost und West vereint. Schon zwei Tage sp\u00e4ter erreichten mich die ersten Fotos von wei\u00dfen H\u00e4kelbl\u00fcten \u2013 die Resonanz war \u00fcberw\u00e4ltigend! Die Damen waren sofort begeistert und hatten durch fr\u00fchere Projekte bereits viel Erfahrung mit dem H\u00e4keln solcher Bl\u00fcten.<\/em><\/p>\n\n\n\n<h3 class=\"wp-block-heading\">Wie organisieren Sie solche gro\u00dfen Projekte?<\/h3>\n\n\n\n<div class=\"wp-block-media-text is-stacked-on-mobile\" style=\"grid-template-columns:30% auto\"><figure class=\"wp-block-media-text__media\"><img loading=\"lazy\" decoding=\"async\" width=\"1000\" height=\"750\" src=\"https:\/\/www.vispronet.de\/blog\/wp-content\/uploads\/haekelblueten-friedenstaube.jpg\" alt=\"H\u00e4kelbl\u00fcten f\u00fcr Friedensbanner\" class=\"wp-image-27356 size-full\" srcset=\"https:\/\/www.vispronet.de\/blog\/wp-content\/uploads\/haekelblueten-friedenstaube.jpg 1000w, https:\/\/www.vispronet.de\/blog\/wp-content\/uploads\/haekelblueten-friedenstaube-768x576.jpg 768w, https:\/\/www.vispronet.de\/blog\/wp-content\/uploads\/haekelblueten-friedenstaube-300x225.jpg 300w, https:\/\/www.vispronet.de\/blog\/wp-content\/uploads\/haekelblueten-friedenstaube-440x330.jpg 440w\" sizes=\"auto, (max-width: 1000px) 100vw, 1000px\" \/><\/figure><div class=\"wp-block-media-text__content\">\n<p><em>Kerstin Boden: <mark style=\"background-color:rgba(0, 0, 0, 0)\" class=\"has-inline-color has-sehr-dunkles-grau-color\">Unsere Chat-Gruppe ist das Herzst\u00fcck f\u00fcr alle Kontakte, hier teilen wir Ideen, Fotos und Fortschritte. Au\u00dferdem treffen wir uns regelm\u00e4\u00dfig im Gemeindehaus der evangelischen Kirche. Das ist mehr als nur ein Stricktreff \u2013 in dieser fr\u00f6hlichen Gemeinschaft spr\u00fchen unsere Ideen nur so! Viele P\u00e4ckchen mit Bl\u00fctenkunstwerken erreichten uns von Strickliesln aus ganz Deutschland \u2013 etwa aus Dortmund, Kempten, Bocholt, Erfurt, Dresden, Hebertshausen, Glash\u00fctte und vielen anderen Orten.<\/mark><\/em><\/p>\n<\/div><\/div>\n\n\n\n<h3 class=\"wp-block-heading\">Wie verlief die konkrete Umsetzung des Friedensbanners?<\/h3>\n\n\n\n<p><em>Kerstin Boden: Nachdem wir das gedruckte Friedensbanner von Sachsen Fahnen erhalten haben, war es dann im April endlich soweit: rund 3.000 wei\u00dfe Bl\u00fcten wurden auf das riesige Banner geklebt \u2013 mit Hei\u00dfklebepistolen! Stundenlang krochen wir auf dem Boden, mit Brandblasen an den Fingern, aber voller Vorfreude auf das Ergebnis. Die Stimmung war gro\u00dfartig. Am 29. April wurde das Friedensbanner schlie\u00dflich in der Hauptkirche St. Marien in Kamenz installiert. Daf\u00fcr brauchten wir handwerkliche Unterst\u00fctzung \u2013 ein herzliches Dankesch\u00f6n an alle flei\u00dfigen Helfer! Die Stoffbahn hing nicht auf Anhieb perfekt, aber viele kreative Ideen sorgten schlie\u00dflich f\u00fcr die optimale Spannung.<\/em><\/p>\n\n\n\n<div class=\"wp-block-columns is-layout-flex wp-container-core-columns-is-layout-9d6595d7 wp-block-columns-is-layout-flex\">\n<div class=\"wp-block-column is-layout-flow wp-block-column-is-layout-flow\">\n<figure class=\"wp-block-image size-full\"><a href=\"https:\/\/www.vispronet.de\/blog\/wp-content\/uploads\/strickliesl-kamenz.jpg\" data-rel=\"lightbox-image-0\" data-magnific_type=\"image\" data-rl_title=\"\" data-rl_caption=\"\" title=\"\"><img loading=\"lazy\" decoding=\"async\" width=\"1000\" height=\"750\" src=\"https:\/\/www.vispronet.de\/blog\/wp-content\/uploads\/strickliesl-kamenz.jpg\" alt=\"Friedensbanner wird mit H\u00e4kelbl\u00fcten best\u00fcckt\" class=\"wp-image-27360\" srcset=\"https:\/\/www.vispronet.de\/blog\/wp-content\/uploads\/strickliesl-kamenz.jpg 1000w, https:\/\/www.vispronet.de\/blog\/wp-content\/uploads\/strickliesl-kamenz-768x576.jpg 768w, https:\/\/www.vispronet.de\/blog\/wp-content\/uploads\/strickliesl-kamenz-300x225.jpg 300w, https:\/\/www.vispronet.de\/blog\/wp-content\/uploads\/strickliesl-kamenz-440x330.jpg 440w\" sizes=\"auto, (max-width: 1000px) 100vw, 1000px\" \/><\/a><\/figure>\n<\/div>\n\n\n\n<div class=\"wp-block-column is-layout-flow wp-block-column-is-layout-flow\">\n<figure class=\"wp-block-image size-full\"><a href=\"https:\/\/www.vispronet.de\/blog\/wp-content\/uploads\/strickliesl-kamenz-1.jpg\" data-rel=\"lightbox-image-1\" data-magnific_type=\"image\" data-rl_title=\"\" data-rl_caption=\"\" title=\"\"><img loading=\"lazy\" decoding=\"async\" width=\"1000\" height=\"750\" src=\"https:\/\/www.vispronet.de\/blog\/wp-content\/uploads\/strickliesl-kamenz-1.jpg\" alt=\"Friedensbanner mit H\u00e4kelkunst gestalten\" class=\"wp-image-27608\" srcset=\"https:\/\/www.vispronet.de\/blog\/wp-content\/uploads\/strickliesl-kamenz-1.jpg 1000w, https:\/\/www.vispronet.de\/blog\/wp-content\/uploads\/strickliesl-kamenz-1-768x576.jpg 768w, https:\/\/www.vispronet.de\/blog\/wp-content\/uploads\/strickliesl-kamenz-1-300x225.jpg 300w, https:\/\/www.vispronet.de\/blog\/wp-content\/uploads\/strickliesl-kamenz-1-440x330.jpg 440w\" sizes=\"auto, (max-width: 1000px) 100vw, 1000px\" \/><\/a><\/figure>\n<\/div>\n<\/div>\n\n\n\n<h3 class=\"wp-block-heading\">Was bedeutet Ihnen die Friedenstaube?<\/h3>\n\n\n\n<p><em>Kerstin Boden: Die Friedenstaube ist ein Geschenk der Strickliesl an die evangelisch-lutherische Kirchgemeinde Kamenz-Cunnersdorf \u2013 anl\u00e4sslich der Weihe der neuen Friedensglocke im Rahmen der <a href=\"https:\/\/www.kamenz.de\/800-jahre-kamenz.html\">800 Jahrfeier der Stadt Kamenz<\/a>. F\u00fcr uns bedeutet sie Hoffnung, Zusammenhalt und Frieden \u2013 Werte, die gerade heute wichtiger denn je sind.<\/em><\/p>\n\n\n\n<h3 class=\"wp-block-heading\">Welche Projekte haben Sie denn in der Vergangenheit schon gemeinsam umgesetzt?<\/h3>\n\n\n\n<div class=\"wp-block-media-text has-media-on-the-right is-stacked-on-mobile\" style=\"grid-template-columns:auto 30%\"><div class=\"wp-block-media-text__content\">\n<p><em>Kerstin Boden: Ein besonders bewegendes Projekt war das Banner mit dem Wort \u201eHOFFNUNG\u201c. Es entstand nach dem Kirchenbrand in Gro\u00dfr\u00f6hrsdorf. Wir haben es damals als Zeichen der Anteilnahme am Bauzaun vor der Kirche angebracht. <\/em><\/p>\n\n\n\n<p><em><em>Und nat\u00fcrlich denken wir alle gern an 2020\/21 zur\u00fcck, als wir die Quadrate f\u00fcr die <a href=\"https:\/\/buntemaschen.jimdosite.com\/\">Verh\u00fcllung des Lessingturms<\/a> auf dem Hutberg geh\u00e4kelt haben \u2013 das war gewisserma\u00dfen unser Start als Team.<\/em><\/em><\/p>\n<\/div><figure class=\"wp-block-media-text__media\"><a href=\"https:\/\/www.vispronet.de\/blog\/wp-content\/uploads\/banner-hoffnung-kirche-grossroehrsdorf.jpg\" data-rel=\"lightbox-image-2\" data-magnific_type=\"image\" data-rl_title=\"\" data-rl_caption=\"\" title=\"\"><img loading=\"lazy\" decoding=\"async\" width=\"1000\" height=\"750\" src=\"https:\/\/www.vispronet.de\/blog\/wp-content\/uploads\/banner-hoffnung-kirche-grossroehrsdorf.jpg\" alt=\"Banner &quot;Hoffnung&quot; vor abgebrannter Stadtkirche in Gro\u00dfr\u00f6hrsdorf (Sachsen)\" class=\"wp-image-27422 size-full\" srcset=\"https:\/\/www.vispronet.de\/blog\/wp-content\/uploads\/banner-hoffnung-kirche-grossroehrsdorf.jpg 1000w, https:\/\/www.vispronet.de\/blog\/wp-content\/uploads\/banner-hoffnung-kirche-grossroehrsdorf-768x576.jpg 768w, https:\/\/www.vispronet.de\/blog\/wp-content\/uploads\/banner-hoffnung-kirche-grossroehrsdorf-300x225.jpg 300w, https:\/\/www.vispronet.de\/blog\/wp-content\/uploads\/banner-hoffnung-kirche-grossroehrsdorf-440x330.jpg 440w\" sizes=\"auto, (max-width: 1000px) 100vw, 1000px\" \/><\/a><\/figure><\/div>\n\n\n\n<div class=\"wp-block-media-text is-stacked-on-mobile\" style=\"grid-template-columns:30% auto\"><figure class=\"wp-block-media-text__media\"><a href=\"https:\/\/www.vispronet.de\/blog\/wp-content\/uploads\/regenbogen-aktion-socken.jpg\" data-rel=\"lightbox-image-3\" data-magnific_type=\"image\" data-rl_title=\"\" data-rl_caption=\"\" title=\"\"><img loading=\"lazy\" decoding=\"async\" width=\"1000\" height=\"750\" src=\"https:\/\/www.vispronet.de\/blog\/wp-content\/uploads\/regenbogen-aktion-socken.jpg\" alt=\"Strickaktion Regenbogen aus bunten Socken\" class=\"wp-image-27538 size-full\" srcset=\"https:\/\/www.vispronet.de\/blog\/wp-content\/uploads\/regenbogen-aktion-socken.jpg 1000w, https:\/\/www.vispronet.de\/blog\/wp-content\/uploads\/regenbogen-aktion-socken-768x576.jpg 768w, https:\/\/www.vispronet.de\/blog\/wp-content\/uploads\/regenbogen-aktion-socken-300x225.jpg 300w, https:\/\/www.vispronet.de\/blog\/wp-content\/uploads\/regenbogen-aktion-socken-440x330.jpg 440w\" sizes=\"auto, (max-width: 1000px) 100vw, 1000px\" \/><\/a><\/figure><div class=\"wp-block-media-text__content\">\n<p><em>2023 wurden 910 Paar <a href=\"https:\/\/www.saechsische.de\/lokales\/bautzen-lk\/kamenz\/regenbogen-aus-1-800-socken-leuchtet-in-der-klosterkirche-in-kamenz-6QZUG7QIDBIDCS6MWWHBI2IPC4.html\"><strong><em>bunte Socken gestrickt<\/em><\/strong><\/a>, die wir in Regenbogenform in der St. Annen Kirche ausgestellt haben \u2013 ein farbenfrohes Maschenkunstwerk! Die Socken wurden sp\u00e4ter gegen Spenden zur Finanzierung der neuen Friedensglocke weitergegeben<\/em>.<\/p>\n<\/div><\/div>\n\n\n\n<p><em> <\/em><\/p>\n\n\n\n<h3 class=\"wp-block-heading\">Was w\u00fcnschen Sie sich f\u00fcr die Zukunft?<\/h3>\n\n\n\n<p><em>Kerstin Boden: Wir w\u00fcnschen uns recht viele Besucher, die Fotos der Friedenstaube mit ihren Lieben teilen und so dieses besondere Symbol des Friedens weitertragen \u2013 als Zeichen der Hoffnung, das Menschen miteinander verbindet auch \u00fcber Kamenz hinaus.<\/em><\/p>\n<\/div><\/div>\n\n\n\n<div class=\"wp-block-group\"><div class=\"wp-block-group__inner-container is-layout-constrained wp-block-group-is-layout-constrained\">\n<h2 class=\"wp-block-heading\">Ein Projekt, das verbindet \u2013 auch f\u00fcr Sachsen Fahnen<\/h2>\n\n\n\n<p>Bereits im M\u00e4rz trafen sich Frau Boden von den Strickliesln und Frau Jatzke von der Kirchgemeinde Kamenz mit unseren Kolleg*innen Cheyenne und Andreas aus dem Vertriebsteam. Gemeinsam besprachen sie ihre Vorstellungen f\u00fcr das Friedensbanner, tauschten Ideen aus und entwickelten einen konkreten Umsetzungsplan.<\/p>\n\n\n\n<div class=\"wp-block-media-text is-stacked-on-mobile\" style=\"grid-template-columns:49% auto\"><figure class=\"wp-block-media-text__media\"><a href=\"https:\/\/www.vispronet.de\/blog\/wp-content\/uploads\/friedensbanner-friedenstaube.jpg\" data-rel=\"lightbox-image-4\" data-magnific_type=\"image\" data-rl_title=\"\" data-rl_caption=\"\" title=\"\"><img loading=\"lazy\" decoding=\"async\" width=\"750\" height=\"1000\" src=\"https:\/\/www.vispronet.de\/blog\/wp-content\/uploads\/friedensbanner-friedenstaube.jpg\" alt=\"Friedensbanner - lasst die Friedenstaube fliegen\" class=\"wp-image-27350 size-full\" srcset=\"https:\/\/www.vispronet.de\/blog\/wp-content\/uploads\/friedensbanner-friedenstaube.jpg 750w, https:\/\/www.vispronet.de\/blog\/wp-content\/uploads\/friedensbanner-friedenstaube-300x400.jpg 300w, https:\/\/www.vispronet.de\/blog\/wp-content\/uploads\/friedensbanner-friedenstaube-440x587.jpg 440w\" sizes=\"auto, (max-width: 750px) 100vw, 750px\" \/><\/a><\/figure><div class=\"wp-block-media-text__content\">\n<h3 class=\"wp-block-heading\">H\u00e4kelkunst trifft auf moderne Drucktechnik<\/h3>\n\n\n\n<p>Was mit filigranen H\u00e4kelbl\u00fcten begann, wurde durch moderne Drucktechnik in ein weithin sichtbares Friedensbanner verwandelt. Als regionales Unternehmen mit Sitz in Kamenz war es f\u00fcr uns von der Druckerei <strong>Sachsen Fahnen<\/strong> selbstverst\u00e4ndlich, dieses besondere Projekt zu unterst\u00fctzen \u2013 nicht nur mit der technischen Umsetzung des 5 x 8 Meter gro\u00dfen <a href=\"\/fahnen-masten\/stoffbanner\/stoffbanner-xl\/\">XL-Banners<\/a>, sondern vor allem mit Respekt und Begeisterung f\u00fcr das Engagement der Strickliesl. Gemeinsam mit der Stadtverwaltung Kamenz \u00fcbernahmen wir aus diesem Grund die Finanzierung dieses Vorhabens.<\/p>\n<\/div><\/div>\n\n\n\n<div class=\"wp-block-media-text has-media-on-the-right is-stacked-on-mobile\" style=\"grid-template-columns:auto 49%\"><div class=\"wp-block-media-text__content\">\n<p>\u00dcbrigens durften wir bereits 2020\/21 die flei\u00dfigen K\u00fcnstlerinnen bei ihrer Aktion zur Rettung der Pilgerherberge unterst\u00fctzen und wurden prompt mit unserem Logo ein Teil der Verh\u00fcllung des Lessingturms auf dem Kamenzer Hutberg.<\/p>\n\n\n\n<div style=\"height:20px\" aria-hidden=\"true\" class=\"wp-block-spacer\"><\/div>\n\n\n<style>.wp-block-kadence-spacer.kt-block-spacer-27334_93c39f-5f .kt-block-spacer{height:60px;}.wp-block-kadence-spacer.kt-block-spacer-27334_93c39f-5f .kt-divider{border-top-width:1px;height:1px;border-top-color:#eee;width:80%;border-top-style:solid;}<\/style>\n<div class=\"wp-block-kadence-spacer aligncenter kt-block-spacer-27334_93c39f-5f\"><div class=\"kt-block-spacer kt-block-spacer-halign-center\"><hr class=\"kt-divider\"\/><\/div><\/div>\n\n\n\n<div style=\"height:20px\" aria-hidden=\"true\" class=\"wp-block-spacer\"><\/div>\n\n\n\n<p>Wir bedanken uns f\u00fcr das Interview mit Frau Boden und w\u00fcnschen den flei\u00dfigen Kamenzer Strickliesln auch f\u00fcr ihre zuk\u00fcnftigen Projekte viel Erfolg.<\/p>\n\n\n\n<div style=\"height:10px\" aria-hidden=\"true\" class=\"wp-block-spacer\"><\/div>\n\n\n\n<p>Das Friedensbanner ist weiterhin in der Hauptkirche St. Marien in Kamenz, Kirchstra\u00dfe 20 zu bewundern.<\/p>\n\n\n\n<div style=\"height:61px\" aria-hidden=\"true\" class=\"wp-block-spacer\"><\/div>\n<\/div><figure class=\"wp-block-media-text__media\"><a href=\"https:\/\/www.vispronet.de\/blog\/wp-content\/uploads\/lessingturm.gif\" data-rel=\"lightbox-image-5\" data-magnific_type=\"image\" data-rl_title=\"\" data-rl_caption=\"\" title=\"\"><img loading=\"lazy\" decoding=\"async\" width=\"750\" height=\"1000\" src=\"https:\/\/www.vispronet.de\/blog\/wp-content\/uploads\/lessingturm.gif\" alt=\"Verh\u00fcllung Kamenzer Lessingturm auf dem Hutberg\" class=\"wp-image-27424 size-full\"\/><\/a><\/figure><\/div>\n\n\n\n<p class=\"has-text-align-right has-small-font-size\">Bildrechte: Copyright &#8222;Strickliesl Kamenz&#8220;<\/p>\n<\/div><\/div>\n\n\n\n<div class=\"wp-block-group is-border has-white-background-color has-background\"><div class=\"wp-block-group__inner-container is-layout-constrained wp-block-group-is-layout-constrained\">\n<p>Deine n\u00e4chste Werbeaktion braucht noch jede Menge Aufmerksamkeit? In unserem Onlineshop findest du eine riesige Auswahl an Fahnen, Bannern und Werbetechnik. Schau rein und lass dich inspirieren.<\/p>\n\n\n<style>.wp-block-kadence-advancedbtn.kb-btns27334_aaf5aa-12{gap:var(--global-kb-gap-xs, 0.5rem );justify-content:center;align-items:center;}.kt-btns27334_aaf5aa-12 .kt-button{font-weight:normal;font-style:normal;}.kt-btns27334_aaf5aa-12 .kt-btn-wrap-0{margin-right:5px;}.wp-block-kadence-advancedbtn.kt-btns27334_aaf5aa-12 .kt-btn-wrap-0 .kt-button{color:#555555;border-color:#555555;}.wp-block-kadence-advancedbtn.kt-btns27334_aaf5aa-12 .kt-btn-wrap-0 .kt-button:hover, .wp-block-kadence-advancedbtn.kt-btns27334_aaf5aa-12 .kt-btn-wrap-0 .kt-button:focus{color:#ffffff;border-color:#444444;}.wp-block-kadence-advancedbtn.kt-btns27334_aaf5aa-12 .kt-btn-wrap-0 .kt-button::before{display:none;}.wp-block-kadence-advancedbtn.kt-btns27334_aaf5aa-12 .kt-btn-wrap-0 .kt-button:hover, .wp-block-kadence-advancedbtn.kt-btns27334_aaf5aa-12 .kt-btn-wrap-0 .kt-button:focus{background:#444444;}<\/style>\n<div class=\"wp-block-kadence-advancedbtn kb-buttons-wrap kb-btns27334_aaf5aa-12\"><style>ul.menu .wp-block-kadence-advancedbtn .kb-btn27334_f2b17d-ca.kb-button{width:initial;}.wp-block-kadence-advancedbtn .kb-btn27334_f2b17d-ca.kb-button{background:rgb(242, 148, 0);}<\/style><a class=\"kb-button kt-button button kb-btn27334_f2b17d-ca kt-btn-size-standard kt-btn-width-type-auto kb-btn-global-fill  kt-btn-has-text-true kt-btn-has-svg-false  wp-block-kadence-singlebtn\" href=\"\/\"><span class=\"kt-btn-inner-text\">Onlineshop Vispronet<sup>\u00ae<\/sup> <\/span><\/a><\/div>\n<\/div><\/div>\n","protected":false},"excerpt":{"rendered":"<p>H\u00e4kelkunst trifft auf moderne Drucktechnik &#8211; erfahrt wie die Kamenzer Strickliesl mit viel Hingabe aus 3000 H\u00e4kelbl\u00fcten ein beeindruckendes Symbol auf dem von Vispronet\u00ae gedruckten XL-Banner schufen.<\/p>\n","protected":false},"author":27,"featured_media":27348,"comment_status":"open","ping_status":"open","sticky":false,"template":"","format":"standard","meta":{"footnotes":""},"categories":[64],"tags":[1286,1274,1284,1278,1288,1280],"class_list":["post-27334","post","type-post","status-publish","format-standard","has-post-thumbnail","hentry","category-explore","tag-aktion","tag-friedensbanner","tag-friedenstaube","tag-kamenz","tag-sponsor","tag-strickliesl"],"_links":{"self":[{"href":"https:\/\/www.vispronet.de\/blog\/wp-json\/wp\/v2\/posts\/27334","targetHints":{"allow":["GET"]}}],"collection":[{"href":"https:\/\/www.vispronet.de\/blog\/wp-json\/wp\/v2\/posts"}],"about":[{"href":"https:\/\/www.vispronet.de\/blog\/wp-json\/wp\/v2\/types\/post"}],"author":[{"embeddable":true,"href":"https:\/\/www.vispronet.de\/blog\/wp-json\/wp\/v2\/users\/27"}],"replies":[{"embeddable":true,"href":"https:\/\/www.vispronet.de\/blog\/wp-json\/wp\/v2\/comments?post=27334"}],"version-history":[{"count":93,"href":"https:\/\/www.vispronet.de\/blog\/wp-json\/wp\/v2\/posts\/27334\/revisions"}],"predecessor-version":[{"id":27718,"href":"https:\/\/www.vispronet.de\/blog\/wp-json\/wp\/v2\/posts\/27334\/revisions\/27718"}],"wp:featuredmedia":[{"embeddable":true,"href":"https:\/\/www.vispronet.de\/blog\/wp-json\/wp\/v2\/media\/27348"}],"wp:attachment":[{"href":"https:\/\/www.vispronet.de\/blog\/wp-json\/wp\/v2\/media?parent=27334"}],"wp:term":[{"taxonomy":"category","embeddable":true,"href":"https:\/\/www.vispronet.de\/blog\/wp-json\/wp\/v2\/categories?post=27334"},{"taxonomy":"post_tag","embeddable":true,"href":"https:\/\/www.vispronet.de\/blog\/wp-json\/wp\/v2\/tags?post=27334"}],"curies":[{"name":"wp","href":"https:\/\/api.w.org\/{rel}","templated":true}]}}