{"id":5133,"date":"2020-07-29T14:00:00","date_gmt":"2020-07-29T12:00:00","guid":{"rendered":"https:\/\/www.vispronet.de\/blog\/?p=5133"},"modified":"2021-08-11T07:25:04","modified_gmt":"2021-08-11T05:25:04","slug":"urlaub-zu-hause-produkte-fuer-die-sommerzeit","status":"publish","type":"post","link":"https:\/\/www.vispronet.de\/blog\/urlaub-zu-hause-produkte-fuer-die-sommerzeit\/","title":{"rendered":"Urlaub zu Hause \u2013 Produkte f\u00fcr die Sommerzeit"},"content":{"rendered":"\n<p>Wie sehen denn eure Urlaubspl\u00e4ne in diesem Jahr aus? F\u00fcr viele unter uns wohl anders als urspr\u00fcnglich gedacht. Corona hat so manche Urlaubspl\u00e4ne kr\u00e4ftig durcheinander gewirbelt. Statt Flugreise in die weite Ferne ist die Wahl in diesem Jahr auf heimatliche Ziele gefallen. Der eine oder andere hat sich vielleicht auch f\u00fcr den <strong>Urlaub zu Hause<\/strong> entschieden. F\u00fcr alle Balkonien-Urlauber, Schreber-G\u00e4rtner und &#8222;Zu-Hause-ist-doch-am-Sch\u00f6nsten&#8220;-Fans haben wir acht coole Tipps f\u00fcr die Gestaltung der <strong>Sch\u00f6nsten Zeit des Jahres<\/strong>.<\/p>\n\n\n\n<ul class=\"index wp-block-list\"><li><a href=\"#urlaub1\">Ein Fr\u00fchst\u00fcckstisch mit Paris-Charme<\/a><\/li><li><a href=\"#urlaub2\">Urlaubsfeeling \u2013 wen st\u00f6rt da schon ein wenig Wind?<\/a><\/li><li><a href=\"#urlaub3\">Gartenzeit im Urlaub zu Hause<\/a><\/li><li><a href=\"#urlaub4\">Soccertime f\u00fcr kleine und gro\u00dfe Urlauber<\/a><\/li><li><a href=\"#urlaub5\">Ganz ungest\u00f6rt beim &#8222;Spanischen Abend&#8220;<\/a><\/li><li><a href=\"#urlaub6\">Relaxen mit aufblasbaren M\u00f6beln<\/a><\/li><li><a href=\"#urlaub7\">Bleibende Erinnerungen an einen Urlaub zu Hause<\/a><\/li><li><a href=\"#urlaub8\">Ein ganz besonderer Tag geht zu Ende<\/a><\/li><\/ul>\n\n\n\n<h2 class=\"wp-block-heading\" id=\"urlaub1\">Ein Fr\u00fchst\u00fcckstisch mit Paris-Charme<\/h2>\n\n\n\n<p>Zugegeben ich bin nicht gerade ein Sportfreak und die Joggingrunde am Morgen ist so gar nicht mein Ding. Da ziehe ich mir ein gem\u00fctliches Fr\u00fchst\u00fcck auf meinem Balkon schon vor. Geht euch das auch so? Damit ihr auch wirklich in die richtige Urlaubsstimmung kommt, macht das Fr\u00fchst\u00fcck doch zum ersten Event des Tages!<\/p>\n\n\n\n<p>Wie w\u00e4re es zum Beispiel mit einem franz\u00f6sischen Fr\u00fchst\u00fcck? Traditionell wird in s\u00fcdlichen L\u00e4ndern morgens nicht so \u00fcppig gegessen wie in Deutschland. Die Franzosen entscheiden sich zumeist f\u00fcr ein s\u00fc\u00dfes Geb\u00e4ck wie Croissant, pur oder mit Schokocreme gef\u00fcllt. Auch Brioche oder Baguette mit Marmelade werden gern genommen. Dazu gibt es einen Kaffee mit viel Milch \u2013 den typischen Cafe au lait. Franzosen trinken diesen Milchkaffee \u00fcbrigens nicht aus der Tasse, sondern aus einer Bowl, einer Art Sch\u00fcssel.<\/p>\n\n\n\n<div class=\"wp-block-media-text alignwide is-stacked-on-mobile is-vertically-aligned-top\"><figure class=\"wp-block-media-text__media\"><a href=\"https:\/\/www.vispronet.de\/blog\/wp-content\/uploads\/tischdecke-urlaub-frankreich.jpg\" data-rel=\"lightbox-image-0\" data-magnific_type=\"image\" data-rl_title=\"Tischdecke, rund, mit Motiv &quot;Eiffelturm&quot;\" data-rl_caption=\"\" title=\"Tischdecke, rund, mit Motiv &quot;Eiffelturm&quot;\"><img decoding=\"async\" src=\"https:\/\/www.vispronet.de\/blog\/wp-content\/uploads\/tischdecke-urlaub-frankreich.jpg\" alt=\"Tischdecke rund mit Paris Motiv\" class=\"wp-image-5151 size-full\"\/><\/a><\/figure><div class=\"wp-block-media-text__content\">\n<p class=\"has-normal-font-size\">Wie w\u00e4re es denn mit einer passenden <a href=\"https:\/\/www.vispronet.de\/eventausstattung-freizeit\/tischdecken-hussen\/\" target=\"_blank\" rel=\"noreferrer noopener\">Tischdecke<\/a> zu eurem franz\u00f6sischen Fr\u00fchst\u00fcck? M\u00f6gt ihr die Farben der Tricolore und dazu noch den Eiffelturm? Dann f\u00fchlt ihr euch doch schon fast so, als w\u00fcrdet ihr in einem kleinen Stra\u00dfencafe in Paris sitzen.<\/p>\n<\/div><\/div>\n\n\n\n<h2 class=\"wp-block-heading\" id=\"urlaub2\">Urlaubsfeeling \u2013 wen st\u00f6rt da schon ein wenig Wind?<\/h2>\n\n\n\n<p>Nach eurem entspannten Start in den Tag w\u00e4re dann wohl doch mal etwas Bewegung f\u00e4llig. Also schwingt euch aufs Rad und ab ins Freibad. Mit einem <a href=\"https:\/\/www.vispronet.de\/sonnenschirme-sichtschutz\/wind-und-sichtschutz\/\" target=\"_blank\" aria-label=\"undefined (opens in a new tab)\" rel=\"noreferrer noopener\">Wind- und Sichtschutz<\/a> k\u00f6nnt ihr euch euer kleines Reich auf der gro\u00dfen Liegewiese abgrenzen und ein k\u00fchler Wind st\u00f6rt euch nicht. Das funktioniert nat\u00fcrlich auch an der Ostsee oder dem Baggersee. Mit dem richtigen Motiv bedruckt, gibt es doch gleich ein wenig Karibikfeeling.<\/p>\n\n\n\n<h2 class=\"wp-block-heading\" id=\"urlaub3\">Gartenzeit im Urlaub zu Hause<\/h2>\n\n\n\n<div class=\"wp-block-media-text alignwide has-media-on-the-right is-stacked-on-mobile is-vertically-aligned-top\"><figure class=\"wp-block-media-text__media\"><a href=\"https:\/\/www.vispronet.de\/blog\/wp-content\/uploads\/liegestuhl-garten.jpg\" data-rel=\"lightbox-image-1\" data-magnific_type=\"image\" data-rl_title=\"Liegestuhl, Holz mit eigenem Motiv, Urlaub im Garten\" data-rl_caption=\"\" title=\"Liegestuhl, Holz mit eigenem Motiv, Urlaub im Garten\"><img loading=\"lazy\" decoding=\"async\" width=\"1000\" height=\"667\" src=\"https:\/\/www.vispronet.de\/blog\/wp-content\/uploads\/liegestuhl-garten.jpg\" alt=\"Liegestuhl individuell bedruckt mit Familienfotos\" class=\"wp-image-5157 size-full\" srcset=\"https:\/\/www.vispronet.de\/blog\/wp-content\/uploads\/liegestuhl-garten.jpg 1000w, https:\/\/www.vispronet.de\/blog\/wp-content\/uploads\/liegestuhl-garten-768x512.jpg 768w, https:\/\/www.vispronet.de\/blog\/wp-content\/uploads\/liegestuhl-garten-300x200.jpg 300w, https:\/\/www.vispronet.de\/blog\/wp-content\/uploads\/liegestuhl-garten-440x293.jpg 440w\" sizes=\"auto, (max-width: 1000px) 100vw, 1000px\" \/><\/a><\/figure><div class=\"wp-block-media-text__content\">\n<p class=\"has-normal-font-size\">Am Nachmittag geht\u2019s zur\u00fcck in den eigenen Garten. In deinem ganz pers\u00f6nlichen <a href=\"https:\/\/www.vispronet.de\/eventausstattung-freizeit\/sitzelemente\/freizeitstuehle\/\" target=\"_blank\" rel=\"noreferrer noopener\">Liegestuhl <\/a>hast du Zeit f\u00fcr das vor kurzem gekaufte Buch. Welchen Lesestoff bevorzugt ihr? Gruselt ihr euch lieber bei einem Stephen King Roman oder liebt ihr die romantischen Ge\u00adschichten von Jojo Moyes?<\/p>\n<\/div><\/div>\n\n\n\n<p>Wenn die Sonne doch etwas zu sehr brennt, dann greift zum Schatten spendenden <a aria-label=\"undefined (opens in a new tab)\" href=\"https:\/\/www.vispronet.de\/sonnenschirme-sichtschutz\/kleinschirme-bis-2-5-m\/\" target=\"_blank\" rel=\"noreferrer noopener\">Gartenschirm<\/a>. Vielleicht mit schickem Lavendel-Motiv aus unserem Designtool?&nbsp; Die Toskana l\u00e4sst gr\u00fc\u00dfen. Ja und so einen Sonnenschirm hat dann wohl auch kein Zweiter in eurer Gegend.<br>Nat\u00fcrlich sind unsere Cliparts und Fotos f\u00fcr dich kostenlos.<\/p>\n\n\n\n<div class=\"wp-block-image\"><figure class=\"aligncenter size-large\"><img loading=\"lazy\" decoding=\"async\" width=\"800\" height=\"534\" src=\"https:\/\/www.vispronet.de\/blog\/wp-content\/uploads\/designtool-motiv-lavendel.gif\" alt=\"Designtool Motivauswahl Lavendel\" class=\"wp-image-5233\"\/><figcaption>Designtool Motivauswahl Lavendel<\/figcaption><\/figure><\/div>\n\n\n\n<h2 class=\"wp-block-heading\" id=\"urlaub4\">Soccertime f\u00fcr kleine und gro\u00dfe Urlauber<\/h2>\n\n\n\n<div class=\"wp-block-media-text alignwide is-stacked-on-mobile is-vertically-aligned-top\"><figure class=\"wp-block-media-text__media\"><a href=\"https:\/\/www.vispronet.de\/blog\/wp-content\/uploads\/torwand-garten.jpg\" data-rel=\"lightbox-image-2\" data-magnific_type=\"image\" data-rl_title=\"Fu\u00dfballtor mit auswechselbarer Torwand\" data-rl_caption=\"\" title=\"Fu\u00dfballtor mit auswechselbarer Torwand\"><img loading=\"lazy\" decoding=\"async\" width=\"1000\" height=\"667\" src=\"https:\/\/www.vispronet.de\/blog\/wp-content\/uploads\/torwand-garten.jpg\" alt=\"Fu\u00dfballtor mit Sommer Bespannung\" class=\"wp-image-5163 size-full\" srcset=\"https:\/\/www.vispronet.de\/blog\/wp-content\/uploads\/torwand-garten.jpg 1000w, https:\/\/www.vispronet.de\/blog\/wp-content\/uploads\/torwand-garten-768x512.jpg 768w, https:\/\/www.vispronet.de\/blog\/wp-content\/uploads\/torwand-garten-300x200.jpg 300w, https:\/\/www.vispronet.de\/blog\/wp-content\/uploads\/torwand-garten-440x293.jpg 440w\" sizes=\"auto, (max-width: 1000px) 100vw, 1000px\" \/><\/a><\/figure><div class=\"wp-block-media-text__content\">\n<p class=\"has-normal-font-size\">Eure Kinder oder kleinen Geschwister werden langsam \u00fcberm\u00fctig? Dann brauchen sie wohl etwas Bewegung! Schlie\u00dflich sind die Sommerferien auch Zeit zum austoben. Schnell die Sportschuh angezogen und noch eine Runde gebolzt. Das <a aria-label=\"undefined (opens in a new tab)\" href=\"https:\/\/www.vispronet.de\/eventausstattung-freizeit\/wohnen-lifestyle\/fussballtor-mit-torwand\/\" target=\"_blank\" rel=\"noreferrer noopener\">Fu\u00dfballtor<\/a> mit der abnehmbaren <strong>Torwand <\/strong>ist gerade richtig f\u00fcr ein Spiel. Irgendwann sind auch die gr\u00f6\u00dften Fu\u00dfballer m\u00fcde. Zeit sich um das Abendessen zu k\u00fcmmern.<\/p>\n<\/div><\/div>\n\n\n\n<h2 class=\"wp-block-heading\" id=\"urlaub5\">Ganz ungest\u00f6rt beim &#8222;Spanischen Abend&#8220;<\/h2>\n\n\n\n<p>Wie w\u00e4re es nach dem franz\u00f6sischen Fr\u00fchst\u00fcck mit einem spanischen Tapas-Essen am Abend? Die Kleinigkeiten gibt es in unz\u00e4hligen Varianten. Backpflaumen mit Serranoschinken umwickelt, Gambas in Knoblauch\u00f6l oder gegrillte Chorizo-Salami z\u00e4hlen genauso dazu wie Oliven und nat\u00fcrlich frisches Wei\u00dfbrot. Zusammen mit einem Glas Wein k\u00f6nnt ihr so ganz gem\u00fctlich sitzen und in Urlaubserinnerungen schwelgen. Die <a aria-label=\"undefined (opens in a new tab)\" href=\"https:\/\/www.vispronet.de\/sonnenschirme-sichtschutz\/seitenmarkise\/\" target=\"_blank\" rel=\"noreferrer noopener\">Seitenmarkise<\/a> sch\u00fctzt euch vor neugierigen Blicken.<\/p>\n\n\n\n<div class=\"wp-block-columns has-infobox-bg-background-color has-background is-layout-flex wp-container-core-columns-is-layout-9d6595d7 wp-block-columns-is-layout-flex\">\n<div class=\"wp-block-column is-vertically-aligned-center is-layout-flow wp-block-column-is-layout-flow\" style=\"flex-basis:10%\"><style>.kt-svg-icons_3637dc-b0 .kt-svg-item-0 .kb-svg-icon-wrap{color:rgb(0, 98, 161);font-size:50px;}.wp-block-kadence-icon.kt-svg-icons_3637dc-b0{justify-content:center;}<\/style>\n<div class=\"wp-block-kadence-icon kt-svg-icons kt-svg-icons_3637dc-b0 aligncenter\" style=\"text-align:center\"><div class=\"kt-svg-style-default kt-svg-icon-wrap kt-svg-item-0\"><div style=\"display:inline-flex;justify-content:center;align-items:center;color:rgb(0, 98, 161)\" class=\"kt-svg-icon kt-svg-icon-fas_info-circle\"><svg style=\"display:inline-block;vertical-align:middle\" viewbox=\"0 0 512 512\" height=\"50\" width=\"50\" fill=\"currentColor\" xmlns=\"http:\/\/www.w3.org\/2000\/svg\"><path d=\"M256 8C119.043 8 8 119.083 8 256c0 136.997 111.043 248 248 248s248-111.003 248-248C504 119.083 392.957 8 256 8zm0 110c23.196 0 42 18.804 42 42s-18.804 42-42 42-42-18.804-42-42 18.804-42 42-42zm56 254c0 6.627-5.373 12-12 12h-88c-6.627 0-12-5.373-12-12v-24c0-6.627 5.373-12 12-12h12v-64h-12c-6.627 0-12-5.373-12-12v-24c0-6.627 5.373-12 12-12h64c6.627 0 12 5.373 12 12v100h12c6.627 0 12 5.373 12 12v24z\"><\/path><\/svg><\/div><\/div><\/div>\n<\/div>\n\n\n\n<div class=\"wp-block-column is-layout-flow wp-block-column-is-layout-flow\" style=\"flex-basis:90%\">\n<p><a href=\"https:\/\/www.vispronet.de\/blog\/nachhaltigkeit-in-der-werbung\/\">Wie funktioniert Nachhaltigkeit in der Werbung<\/a>? Wir haben uns Gedanken gemacht. Beachflags, Werbefahnen und Spannb\u00e4nder mit individuellen Drucken erhaltet ihr in unserer <a href=\"https:\/\/www.vispronet.de\/\" target=\"_blank\" rel=\"noreferrer noopener\">Online Druckerei<\/a> nun auch aus 100 % Recyclingmaterial Multiflag<sup>\u00ae<\/sup>&nbsp;GREEN Plus.<\/p>\n<\/div>\n<\/div>\n\n\n\n<h2 class=\"wp-block-heading\" id=\"urlaub6\">Relaxen mit aufblasbaren M\u00f6beln<\/h2>\n\n\n\n<div class=\"wp-block-media-text alignwide has-media-on-the-right is-stacked-on-mobile is-vertically-aligned-top\"><figure class=\"wp-block-media-text__media\"><a href=\"https:\/\/www.vispronet.de\/blog\/wp-content\/uploads\/sessel-air-drink.jpg\" data-rel=\"lightbox-image-3\" data-magnific_type=\"image\" data-rl_title=\"Sessel Air, aufblasbare Sitzelemente\" data-rl_caption=\"\" title=\"Sessel Air, aufblasbare Sitzelemente\"><img loading=\"lazy\" decoding=\"async\" width=\"1000\" height=\"666\" src=\"https:\/\/www.vispronet.de\/blog\/wp-content\/uploads\/sessel-air-drink.jpg\" alt=\"Aufblasbarer Sessel\" class=\"wp-image-5181 size-full\" srcset=\"https:\/\/www.vispronet.de\/blog\/wp-content\/uploads\/sessel-air-drink.jpg 1000w, https:\/\/www.vispronet.de\/blog\/wp-content\/uploads\/sessel-air-drink-768x511.jpg 768w, https:\/\/www.vispronet.de\/blog\/wp-content\/uploads\/sessel-air-drink-300x200.jpg 300w, https:\/\/www.vispronet.de\/blog\/wp-content\/uploads\/sessel-air-drink-440x293.jpg 440w\" sizes=\"auto, (max-width: 1000px) 100vw, 1000px\" \/><\/a><\/figure><div class=\"wp-block-media-text__content\">\n<p class=\"has-normal-font-size\">Vielleicht besuchen euch am Abend noch einige Freunde. Selbst gemachte Cocktails erinnern an die Hotelbar im letzten Griechenland-Urlaub. Wenn die St\u00fchle dann mal wieder nicht reichen, schaffen die <a href=\"https:\/\/www.vispronet.de\/eventausstattung-freizeit\/sitzelemente\/aufblasbar\/\" target=\"_blank\" rel=\"noreferrer noopener\">aufblasbaren Sitzelemente<\/a> schnell Abhilfe. Ob als Hocker, Sessel oder Couch sind sie mit einer manuellen oder elektrischen Luftpumpe schnell einsatzbereit. Wenn ihr sie nicht mehr ben\u00f6tigt, machen sie sich ohne Luft ganz klein in eurer Abstellkammer oder auf dem Schrank.<\/p>\n<\/div><\/div>\n\n\n\n<h2 class=\"wp-block-heading\" id=\"urlaub7\">Bleibende Erinnerungen an einen Urlaub zu Hause<\/h2>\n\n\n\n<p>Sicher kennt ihr das, euer Smartphone ist immer griffbereit und fix noch einen Schnappschuss gemacht. Irgendwann ist die Galerie so un\u00fcbersichtlich, das ihr gar nichts mehr findet. Nehmt euch die Zeit, schaut die Fotos des Tages entspannt noch einmal an und sicher findet ihr ein ganz besonders tolles Motiv. Als bleibende Erinnerung an einen au\u00dfergew\u00f6hnlichen Urlaubstag k\u00f6nnte es doch seinen Platz in eurer Wohnung finden, meint ihr nicht auch? Wie w\u00e4re es mit einer schicken <a aria-label=\"undefined (opens in a new tab)\" href=\"https:\/\/www.vispronet.de\/eventausstattung-freizeit\/poster\/foto-leinwand-mit-keilrahmen\/\" target=\"_blank\" rel=\"noreferrer noopener\">Fotoleinwand<\/a> oder einem stylischen <a aria-label=\"undefined (opens in a new tab)\" href=\"https:\/\/www.vispronet.de\/eventausstattung-freizeit\/poster\/auf-aluminium-silber-geburstet\/\" target=\"_blank\" rel=\"noreferrer noopener\">Poster auf geb\u00fcrstetem Aluminium<\/a>?<br>Gestalte deine pers\u00f6nlichen Fotoprodukte ganz ohne grafische Kenntnisse in unserem Designtool.<\/p>\n\n\n\n<h2 class=\"wp-block-heading\" id=\"urlaub8\">Ein ganz besonderer Tag geht zu Ende<\/h2>\n\n\n\n<p>F\u00fchlt euch ganz relaxt und lasst den Zu-Hause-Urlaubstag entspannt ausklingen.<br>Wenn ihr den Tag noch ganz stilecht beenden wollt, dann ist vielleicht die <a href=\"https:\/\/www.vispronet.de\/eventausstattung-freizeit\/wohnen-lifestyle\/fotobettwaesche\/\">Fotobettw\u00e4sche<\/a> aus hautfreundlicher Baumwolle euer Begleiter ins Reich der Tr\u00e4ume.<\/p>\n\n\n\n<p>Mein Fazit: Wie ihr seht, k\u00f6nnt ihr euch euren <strong>Urlaub zu Hause<\/strong>, egal ob im Garten oder auf Balkonien, so richtig schick und erholsam machen. Schwelgt in Erinnerungen oder freut euch auf zuk\u00fcnftige Reisen und vielleicht &nbsp;findet ihr Gefallen am <strong>Zu-Hause-Urlaub<\/strong>. Unsere <a href=\"https:\/\/www.vispronet.de\/\" target=\"_blank\" rel=\"noreferrer noopener\">Druckerei<\/a> liefert euch die richtigen Accessoires, die ihr alle ganz individuell nach euren Vorstellungen gestalten k\u00f6nnt. <br>Schaut doch mal rein, bestimmt findet ihr noch weitere Produkte f\u00fcr <a href=\"\/eventausstattung-freizeit\/wohnen-lifestyle\/\" target=\"_blank\" rel=\"noreferrer noopener\">Wohnen &amp; Lifestyle<\/a>, die zu euch passen!<\/p>\n\n\n<style>.kt-svg-icons_a24316-72 .kt-svg-item-0 .kb-svg-icon-wrap{color:rgb(0, 98, 161);font-size:50px;}.wp-block-kadence-icon.kt-svg-icons_a24316-72{justify-content:center;}<\/style>\n<div class=\"wp-block-kadence-icon kt-svg-icons kt-svg-icons_a24316-72 aligncenter\" style=\"text-align:center\"><div class=\"kt-svg-style-default kt-svg-icon-wrap kt-svg-item-0\"><a href=\"https:\/\/www.vispronet.de\/blog\/trendprodukt-fussmatte\/\" class=\"kt-svg-icon-link\" target=\"_blank\" rel=\"noopener noreferrer\"><div style=\"display:inline-flex;justify-content:center;align-items:center;color:rgb(0, 98, 161)\" class=\"kt-svg-icon kt-svg-icon-fas_info-circle\"><svg style=\"display:inline-block;vertical-align:middle\" viewbox=\"0 0 512 512\" height=\"50\" width=\"50\" fill=\"currentColor\" xmlns=\"http:\/\/www.w3.org\/2000\/svg\"><path d=\"M256 8C119.043 8 8 119.083 8 256c0 136.997 111.043 248 248 248s248-111.003 248-248C504 119.083 392.957 8 256 8zm0 110c23.196 0 42 18.804 42 42s-18.804 42-42 42-42-18.804-42-42 18.804-42 42-42zm56 254c0 6.627-5.373 12-12 12h-88c-6.627 0-12-5.373-12-12v-24c0-6.627 5.373-12 12-12h12v-64h-12c-6.627 0-12-5.373-12-12v-24c0-6.627 5.373-12 12-12h64c6.627 0 12 5.373 12 12v100h12c6.627 0 12 5.373 12 12v24z\"><\/path><\/svg><\/div><\/a><\/div><\/div>\n\n\n\n<p>Kennt ihr schon unsere stylischen <a href=\"https:\/\/www.vispronet.de\/blog\/trendprodukt-fussmatte\/\" target=\"_blank\" rel=\"noreferrer noopener\">Fu\u00dfmatten<\/a>? Wir zeigen euch, wo sie \u00fcberall zum Einsatz kommen. Einfach rein schauen.<\/p>\n","protected":false},"excerpt":{"rendered":"<p>F\u00fcr alle Balkonien-Urlauber, Schreber-G\u00e4rtner und &#8222;Zu-Hause-ist-doch-am-Sch\u00f6nsten&#8220;-Fans haben wir einige Tipps zusammengestellt, damit der Urlaub zu Hause entspannt und erholsam wird.<\/p>\n","protected":false},"author":27,"featured_media":5147,"comment_status":"open","ping_status":"open","sticky":false,"template":"","format":"standard","meta":{"footnotes":""},"categories":[71],"tags":[363,371,335,373,365,353,339,349,369,357,345,359,361,337,333,351,341,355,375,327,329,343,347,331],"class_list":["post-5133","post","type-post","status-publish","format-standard","has-post-thumbnail","hentry","category-creative","tag-aufblasbare-sitzelemente","tag-bettwaesche","tag-ferienzeit","tag-fotobettwaesche","tag-fotoleinwand","tag-fussballtor","tag-gartenprodukte","tag-liegestuhl","tag-poster","tag-seitenmarkise","tag-sichtschutz","tag-sitzelemente","tag-sitzelemente-aufblasbar","tag-sommerprodukte","tag-sommerzeit","tag-sonnenschirm","tag-tischdecke","tag-torwand","tag-urlaub","tag-urlaub-zu-hause","tag-urlaubszeit","tag-wind-und-sichtschutz","tag-windschutz","tag-zu-hause"],"_links":{"self":[{"href":"https:\/\/www.vispronet.de\/blog\/wp-json\/wp\/v2\/posts\/5133","targetHints":{"allow":["GET"]}}],"collection":[{"href":"https:\/\/www.vispronet.de\/blog\/wp-json\/wp\/v2\/posts"}],"about":[{"href":"https:\/\/www.vispronet.de\/blog\/wp-json\/wp\/v2\/types\/post"}],"author":[{"embeddable":true,"href":"https:\/\/www.vispronet.de\/blog\/wp-json\/wp\/v2\/users\/27"}],"replies":[{"embeddable":true,"href":"https:\/\/www.vispronet.de\/blog\/wp-json\/wp\/v2\/comments?post=5133"}],"version-history":[{"count":7,"href":"https:\/\/www.vispronet.de\/blog\/wp-json\/wp\/v2\/posts\/5133\/revisions"}],"predecessor-version":[{"id":13785,"href":"https:\/\/www.vispronet.de\/blog\/wp-json\/wp\/v2\/posts\/5133\/revisions\/13785"}],"wp:featuredmedia":[{"embeddable":true,"href":"https:\/\/www.vispronet.de\/blog\/wp-json\/wp\/v2\/media\/5147"}],"wp:attachment":[{"href":"https:\/\/www.vispronet.de\/blog\/wp-json\/wp\/v2\/media?parent=5133"}],"wp:term":[{"taxonomy":"category","embeddable":true,"href":"https:\/\/www.vispronet.de\/blog\/wp-json\/wp\/v2\/categories?post=5133"},{"taxonomy":"post_tag","embeddable":true,"href":"https:\/\/www.vispronet.de\/blog\/wp-json\/wp\/v2\/tags?post=5133"}],"curies":[{"name":"wp","href":"https:\/\/api.w.org\/{rel}","templated":true}]}}